{"id":3411,"date":"2023-06-06T07:30:11","date_gmt":"2023-06-06T11:30:11","guid":{"rendered":"https:\/\/elmundodelapolitica.com\/v1\/?p=3411"},"modified":"2023-06-06T07:30:11","modified_gmt":"2023-06-06T11:30:11","slug":"reitera-copardom-compromiso-con-sistema-pensiones","status":"publish","type":"post","link":"https:\/\/elmundodelapolitica.com\/v1\/reitera-copardom-compromiso-con-sistema-pensiones\/","title":{"rendered":"Reitera Copardom compromiso con sistema pensiones"},"content":{"rendered":"<div>\n<p><strong>Santo Domingo, R. D.\u00a0<\/strong>\u00a0Junio 2023<strong>.-\u00a0<\/strong>La presidenta de la Confederaci\u00f3n Patronal de la Rep\u00fablica Dominicana (Copardom), Laura Pe\u00f1a Izquierdo, reiter\u00f3 el compromiso de esa agrupaci\u00f3n de empleadores con el fortalecimiento del Sistema Dominicano de Seguridad Social y destac\u00f3 los m\u00e1s 325 mil beneficiados con recursos econ\u00f3micos por concepto de ingresos tard\u00edo, herencias, pensiones por edad avanzada, vejez anticipada, sobrevivencia y discapacidad.<\/p>\n<figure class=\"wp-block-image size-full\"><img data-attachment-id=\"28600\" data-permalink=\"https:\/\/elmundodelosnegocios.com.do\/v1\/index.php\/2023\/06\/06\/reitera-copardom-compromiso-con-sistema-pensiones\/foto-1-pedro-rodriguez-joan-henriquez-laura-pena-izquierdo-y-juan-manuel-perez\/\" data-orig-file=\"https:\/\/i0.wp.com\/elmundodelosnegocios.com.do\/v1\/wp-content\/uploads\/2023\/06\/Foto-1-Pedro-Rodriguez-Joan-Henriquez-Laura-Pena-Izquierdo-y-Juan-Manuel-Perez..jpg?fit=999%2C608&amp;ssl=1\" data-orig-size=\"999,608\" data-comments-opened=\"0\" data-image-meta='{\"aperture\":\"2.5\",\"credit\":\"Carlos H. Brito R.\",\"camera\":\"NIKON D7200\",\"caption\":\"\",\"created_timestamp\":\"1685632474\",\"copyright\":\"Carlos H.Brito R.\",\"focal_length\":\"20\",\"iso\":\"500\",\"shutter_speed\":\"0.016666666666667\",\"title\":\"\",\"orientation\":\"1\"}' data-image-title=\"Foto-1-Pedro-Rodriguez-Joan-Henriquez-Laura-Pena-Izquierdo-y-Juan-Manuel-Perez.\" data-image-description=\"&lt;p&gt;Desde la izquierda, Pedro Rodr\u00edguez, director ejecutivo de la Copardom; Joan Henr\u00edquez, coordinador administrativo y financiero de la Superintendencia de Pensiones; Laura Pe\u00f1a Izquierdo, presidenta de la Copardom y Juan Manuel P\u00e9rez, asesor del superintendente para Proyectos Especiales.&lt;\/p&gt;\n\" data-image-caption=\"&lt;p&gt;Desde la izquierda, Pedro Rodr\u00edguez, director ejecutivo de la Copardom; Joan Henr\u00edquez, coordinador administrativo y financiero de la Superintendencia de Pensiones; Laura Pe\u00f1a Izquierdo, presidenta de la Copardom y Juan Manuel P\u00e9rez, asesor del superintendente para Proyectos Especiales.&lt;\/p&gt;\n\" data-medium-file=\"https:\/\/i0.wp.com\/elmundodelosnegocios.com.do\/v1\/wp-content\/uploads\/2023\/06\/Foto-1-Pedro-Rodriguez-Joan-Henriquez-Laura-Pena-Izquierdo-y-Juan-Manuel-Perez..jpg?fit=300%2C183&amp;ssl=1\" data-large-file=\"https:\/\/i0.wp.com\/elmundodelosnegocios.com.do\/v1\/wp-content\/uploads\/2023\/06\/Foto-1-Pedro-Rodriguez-Joan-Henriquez-Laura-Pena-Izquierdo-y-Juan-Manuel-Perez..jpg?fit=999%2C608&amp;ssl=1\" decoding=\"async\" loading=\"lazy\" width=\"999\" height=\"608\" src=\"https:\/\/i0.wp.com\/elmundodelosnegocios.com.do\/v1\/wp-content\/uploads\/2023\/06\/Foto-1-Pedro-Rodriguez-Joan-Henriquez-Laura-Pena-Izquierdo-y-Juan-Manuel-Perez..jpg?resize=999,608&amp;ssl=1\" alt=\"\" class=\"wp-image-28600\" srcset=\"https:\/\/i0.wp.com\/elmundodelosnegocios.com.do\/v1\/wp-content\/uploads\/2023\/06\/Foto-1-Pedro-Rodriguez-Joan-Henriquez-Laura-Pena-Izquierdo-y-Juan-Manuel-Perez..jpg?w=999&amp;ssl=1 999w, https:\/\/i0.wp.com\/elmundodelosnegocios.com.do\/v1\/wp-content\/uploads\/2023\/06\/Foto-1-Pedro-Rodriguez-Joan-Henriquez-Laura-Pena-Izquierdo-y-Juan-Manuel-Perez..jpg?resize=300%2C183&amp;ssl=1 300w, https:\/\/i0.wp.com\/elmundodelosnegocios.com.do\/v1\/wp-content\/uploads\/2023\/06\/Foto-1-Pedro-Rodriguez-Joan-Henriquez-Laura-Pena-Izquierdo-y-Juan-Manuel-Perez..jpg?resize=768%2C467&amp;ssl=1 768w\" sizes=\"auto, (max-width: 999px) 100vw, 999px\" data-recalc-dims=\"1\"><figcaption class=\"wp-element-caption\">Desde la izquierda, Pedro Rodr\u00edguez, director ejecutivo de la Copardom; Joan Henr\u00edquez, coordinador administrativo y financiero de la Superintendencia de Pensiones; Laura Pe\u00f1a Izquierdo, presidenta de la Copardom y Juan Manuel P\u00e9rez, asesor del superintendente para Proyectos Especiales.<\/figcaption><\/figure>\n<p>La dirigente empresarial intervino en un encuentro-taller sobre pensiones que auspici\u00f3 la Copardom, con representantes de m\u00e1s de 70 empresas, coordinado con la Superintendencia de Pensiones (Sipen), en la torre de la Asociaci\u00f3n de Industrias, e impartido por Juan Manuel P\u00e9rez, asesor del Superintendente para Proyectos Especiales.<\/p>\n<figure class=\"wp-block-image size-full\"><img data-attachment-id=\"28601\" data-permalink=\"https:\/\/elmundodelosnegocios.com.do\/v1\/index.php\/2023\/06\/06\/reitera-copardom-compromiso-con-sistema-pensiones\/foto-3-vista-parcial-del-publico\/\" data-orig-file=\"https:\/\/i0.wp.com\/elmundodelosnegocios.com.do\/v1\/wp-content\/uploads\/2023\/06\/Foto-3-Vista-parcial-del-publico..jpg?fit=1000%2C667&amp;ssl=1\" data-orig-size=\"1000,667\" data-comments-opened=\"0\" data-image-meta='{\"aperture\":\"2.8\",\"credit\":\"Carlos H. Brito R.\",\"camera\":\"NIKON D7200\",\"caption\":\"\",\"created_timestamp\":\"1685633086\",\"copyright\":\"Carlos H.Brito R.\",\"focal_length\":\"28\",\"iso\":\"500\",\"shutter_speed\":\"0.01\",\"title\":\"\",\"orientation\":\"1\"}' data-image-title=\"Foto-3-Vista-parcial-del-publico.\" data-image-description=\"\" data-image-caption=\"\" data-medium-file=\"https:\/\/i0.wp.com\/elmundodelosnegocios.com.do\/v1\/wp-content\/uploads\/2023\/06\/Foto-3-Vista-parcial-del-publico..jpg?fit=300%2C200&amp;ssl=1\" data-large-file=\"https:\/\/i0.wp.com\/elmundodelosnegocios.com.do\/v1\/wp-content\/uploads\/2023\/06\/Foto-3-Vista-parcial-del-publico..jpg?fit=1000%2C667&amp;ssl=1\" decoding=\"async\" loading=\"lazy\" width=\"1000\" height=\"667\" src=\"https:\/\/i0.wp.com\/elmundodelosnegocios.com.do\/v1\/wp-content\/uploads\/2023\/06\/Foto-3-Vista-parcial-del-publico..jpg?resize=1000,667&amp;ssl=1\" alt=\"\" class=\"wp-image-28601\" srcset=\"https:\/\/i0.wp.com\/elmundodelosnegocios.com.do\/v1\/wp-content\/uploads\/2023\/06\/Foto-3-Vista-parcial-del-publico..jpg?w=1000&amp;ssl=1 1000w, https:\/\/i0.wp.com\/elmundodelosnegocios.com.do\/v1\/wp-content\/uploads\/2023\/06\/Foto-3-Vista-parcial-del-publico..jpg?resize=300%2C200&amp;ssl=1 300w, https:\/\/i0.wp.com\/elmundodelosnegocios.com.do\/v1\/wp-content\/uploads\/2023\/06\/Foto-3-Vista-parcial-del-publico..jpg?resize=768%2C512&amp;ssl=1 768w\" sizes=\"auto, (max-width: 1000px) 100vw, 1000px\" data-recalc-dims=\"1\"><figcaption class=\"wp-element-caption\">Vista parcial del p\u00fablico.<\/figcaption><\/figure>\n<p>Pe\u00f1a Izquierdo consider\u00f3 que el reto que presenta el sistema de pensiones es la identificaci\u00f3n de las disposiciones permiten lograr una mayor cobertura a los afiliados y continuar promoviendo el uso de esos fondos en actividades y sectores productivos de alto impacto en el crecimiento del pa\u00eds y la generaci\u00f3n del bienestar.<\/p>\n<p>La presidenta de la Copardom precis\u00f3 que \u201cel sistema de pensiones permiti\u00f3 que el seguro previsional, aun presentando oportunidades de mejora, impacte positivamente la econom\u00eda a trav\u00e9s del ahorro interno y contribuyendo a la estabilidad macroecon\u00f3mica que exhibe el pa\u00eds hoy d\u00eda\u201d.<\/p>\n<p>Sobre el objetivo del encuentro-taller, manifest\u00f3 que tuvo como objetivo compartir las estipulaciones del sistema de pensiones, el cual forma parte de un acuerdo de colaboraci\u00f3n entre la Copardom y la Superintendencia de Pensiones (SIPEN), quienes se comprometieron a fomentar y trabajar de manera conjunta para identificar y superar cualquier reto que presente el sistema de pensiones.<\/p>\n<\/div>\n","protected":false},"excerpt":{"rendered":"<p>Santo Domingo, R. D.\u00a0\u00a0Junio 2023.-\u00a0La presidenta de la Confederaci\u00f3n Patronal de la Rep\u00fablica Dominicana (Copardom), Laura Pe\u00f1a Izquierdo, reiter\u00f3 el compromiso de esa agrupaci\u00f3n de empleadores con el fortalecimiento del&hellip; <\/p>\n","protected":false},"author":2,"featured_media":3412,"comment_status":"closed","ping_status":"closed","sticky":false,"template":"","format":"standard","meta":{"fifu_image_url":"https:\/\/i0.wp.com\/elmundodelosnegocios.com.do\/v1\/wp-content\/uploads\/2023\/06\/Foto-1-Pedro-Rodriguez-Joan-Henriquez-Laura-Pena-Izquierdo-y-Juan-Manuel-Perez..jpg?resize=999,608&ssl=1","fifu_image_alt":"Reitera Copardom compromiso con sistema pensiones","footnotes":""},"categories":[63],"tags":[],"class_list":["post-3411","post","type-post","status-publish","format-standard","has-post-thumbnail","hentry","category-actualidad"],"_links":{"self":[{"href":"https:\/\/elmundodelapolitica.com\/v1\/wp-json\/wp\/v2\/posts\/3411","targetHints":{"allow":["GET"]}}],"collection":[{"href":"https:\/\/elmundodelapolitica.com\/v1\/wp-json\/wp\/v2\/posts"}],"about":[{"href":"https:\/\/elmundodelapolitica.com\/v1\/wp-json\/wp\/v2\/types\/post"}],"author":[{"embeddable":true,"href":"https:\/\/elmundodelapolitica.com\/v1\/wp-json\/wp\/v2\/users\/2"}],"replies":[{"embeddable":true,"href":"https:\/\/elmundodelapolitica.com\/v1\/wp-json\/wp\/v2\/comments?post=3411"}],"version-history":[{"count":0,"href":"https:\/\/elmundodelapolitica.com\/v1\/wp-json\/wp\/v2\/posts\/3411\/revisions"}],"wp:featuredmedia":[{"embeddable":true,"href":"https:\/\/elmundodelapolitica.com\/v1\/wp-json\/wp\/v2\/media\/3412"}],"wp:attachment":[{"href":"https:\/\/elmundodelapolitica.com\/v1\/wp-json\/wp\/v2\/media?parent=3411"}],"wp:term":[{"taxonomy":"category","embeddable":true,"href":"https:\/\/elmundodelapolitica.com\/v1\/wp-json\/wp\/v2\/categories?post=3411"},{"taxonomy":"post_tag","embeddable":true,"href":"https:\/\/elmundodelapolitica.com\/v1\/wp-json\/wp\/v2\/tags?post=3411"}],"curies":[{"name":"wp","href":"https:\/\/api.w.org\/{rel}","templated":true}]}}