{"id":3400,"date":"2023-06-06T01:08:08","date_gmt":"2023-06-06T05:08:08","guid":{"rendered":"https:\/\/elmundodelapolitica.com\/v1\/?p=3400"},"modified":"2023-06-06T01:08:08","modified_gmt":"2023-06-06T05:08:08","slug":"industria-peru-2023-concentrara-la-oferta-mas-importante-del-sector-manufacturero-peruano","status":"publish","type":"post","link":"https:\/\/elmundodelapolitica.com\/v1\/industria-peru-2023-concentrara-la-oferta-mas-importante-del-sector-manufacturero-peruano\/","title":{"rendered":"Industria Per\u00fa 2023 concentrar\u00e1 la oferta m\u00e1s importante del sector manufacturero peruano"},"content":{"rendered":"<p>LIMA, Peru&#8211;(BUSINESS WIRE)&#8211;El 6 y 7 de junio, Lima se convertir\u00e1 en el escenario de la plataforma m\u00e1s grande de negocios B2B de proveedores industriales del pa\u00eds sudamericano. La rueda de negocios Industria Per\u00fa, organizada por PROMPER\u00da, ser\u00e1 el punto de encuentro entre compradores internacionales y las micro, peque\u00f1as y medianas empresas peruanas m\u00e1s destacadas , reconocidas por su innovaci\u00f3n, confiabilidad y capacidad productiva.<br \/>\nLa fuerza manufacturera busca posicionar a Per\u00fa como un pa\u00eds capaz de ofrecer una oferta exportable a precios competitivos y con altos est\u00e1ndares de calidad.<br \/>\nEn esta plataforma comercial, los visitantes extranjeros podr\u00e1n explorar una amplia variedad de l\u00edneas de productos, como envases y embalajes, equipamiento para la industria alimentaria, acabados para la construcci\u00f3n, cosm\u00e9tica e ingredientes naturales, material y equipos m\u00e9dicos, as\u00ed como autopartes.<br \/>\nLos participantes internacionales tambi\u00e9n tendr\u00e1n la oportunidad de realizar visitas especializadas a parques industriales y f\u00e1bricas en Lima, Lambayeque, Jun\u00edn y Pasco. En estas, podr\u00e1n adentrarse en los procesos y las cadenas productivas de las empresas nacionales m\u00e1s reconocidas, descubriendo de primera mano c\u00f3mo se gesta su \u00e9xito manufacturero.<br \/>\nPer\u00fa ha demostrado su excepcional capacidad como proveedor internacional de la industria en los \u00faltimos a\u00f1os. En 2022, sus env\u00edos superaron los USD 5 587 millones, registrando un aumento del 22.3 % en comparaci\u00f3n con el per\u00edodo anterior.<br \/>\nM\u00e1s de 4200 empresas de dicho sector exportaron m\u00e1s de 2770 productos a 144 mercados alrededor del mundo, siendo los principales destinos Estados Unidos (USD 1034 millones\/ +31 %), Chile (USD 644 millones \/ +24 %), Colombia (USD 508 millones \/ +3 %), Ecuador (USD 489 millones \/ +26 %) y Bolivia (USD 471 millones \/ +16 %).<br \/>\nLa edici\u00f3n XIV de este evento se llevar\u00e1 a cabo en la Semana de la Industria, organizada por la Sociedad Nacional de Industrias (SNI), y contar\u00e1 con el apoyo del Ministerio de Comercio Exterior y Turismo (MINCETUR), el Ministerio de la Producci\u00f3n (PRODUCE), la C\u00e1mara de Comercio de Lima (CCL) y la Asociaci\u00f3n de Exportadores (ADEX).<br \/>\nConoce a los proveedores peruanos https:\/\/industriaperu.pe\/empresas Contacts<br \/>\njcornejo@promperuext.pe &#8211; +51922483683<\/p>\n","protected":false},"excerpt":{"rendered":"<div>\n<p>LIMA, Peru&#8211;(BUSINESS WIRE)&#8211;El 6 y 7 de junio, Lima se convertir\u00e1 en el escenario de la plataforma m\u00e1s grande de negocios B2B de proveedores industriales del pa\u00eds sudamericano. La rueda de negocios Industria Per\u00fa, organizada por PROMPER\u00da, ser\u00e1 el punto de encuentro entre compradores internacionales y las micro, peque\u00f1as y medianas empresas peruanas m\u00e1s destacadas , reconocidas por su innovaci\u00f3n, confiabilidad y capacidad productiva.<\/p>\n<p><a href=\"https:\/\/mms.businesswire.com\/media\/20230605005835\/es\/1811318\/5\/INDUSTRIA2023.jpg\"><img decoding=\"async\" src=\"https:\/\/mms.businesswire.com\/media\/20230605005835\/es\/1811318\/21\/INDUSTRIA2023.jpg\"><\/a><br \/><a href=\"https:\/\/mms.businesswire.com\/media\/20230605005835\/es\/1811000\/5\/marca_peru.jpg\"><img decoding=\"async\" src=\"https:\/\/mms.businesswire.com\/media\/20230605005835\/es\/1811000\/21\/marca_peru.jpg\"><\/a><\/p>\n<p>\nLa fuerza manufacturera busca posicionar a Per\u00fa como un pa\u00eds capaz de ofrecer una oferta exportable a precios competitivos y con altos est\u00e1ndares de calidad.<\/p>\n<p>\nEn esta plataforma comercial, los visitantes extranjeros podr\u00e1n explorar una amplia variedad de l\u00edneas de productos, como envases y embalajes, equipamiento para la industria alimentaria, acabados para la construcci\u00f3n, cosm\u00e9tica e ingredientes naturales, material y equipos m\u00e9dicos, as\u00ed como autopartes.<\/p>\n<p>\nLos participantes internacionales tambi\u00e9n tendr\u00e1n la oportunidad de realizar visitas especializadas a parques industriales y f\u00e1bricas en Lima, Lambayeque, Jun\u00edn y Pasco. En estas, podr\u00e1n adentrarse en los procesos y las cadenas productivas de las empresas nacionales m\u00e1s reconocidas, descubriendo de primera mano c\u00f3mo se gesta su \u00e9xito manufacturero.<\/p>\n<p>\nPer\u00fa ha demostrado su excepcional capacidad como proveedor internacional de la industria en los \u00faltimos a\u00f1os. En 2022, sus env\u00edos superaron los USD 5 587 millones, registrando un aumento del 22.3 % en comparaci\u00f3n con el per\u00edodo anterior.<\/p>\n<p>\nM\u00e1s de 4200 empresas de dicho sector exportaron m\u00e1s de 2770 productos a 144 mercados alrededor del mundo, siendo los principales destinos Estados Unidos (USD 1034 millones\/ +31 %), Chile (USD 644 millones \/ +24 %), Colombia (USD 508 millones \/ +3 %), Ecuador (USD 489 millones \/ +26 %) y Bolivia (USD 471 millones \/ +16 %).<\/p>\n<p>\nLa edici\u00f3n XIV de este evento se llevar\u00e1 a cabo en la Semana de la Industria, organizada por la Sociedad Nacional de Industrias (SNI), y contar\u00e1 con el apoyo del Ministerio de Comercio Exterior y Turismo (MINCETUR), el Ministerio de la Producci\u00f3n (PRODUCE), la C\u00e1mara de Comercio de Lima (CCL) y la Asociaci\u00f3n de Exportadores (ADEX).<\/p>\n<p>\nConoce a los proveedores peruanos <a target=\"_blank\" href=\"https:\/\/cts.businesswire.com\/ct\/CT?id=smartlink&amp;url=https%3A%2F%2Findustriaperu.pe%2Fempresas&amp;esheet=53413928&amp;newsitemid=20230605005835&amp;lan=es-AR&amp;anchor=https%3A%2F%2Findustriaperu.pe%2Fempresas&amp;index=1&amp;md5=88712f3335b8e6911933fc509c88680d\" rel=\"nofollow noopener\">https:\/\/industriaperu.pe\/empresas<\/a><\/p>\n<p> <b>Contacts<\/b> <\/p>\n<p>\n<a target=\"_blank\" href=\"mailto:jcornejo@promperuext.pe\" rel=\"nofollow noopener\">jcornejo@promperuext.pe<\/a> &#8211; +51922483683<\/p>\n<\/div>\n","protected":false},"author":2,"featured_media":3401,"comment_status":"closed","ping_status":"closed","sticky":false,"template":"","format":"standard","meta":{"fifu_image_url":"https:\/\/mms.businesswire.com\/media\/20230605005835\/es\/1811318\/21\/INDUSTRIA2023.jpg","fifu_image_alt":"Industria Per\u00fa 2023 concentrar\u00e1 la oferta m\u00e1s importante del sector manufacturero peruano","footnotes":""},"categories":[44],"tags":[],"class_list":["post-3400","post","type-post","status-publish","format-standard","has-post-thumbnail","hentry","category-business-wire"],"_links":{"self":[{"href":"https:\/\/elmundodelapolitica.com\/v1\/wp-json\/wp\/v2\/posts\/3400","targetHints":{"allow":["GET"]}}],"collection":[{"href":"https:\/\/elmundodelapolitica.com\/v1\/wp-json\/wp\/v2\/posts"}],"about":[{"href":"https:\/\/elmundodelapolitica.com\/v1\/wp-json\/wp\/v2\/types\/post"}],"author":[{"embeddable":true,"href":"https:\/\/elmundodelapolitica.com\/v1\/wp-json\/wp\/v2\/users\/2"}],"replies":[{"embeddable":true,"href":"https:\/\/elmundodelapolitica.com\/v1\/wp-json\/wp\/v2\/comments?post=3400"}],"version-history":[{"count":0,"href":"https:\/\/elmundodelapolitica.com\/v1\/wp-json\/wp\/v2\/posts\/3400\/revisions"}],"wp:featuredmedia":[{"embeddable":true,"href":"https:\/\/elmundodelapolitica.com\/v1\/wp-json\/wp\/v2\/media\/3401"}],"wp:attachment":[{"href":"https:\/\/elmundodelapolitica.com\/v1\/wp-json\/wp\/v2\/media?parent=3400"}],"wp:term":[{"taxonomy":"category","embeddable":true,"href":"https:\/\/elmundodelapolitica.com\/v1\/wp-json\/wp\/v2\/categories?post=3400"},{"taxonomy":"post_tag","embeddable":true,"href":"https:\/\/elmundodelapolitica.com\/v1\/wp-json\/wp\/v2\/tags?post=3400"}],"curies":[{"name":"wp","href":"https:\/\/api.w.org\/{rel}","templated":true}]}}