{"id":3398,"date":"2023-06-06T01:07:04","date_gmt":"2023-06-06T05:07:04","guid":{"rendered":"https:\/\/elmundodelapolitica.com\/v1\/?p=3398"},"modified":"2023-06-06T01:07:04","modified_gmt":"2023-06-06T05:07:04","slug":"resumen-q4-inc-presenta-la-primera-aplicacion-de-su-clase-de-gestion-de-eventos-de-relaciones-con-los-inversores-de-la-plataforma-q4","status":"publish","type":"post","link":"https:\/\/elmundodelapolitica.com\/v1\/resumen-q4-inc-presenta-la-primera-aplicacion-de-su-clase-de-gestion-de-eventos-de-relaciones-con-los-inversores-de-la-plataforma-q4\/","title":{"rendered":"Resumen: Q4 Inc. presenta la primera aplicaci\u00f3n de su clase de gesti\u00f3n de eventos de Relaciones con los Inversores de la plataforma Q4"},"content":{"rendered":"<p>La nueva tecnolog\u00eda de gesti\u00f3n de eventos de Relaciones con los Inversores ofrece un acceso y una visibilidad sin precedentes de todos los aspectos de la planificaci\u00f3n de eventos virtualesTORONTO&#8211;(BUSINESS WIRE)&#8211;Q4 Inc. (TSX: QFOR) (\u00abQ4\u00bb o \u00abthe Company\u00bb), la plataforma l\u00edder de acceso a los mercados de capitales, se enorgullece de presentar la aplicaci\u00f3n de gesti\u00f3n de eventos a la plataforma Q4, que permitir\u00e1 a los clientes experimentar la preparaci\u00f3n, gesti\u00f3n y elaboraci\u00f3n de informes de eventos y de las ganancias, encuentros de inversores y otros eventos clave en su calendario de Relaciones con los Inversores.<br \/>\nLa aplicaci\u00f3n de gesti\u00f3n de eventos Q4 aumentar\u00e1 el control del cliente sobre cada parte de la planificaci\u00f3n de su evento, ahorrando tiempo y centralizando todas las solicitudes para simplificar el proceso de planificaci\u00f3n.<br \/>\nEl comunicado en el idioma original, es la versi\u00f3n oficial y autorizada del mismo. La traducci\u00f3n es solamente un medio de ayuda y deber\u00e1 ser comparada con el texto en idioma original, que es la \u00fanica versi\u00f3n del texto que tendr\u00e1 validez legal. Contacts<br \/>\nInversores:Edward Miller<br \/>\nDirector, Relaciones con los Inversores<br \/>\n(437) 291-1554<br \/>\nir@q4inc.com<br \/>\nMedios de comunicaci\u00f3n:Heather Noll<br \/>\nGestor de Comunicaci\u00f3n Corporativa<br \/>\nmedia@q4inc.com<\/p>\n","protected":false},"excerpt":{"rendered":"<div>\n<p class=\"bwalignc\">\n<i>La nueva tecnolog\u00eda de gesti\u00f3n de eventos de Relaciones con los Inversores ofrece un acceso y una visibilidad sin precedentes de todos los aspectos de la planificaci\u00f3n de eventos virtuales<\/i><\/p>\n<p>TORONTO&#8211;(BUSINESS WIRE)&#8211;Q4 Inc. (TSX: QFOR) (\u00abQ4\u00bb o \u00abthe Company\u00bb), la plataforma l\u00edder de acceso a los mercados de capitales, se enorgullece de presentar la aplicaci\u00f3n de gesti\u00f3n de eventos a la plataforma Q4, que permitir\u00e1 a los clientes experimentar la preparaci\u00f3n, gesti\u00f3n y elaboraci\u00f3n de informes de eventos y de las ganancias, encuentros de inversores y otros eventos clave en su calendario de Relaciones con los Inversores.<\/p>\n<p><a href=\"https:\/\/mms.businesswire.com\/media\/20230605005260\/es\/1810252\/5\/Q4_Event_Management_PR_Image_%281%29.jpg\"><img decoding=\"async\" src=\"https:\/\/mms.businesswire.com\/media\/20230605005257\/en\/1810252\/21\/Q4_Event_Management_PR_Image_%281%29.jpg\"><\/a><br \/><a href=\"https:\/\/mms.businesswire.com\/media\/20230605005260\/es\/1802235\/5\/Q4_3D_logo_rgb_72ppi.jpg\"><img decoding=\"async\" src=\"https:\/\/mms.businesswire.com\/media\/20230605005257\/en\/1802235\/21\/Q4_3D_logo_rgb_72ppi.jpg\"><\/a><\/p>\n<p>\nLa aplicaci\u00f3n de gesti\u00f3n de eventos Q4 aumentar\u00e1 el control del cliente sobre cada parte de la planificaci\u00f3n de su evento, ahorrando tiempo y centralizando todas las solicitudes para simplificar el proceso de planificaci\u00f3n.<\/p>\n<p>\nEl comunicado en el idioma original, es la versi\u00f3n oficial y autorizada del mismo. La traducci\u00f3n es solamente un medio de ayuda y deber\u00e1 ser comparada con el texto en idioma original, que es la \u00fanica versi\u00f3n del texto que tendr\u00e1 validez legal.<\/p>\n<p> <b>Contacts<\/b> <\/p>\n<p>\n<b>Inversores:<\/b><br \/>Edward Miller<br \/>\n<br \/>Director, Relaciones con los Inversores<br \/>\n<br \/>(437) 291-1554<br \/>\n<br \/><a target=\"_blank\" href=\"mailto:ir@q4inc.com\" rel=\"nofollow noopener\">ir@q4inc.com<\/a><\/p>\n<p>\n<b>Medios de comunicaci\u00f3n:<\/b><br \/>Heather Noll<br \/>\n<br \/>Gestor de Comunicaci\u00f3n Corporativa<br \/>\n<br \/><a target=\"_blank\" href=\"mailto:media@q4inc.com\" rel=\"nofollow noopener\">media@q4inc.com<\/a><\/p>\n<\/div>\n","protected":false},"author":2,"featured_media":3399,"comment_status":"closed","ping_status":"closed","sticky":false,"template":"","format":"standard","meta":{"fifu_image_url":"https:\/\/mms.businesswire.com\/media\/20230605005257\/en\/1810252\/21\/Q4_Event_Management_PR_Image_(1).jpg","fifu_image_alt":"Resumen: Q4 Inc. presenta la primera aplicaci\u00f3n de su clase de gesti\u00f3n de eventos de Relaciones con los Inversores de la plataforma Q4","footnotes":""},"categories":[44],"tags":[],"class_list":["post-3398","post","type-post","status-publish","format-standard","has-post-thumbnail","hentry","category-business-wire"],"_links":{"self":[{"href":"https:\/\/elmundodelapolitica.com\/v1\/wp-json\/wp\/v2\/posts\/3398","targetHints":{"allow":["GET"]}}],"collection":[{"href":"https:\/\/elmundodelapolitica.com\/v1\/wp-json\/wp\/v2\/posts"}],"about":[{"href":"https:\/\/elmundodelapolitica.com\/v1\/wp-json\/wp\/v2\/types\/post"}],"author":[{"embeddable":true,"href":"https:\/\/elmundodelapolitica.com\/v1\/wp-json\/wp\/v2\/users\/2"}],"replies":[{"embeddable":true,"href":"https:\/\/elmundodelapolitica.com\/v1\/wp-json\/wp\/v2\/comments?post=3398"}],"version-history":[{"count":0,"href":"https:\/\/elmundodelapolitica.com\/v1\/wp-json\/wp\/v2\/posts\/3398\/revisions"}],"wp:featuredmedia":[{"embeddable":true,"href":"https:\/\/elmundodelapolitica.com\/v1\/wp-json\/wp\/v2\/media\/3399"}],"wp:attachment":[{"href":"https:\/\/elmundodelapolitica.com\/v1\/wp-json\/wp\/v2\/media?parent=3398"}],"wp:term":[{"taxonomy":"category","embeddable":true,"href":"https:\/\/elmundodelapolitica.com\/v1\/wp-json\/wp\/v2\/categories?post=3398"},{"taxonomy":"post_tag","embeddable":true,"href":"https:\/\/elmundodelapolitica.com\/v1\/wp-json\/wp\/v2\/tags?post=3398"}],"curies":[{"name":"wp","href":"https:\/\/api.w.org\/{rel}","templated":true}]}}