{"id":3392,"date":"2023-06-05T20:56:12","date_gmt":"2023-06-06T00:56:12","guid":{"rendered":"https:\/\/elmundodelapolitica.com\/v1\/?p=3392"},"modified":"2023-06-05T20:56:14","modified_gmt":"2023-06-06T00:56:14","slug":"con-representaciones-de-mas-de-20-paises-inician-segundo-taller-presencial-de-sello-clad","status":"publish","type":"post","link":"https:\/\/elmundodelapolitica.com\/v1\/con-representaciones-de-mas-de-20-paises-inician-segundo-taller-presencial-de-sello-clad\/","title":{"rendered":"Con representaciones de m\u00e1s de 20 pa\u00edses inician segundo Taller Presencial de Sello CLAD"},"content":{"rendered":"\n<p>Santo Domingo.- Con la presencia de representaciones de&nbsp;<strong>m\u00e1s de 20 pa\u00edses<\/strong>, se dio inicio al&nbsp;<strong>segundo Taller Presencial de Sello CLAD,<\/strong>&nbsp;denominado \u201c<strong>Competencias estrat\u00e9gicas de los directivos p\u00fablicos: Liderazgo, trabajo en equipo, \u00e9tica p\u00fablica e innovaci\u00f3n en la funci\u00f3n p\u00fablica\u201d,<\/strong>&nbsp;en donde se impartir\u00e1n varios cursos y se propiciar\u00e1n debates que buscan aportar a la Administraci\u00f3n P\u00fablica.<\/p>\n\n\n\n<p>La actividad la encabez\u00f3 el&nbsp;<strong>ministro de Administraci\u00f3n P\u00fablica, Dar\u00edo Castillo Lugo,<\/strong>&nbsp;quien, en su calidad de&nbsp;<strong>Presidente del Centro Latinoamericano de Administraci\u00f3n para el Desarrollo&nbsp;<\/strong>(CLAD), dio la bienvenida formal a los participantes del taller que se extender\u00e1 por toda la semana.<\/p>\n\n\n\n<p>\u201cCuando fuimos a Caracas (Venezuela) el a\u00f1o pasado a clausurar el primer curso, el secretario general del CLAD (Francisco Vel\u00e1zquez) nos plante\u00f3 la posibilidad de que hici\u00e9ramos en Rep\u00fablica Dominicana y le dije que s\u00ed, y gracias a Dios, aqu\u00ed estamos\u201d, expres\u00f3 el titular del Ministerio de Administraci\u00f3n P\u00fablica (MAP).<\/p>\n\n\n\n<p>Aprovechando la presencia de las delegaciones internacionales, Castillo Lugo mencion\u00f3 los logros que se han obtenido en el pa\u00eds en materia de reforma de la Administraci\u00f3n P\u00fablica y<strong>&nbsp;los esfuerzos que se vienen realizando desde el gobierno del Presidente Luis Abinader.<\/strong><\/p>\n\n\n\n<p>\u201cEstamos estrenando una Ley de Mejora Regulatoria y Simplificaci\u00f3n de Tr\u00e1mites, estamos fortaleciendo los sistemas de monitoreo del sector de salud; estamos elaborando un sistema de monitoreo para el sector de educaci\u00f3n, para evaluar y medir los centros educativos directamente; sigue mejorando y ampli\u00e1ndose el sistema de monitoreo de los gobiernos locales, entre otros de los logros\u201d,\u00a0acot\u00f3 Castillo Lugo.<\/p>\n\n\n\n<p>En la actividad, tambi\u00e9n estuvo presente&nbsp;<strong>Francisco Vel\u00e1zquez, quien, en su calidad de Secretario General del CLAD,<\/strong>&nbsp;tuvo a su cargo la primera conferencia magistral del Taller denominada<strong>&nbsp;\u201cCompetencia estrat\u00e9gica: Liderazgo\u201d;<\/strong>&nbsp;tambi\u00e9n estuvo el Director General del Instituto Nacional de Administraci\u00f3n P\u00fablica&nbsp;<strong>(INAP), Cristian S\u00e1nchez Reyes.<\/strong><\/p>\n\n\n\n<p><strong>La agenda<\/strong><\/p>\n\n\n\n<p>Para el martes,&nbsp;<strong>Daniel Chamorro, asesor t\u00e9cnico del CLAD<\/strong>, tendr\u00e1 a su cargo la conferencia: \u201cEvoluci\u00f3n hist\u00f3rica de la Administraci\u00f3n P\u00fablica hasta su profesionalizaci\u00f3n sistem\u00e1tica en el Estado moderno\u201d y luego Vel\u00e1zquez impartir\u00e1 la conferencia \u201cCompetencia estrat\u00e9gica \u201cTrabajo en equipo\u201d.&nbsp;<\/p>\n\n\n\n<p>Al finalizar la segunda jornada, el secretario general del CLAD tendr\u00e1 la presentaci\u00f3n del Libro CLAD:<strong>&nbsp;\u201cGobernanza iberoamericana: para cambiar la administraci\u00f3n p\u00fablica\u201d.&nbsp;<\/strong><\/p>\n\n\n\n<p>El mi\u00e9rcoles,&nbsp;<strong>Gregorio Montero<\/strong>, viceministro de Reforma y Modernizaci\u00f3n del MAP impartir\u00e1 la clase magistral \u201cEl funcionario p\u00fablico necesario en un contexto de cambios inevitables\u201d.<\/p>\n\n\n\n<p><strong>La clausura ser\u00e1 el viernes<\/strong>&nbsp;con la entrega de los diplomas a los participantes en el taller.&nbsp;<\/p>\n\n\n\n<p><strong>Sobre el CLAD<\/strong><\/p>\n\n\n\n<p>El Centro Latinoamericano de Administraci\u00f3n para el Desarrollo (CLAD) es un&nbsp;<strong>organismo p\u00fablico internacional, de car\u00e1cter intergubernamental.<\/strong><\/p>\n\n\n\n<p>Se constituy\u00f3 en el 1972, bajo la iniciativa de los gobiernos de M\u00e9xico, Per\u00fa y Venezuela; y&nbsp;<strong>est\u00e1 compuesto, actualmente, por 24 naciones.<\/strong><\/p>\n\n\n\n<p>Su misi\u00f3n es promover el an\u00e1lisis y el intercambio de experiencias y conocimientos en torno a&nbsp;<strong>la reforma del Estado y la modernizaci\u00f3n de la Administraci\u00f3n P\u00fablica,<\/strong>&nbsp;mediante la organizaci\u00f3n de reuniones internacionales especializadas, la publicaci\u00f3n de obras, la prestaci\u00f3n de servicios de documentaci\u00f3n e informaci\u00f3n, la realizaci\u00f3n de estudios e investigaciones y la ejecuci\u00f3n de actividades de cooperaci\u00f3n t\u00e9cnica entre sus pa\u00edses miembros y provenientes de otras regiones.<\/p>\n","protected":false},"excerpt":{"rendered":"<p>Santo Domingo.- Con la presencia de representaciones de&nbsp;m\u00e1s de 20 pa\u00edses, se dio inicio al&nbsp;segundo Taller Presencial de Sello CLAD,&nbsp;denominado \u201cCompetencias estrat\u00e9gicas de los directivos p\u00fablicos: Liderazgo, trabajo en equipo,&hellip; <\/p>\n","protected":false},"author":2,"featured_media":3393,"comment_status":"closed","ping_status":"closed","sticky":false,"template":"","format":"standard","meta":{"fifu_image_url":"","fifu_image_alt":"","footnotes":""},"categories":[63],"tags":[],"class_list":["post-3392","post","type-post","status-publish","format-standard","has-post-thumbnail","hentry","category-actualidad"],"_links":{"self":[{"href":"https:\/\/elmundodelapolitica.com\/v1\/wp-json\/wp\/v2\/posts\/3392","targetHints":{"allow":["GET"]}}],"collection":[{"href":"https:\/\/elmundodelapolitica.com\/v1\/wp-json\/wp\/v2\/posts"}],"about":[{"href":"https:\/\/elmundodelapolitica.com\/v1\/wp-json\/wp\/v2\/types\/post"}],"author":[{"embeddable":true,"href":"https:\/\/elmundodelapolitica.com\/v1\/wp-json\/wp\/v2\/users\/2"}],"replies":[{"embeddable":true,"href":"https:\/\/elmundodelapolitica.com\/v1\/wp-json\/wp\/v2\/comments?post=3392"}],"version-history":[{"count":1,"href":"https:\/\/elmundodelapolitica.com\/v1\/wp-json\/wp\/v2\/posts\/3392\/revisions"}],"predecessor-version":[{"id":3394,"href":"https:\/\/elmundodelapolitica.com\/v1\/wp-json\/wp\/v2\/posts\/3392\/revisions\/3394"}],"wp:featuredmedia":[{"embeddable":true,"href":"https:\/\/elmundodelapolitica.com\/v1\/wp-json\/wp\/v2\/media\/3393"}],"wp:attachment":[{"href":"https:\/\/elmundodelapolitica.com\/v1\/wp-json\/wp\/v2\/media?parent=3392"}],"wp:term":[{"taxonomy":"category","embeddable":true,"href":"https:\/\/elmundodelapolitica.com\/v1\/wp-json\/wp\/v2\/categories?post=3392"},{"taxonomy":"post_tag","embeddable":true,"href":"https:\/\/elmundodelapolitica.com\/v1\/wp-json\/wp\/v2\/tags?post=3392"}],"curies":[{"name":"wp","href":"https:\/\/api.w.org\/{rel}","templated":true}]}}