{"id":3348,"date":"2023-06-02T01:03:39","date_gmt":"2023-06-02T05:03:39","guid":{"rendered":"https:\/\/elmundodelapolitica.com\/v1\/?p=3348"},"modified":"2023-06-02T01:03:39","modified_gmt":"2023-06-02T05:03:39","slug":"resumen-isaca-anuncia-un-compromiso-con-la-comision-europea-para-ampliar-y-empoderar-a-la-fuerza-laboral-de-ciberseguridad-europea","status":"publish","type":"post","link":"https:\/\/elmundodelapolitica.com\/v1\/resumen-isaca-anuncia-un-compromiso-con-la-comision-europea-para-ampliar-y-empoderar-a-la-fuerza-laboral-de-ciberseguridad-europea\/","title":{"rendered":"Resumen: ISACA anuncia un compromiso con la Comisi\u00f3n Europea para ampliar y empoderar a la fuerza laboral de ciberseguridad europea"},"content":{"rendered":"<p>ISACA ofrecer\u00e1 20 mil membres\u00edas gratuitas a estudiantes en todo el continente europeo para que adquieran competencias de ciberseguridad crucialesDUBL\u00cdN&#8211;(BUSINESS WIRE)&#8211;ISACA, una asociaci\u00f3n de profesionales global l\u00edder que ayuda a individuos y organizaciones en su b\u00fasqueda de confianza digital, tiene el orgullo de anunciar su compromiso con la Comisi\u00f3n Europea para ampliar y empoderar a la fuerza laboral de ciberseguridad en Europa. Este compromiso significa que ISACA apoyar\u00e1 la agenda de ciberseguridad de la Uni\u00f3n Europea (UE) y fomentar\u00e1 la innovaci\u00f3n, el crecimiento econ\u00f3mico y el bienestar social. ISACA le da la bienvenida a la Academia de Competencias en Ciberseguridad de la UE como iniciativa clave lanzada en 2023, como parte del \u201cA\u00f1o Europeo de las Competencias\u201d, con el objetivo de aumentar la cantidad de profesionales especializados en ciberseguridad en la UE.<br \/>\nEl comunicado en el idioma original es la versi\u00f3n oficial y autorizada del mismo. Esta traducci\u00f3n es solamente un medio de ayuda y deber\u00e1 ser comparada con el texto en idioma original, que es la \u00fanica versi\u00f3n del texto que tendr\u00e1 validez legal. Contacts<br \/>\nISACA &#8211; Esther Almendros, +34 692 669 722, ealmendros@isaca.orgFirstlight Group, +44 7526 565 507, isacateam@firstlightgroup.io<\/p>\n","protected":false},"excerpt":{"rendered":"<div>\n<p class=\"bwalignc\">\n<i>ISACA ofrecer\u00e1 20 mil membres\u00edas gratuitas a estudiantes en todo el continente europeo para que adquieran competencias de ciberseguridad cruciales<\/i><\/p>\n<p>DUBL\u00cdN&#8211;(BUSINESS WIRE)&#8211;ISACA, una asociaci\u00f3n de profesionales global l\u00edder que ayuda a individuos y organizaciones en su b\u00fasqueda de confianza digital, tiene el orgullo de anunciar su compromiso con la Comisi\u00f3n Europea para ampliar y empoderar a la fuerza laboral de ciberseguridad en Europa. Este compromiso significa que ISACA apoyar\u00e1 la agenda de ciberseguridad de la Uni\u00f3n Europea (UE) y fomentar\u00e1 la innovaci\u00f3n, el crecimiento econ\u00f3mico y el bienestar social. ISACA le da la bienvenida a la <a target=\"_blank\" href=\"https:\/\/cts.businesswire.com\/ct\/CT?id=smartlink&amp;url=https%3A%2F%2Fdigital-skills-jobs.europa.eu%2Fen%2Fcybersecurity-skills-academy%3Futm_source%3Dother%26utm_medium%3Dother%26utm_campaign%3Dpr_both_adv_initiatives-and-partnerships_european-commission-pledge_q223_european-commission-pledge-2023%26utm_content%3Deuropean-commission-pledge_european-commission-pledge-2023%26cid%3Dpr_3002378%26Appeal%3Dpr&amp;esheet=53411015&amp;newsitemid=20230601005478&amp;lan=es-ES&amp;anchor=Academia+de+Competencias+en+Ciberseguridad+de+la+UE&amp;index=1&amp;md5=fdc3b3cd801bc2b1dee7176a5ec01deb\" rel=\"nofollow noopener\">Academia de Competencias en Ciberseguridad de la UE<\/a> como iniciativa clave lanzada en 2023, como parte del <a target=\"_blank\" href=\"https:\/\/cts.businesswire.com\/ct\/CT?id=smartlink&amp;url=https%3A%2F%2Fyear-of-skills.europa.eu%2Findex_en%3Futm_source%3Dother%26utm_medium%3Dother%26utm_campaign%3Dpr_both_adv_initiatives-and-partnerships_european-commission-pledge_q223_european-commission-pledge-2023%26utm_content%3Deuropean-commission-pledge_european-commission-pledge-2023%26cid%3Dpr_3002378%26Appeal%3Dpr&amp;esheet=53411015&amp;newsitemid=20230601005478&amp;lan=es-ES&amp;anchor=%26%238220%3BA%26ntilde%3Bo+Europeo+de+las+Competencias%26%238221%3B%2C&amp;index=2&amp;md5=0f21ff15d565f5f33aeda725b17968ef\" rel=\"nofollow noopener\">\u201cA\u00f1o Europeo de las Competencias\u201d, <\/a>con el objetivo de aumentar la cantidad de profesionales especializados en ciberseguridad en la UE.<\/p>\n<p><a href=\"https:\/\/mms.businesswire.com\/media\/20230601005478\/es\/770919\/5\/ISACA_logo_RGB.jpg\"><img decoding=\"async\" src=\"https:\/\/mms.businesswire.com\/media\/20230601005475\/en\/770919\/21\/ISACA_logo_RGB.jpg\"><\/a><\/p>\n<p>\nEl comunicado en el idioma original es la versi\u00f3n oficial y autorizada del mismo. Esta traducci\u00f3n es solamente un medio de ayuda y deber\u00e1 ser comparada con el texto en idioma original, que es la \u00fanica versi\u00f3n del texto que tendr\u00e1 validez legal.<\/p>\n<p> <b>Contacts<\/b> <\/p>\n<p>\n<b>ISACA &#8211; Esther Almendros, +34 692 669 722, <a target=\"_blank\" href=\"mailto:ealmendros@isaca.org\" rel=\"nofollow noopener\">ealmendros@isaca.org<\/a><\/b><br \/><b>Firstlight Group, +44 7526 565 507, <a target=\"_blank\" href=\"mailto:isacateam@firstlightgroup.io\" rel=\"nofollow noopener\">isacateam@firstlightgroup.io<\/a><\/b><\/p>\n<\/div>\n","protected":false},"author":2,"featured_media":3349,"comment_status":"closed","ping_status":"closed","sticky":false,"template":"","format":"standard","meta":{"fifu_image_url":"https:\/\/mms.businesswire.com\/media\/20230601005475\/en\/770919\/21\/ISACA_logo_RGB.jpg","fifu_image_alt":"Resumen: ISACA anuncia un compromiso con la Comisi\u00f3n Europea para ampliar y empoderar a la fuerza laboral de ciberseguridad europea","footnotes":""},"categories":[44],"tags":[],"class_list":["post-3348","post","type-post","status-publish","format-standard","has-post-thumbnail","hentry","category-business-wire"],"_links":{"self":[{"href":"https:\/\/elmundodelapolitica.com\/v1\/wp-json\/wp\/v2\/posts\/3348","targetHints":{"allow":["GET"]}}],"collection":[{"href":"https:\/\/elmundodelapolitica.com\/v1\/wp-json\/wp\/v2\/posts"}],"about":[{"href":"https:\/\/elmundodelapolitica.com\/v1\/wp-json\/wp\/v2\/types\/post"}],"author":[{"embeddable":true,"href":"https:\/\/elmundodelapolitica.com\/v1\/wp-json\/wp\/v2\/users\/2"}],"replies":[{"embeddable":true,"href":"https:\/\/elmundodelapolitica.com\/v1\/wp-json\/wp\/v2\/comments?post=3348"}],"version-history":[{"count":0,"href":"https:\/\/elmundodelapolitica.com\/v1\/wp-json\/wp\/v2\/posts\/3348\/revisions"}],"wp:featuredmedia":[{"embeddable":true,"href":"https:\/\/elmundodelapolitica.com\/v1\/wp-json\/wp\/v2\/media\/3349"}],"wp:attachment":[{"href":"https:\/\/elmundodelapolitica.com\/v1\/wp-json\/wp\/v2\/media?parent=3348"}],"wp:term":[{"taxonomy":"category","embeddable":true,"href":"https:\/\/elmundodelapolitica.com\/v1\/wp-json\/wp\/v2\/categories?post=3348"},{"taxonomy":"post_tag","embeddable":true,"href":"https:\/\/elmundodelapolitica.com\/v1\/wp-json\/wp\/v2\/tags?post=3348"}],"curies":[{"name":"wp","href":"https:\/\/api.w.org\/{rel}","templated":true}]}}