{"id":3340,"date":"2023-06-01T14:17:54","date_gmt":"2023-06-01T18:17:54","guid":{"rendered":"https:\/\/elmundodelapolitica.com\/v1\/?p=3340"},"modified":"2023-06-01T14:17:54","modified_gmt":"2023-06-01T18:17:54","slug":"republica-dominicana-es-electa-sede-del-icao-global-implementation-support-symposium-en-2024","status":"publish","type":"post","link":"https:\/\/elmundodelapolitica.com\/v1\/republica-dominicana-es-electa-sede-del-icao-global-implementation-support-symposium-en-2024\/","title":{"rendered":"Rep\u00fablica Dominicana es electa sede del ICAO Global Implementation Support Symposium en 2024"},"content":{"rendered":"<div>\n<p>Se\u00fal, Corea.- La Rep\u00fablica Dominicana ha sido seleccionada por la Organizaci\u00f3n de Aviaci\u00f3n Internacional\u00a0<strong>(OACI)<\/strong>, como la\u00a0<strong>sede para la tercera edici\u00f3n del ICAO Global Implementation Support Symposium<\/strong>\u00a0que se llevar\u00e1 a cabo en el 2024.\u00a0<\/p>\n<div class=\"wp-block-image\">\n<figure class=\"aligncenter size-large\"><img loading=\"lazy\" data-attachment-id=\"28502\" data-permalink=\"https:\/\/elmundodelosnegocios.com.do\/v1\/index.php\/2023\/06\/01\/republica-dominicana-es-electa-sede-del-icao-global-implementation-support-symposium-en-2024\/presidente-marte-piantini-1-jpg-corea-1-1\/\" data-orig-file=\"https:\/\/i0.wp.com\/elmundodelosnegocios.com.do\/v1\/wp-content\/uploads\/2023\/06\/Presidente-Marte-Piantini-1.jpg-corea-1-1.jpg?fit=1300%2C731&amp;ssl=1\" data-orig-size=\"1300,731\" data-comments-opened=\"0\" data-image-meta='{\"aperture\":\"0\",\"credit\":\"\",\"camera\":\"\",\"caption\":\"\",\"created_timestamp\":\"0\",\"copyright\":\"\",\"focal_length\":\"0\",\"iso\":\"0\",\"shutter_speed\":\"0\",\"title\":\"\",\"orientation\":\"0\"}' data-image-title=\"Presidente-Marte-Piantini-1.jpg-corea-1-1\" data-image-description=\"\" data-image-caption=\"\" data-medium-file=\"https:\/\/i0.wp.com\/elmundodelosnegocios.com.do\/v1\/wp-content\/uploads\/2023\/06\/Presidente-Marte-Piantini-1.jpg-corea-1-1.jpg?fit=300%2C169&amp;ssl=1\" data-large-file=\"https:\/\/i0.wp.com\/elmundodelosnegocios.com.do\/v1\/wp-content\/uploads\/2023\/06\/Presidente-Marte-Piantini-1.jpg-corea-1-1.jpg?fit=1024%2C576&amp;ssl=1\" decoding=\"async\" width=\"1024\" height=\"576\" src=\"https:\/\/i0.wp.com\/elmundodelosnegocios.com.do\/v1\/wp-content\/uploads\/2023\/06\/Presidente-Marte-Piantini-1.jpg-corea-1-1-1024x576.jpg?resize=1024,576&amp;ssl=1\" alt=\"\" class=\"wp-image-28502\" srcset=\"https:\/\/i0.wp.com\/elmundodelosnegocios.com.do\/v1\/wp-content\/uploads\/2023\/06\/Presidente-Marte-Piantini-1.jpg-corea-1-1.jpg?resize=1024%2C576&amp;ssl=1 1024w, https:\/\/i0.wp.com\/elmundodelosnegocios.com.do\/v1\/wp-content\/uploads\/2023\/06\/Presidente-Marte-Piantini-1.jpg-corea-1-1.jpg?resize=300%2C169&amp;ssl=1 300w, https:\/\/i0.wp.com\/elmundodelosnegocios.com.do\/v1\/wp-content\/uploads\/2023\/06\/Presidente-Marte-Piantini-1.jpg-corea-1-1.jpg?resize=768%2C432&amp;ssl=1 768w, https:\/\/i0.wp.com\/elmundodelosnegocios.com.do\/v1\/wp-content\/uploads\/2023\/06\/Presidente-Marte-Piantini-1.jpg-corea-1-1.jpg?w=1300&amp;ssl=1 1300w\" sizes=\"auto, (max-width: 1024px) 100vw, 1024px\" data-recalc-dims=\"1\"><\/figure>\n<\/div>\n<p>El pa\u00eds, representado por la\u00a0<strong>Junta de Aviaci\u00f3n Civil (JAC)<\/strong>, actualmente est\u00e1 participando en el\u00a0<strong>segundo simposio mundial<\/strong>\u00a0sobre la industria de la navegaci\u00f3n a\u00e9rea, que se realiza del 30 de mayo al 1 de junio de 2023,\u00a0<strong>con las autoridades de la aviaci\u00f3n civil de todo el mundo en la ciudad de Se\u00fal, Rep\u00fablica de Corea.<\/strong><\/p>\n<p>El evento cuenta con la\u00a0<strong>participaci\u00f3n de 193 pa\u00edses<\/strong>. Expertos de los Estados miembros analizan propuestas de\u00a0<strong>integraci\u00f3n del sistema de navegaci\u00f3n a\u00e9rea de los distintos pa\u00edses<\/strong>, para que pueda absorber el crecimiento de los vuelos y los pasajeros, los cuales, seg\u00fan las proyecciones, se duplicar\u00e1n en los pr\u00f3ximos a\u00f1os.<\/p>\n<p>El encuentro cuenta con el apoyo de oficinas de cooperaci\u00f3n t\u00e9cnica de la OACI, conocidas como: el Foro Mundial de Aviaci\u00f3n\u00a0<strong>(IWAF)<\/strong>\u00a0de la OACI, el Aviation Cooperation Symposium\u00a0<strong>(GACS)<\/strong>\u00a0y\u00a0<strong>Global Aviation Training y TRAINAIR PLUS Symposium<\/strong>. Estas destacan las \u00faltimas herramientas digitales, las iniciativas clave y los esfuerzos de colaboraci\u00f3n de la Organizaci\u00f3n para apoyar\u00a0<strong>la resiliencia de la aviaci\u00f3n, la innovaci\u00f3n y las soluciones operativas en tema de transporte a\u00e9reo de carga y pasajeros.<\/strong><\/p>\n<p>El presidente de la Junta de Aviaci\u00f3n Civil,\u00a0<strong>Jos\u00e9 Marte Piantini<\/strong>, reiter\u00f3 desde la ciudad de Se\u00fal, el\u00a0<strong>compromiso del presidente de la Rep\u00fablica Dominicana, Luis Abinader,<\/strong>\u00a0de compartir los cielos de la naci\u00f3n dominicana en beneficio mutuo con los dem\u00e1s Estados miembros de la OACI.<\/p>\n<p>Agreg\u00f3 que la actual gesti\u00f3n que encabeza en la JAC continuar\u00e1 con su compromiso de\u00a0<strong>conectar familias, culturas y empresas dominicanas con todo el mundo<\/strong>\u00a0y promueve as\u00ed el crecimiento econ\u00f3mico del pa\u00eds.<\/p>\n<p>En el Simposio la Rep\u00fablica Dominicana expondr\u00e1 su experiencia en el panel\u00a0<strong>\u201cDesaf\u00edos a los que se enfrenta la aviaci\u00f3n civil en materia de apoyo a la implementaci\u00f3n y resiliencia\u201d<\/strong>, con la participaci\u00f3n de\u00a0<strong>H\u00e9ctor Porcella Dumas<\/strong>, director general del Instituto Dominicano de Aviaci\u00f3n Civil (IDAC), como expositor.<\/p>\n<p>Adem\u00e1s del presidente de la Junta de Aviaci\u00f3n Civil, Jos\u00e9 Marte Piantini, y del director general interino del Instituto Dominicano de Aviaci\u00f3n Civil, H\u00e9ctor Porcella, participaron en el evento Antonio Yapor Alba, miembro de la Junta de Aviaci\u00f3n Civil y representante alterno ante la OACI; Julio Pe\u00f1a, embajador dominicano ante la OACI, y Federico Cuello, embajador dominicano en Corea del Sur.<\/p>\n<p>Durante el evento, los Estados miembros participantes podr\u00e1n utilizar la plataforma para negociar con\u00a0<strong>nuevos socios estrat\u00e9gicos<\/strong>\u00a0instrumentos de cooperaci\u00f3n t\u00e9cnica, as\u00ed como de coordinar con otras partes interesadas de la industria del transporte a\u00e9reo mundial y regional\u00a0<strong>nuevas inversiones para el sector.<\/strong><\/p>\n<\/div>\n","protected":false},"excerpt":{"rendered":"<p>Se\u00fal, Corea.- La Rep\u00fablica Dominicana ha sido seleccionada por la Organizaci\u00f3n de Aviaci\u00f3n Internacional\u00a0(OACI), como la\u00a0sede para la tercera edici\u00f3n del ICAO Global Implementation Support Symposium\u00a0que se llevar\u00e1 a cabo&hellip; <\/p>\n","protected":false},"author":2,"featured_media":3341,"comment_status":"closed","ping_status":"closed","sticky":false,"template":"","format":"standard","meta":{"fifu_image_url":"https:\/\/i0.wp.com\/elmundodelosnegocios.com.do\/v1\/wp-content\/uploads\/2023\/06\/Presidente-Marte-Piantini-1.jpg-corea-1-1-1024x576.jpg?resize=1024,576&ssl=1","fifu_image_alt":"Rep\u00fablica Dominicana es electa sede del ICAO Global Implementation Support Symposium en 2024","footnotes":""},"categories":[63],"tags":[],"class_list":["post-3340","post","type-post","status-publish","format-standard","has-post-thumbnail","hentry","category-actualidad"],"_links":{"self":[{"href":"https:\/\/elmundodelapolitica.com\/v1\/wp-json\/wp\/v2\/posts\/3340","targetHints":{"allow":["GET"]}}],"collection":[{"href":"https:\/\/elmundodelapolitica.com\/v1\/wp-json\/wp\/v2\/posts"}],"about":[{"href":"https:\/\/elmundodelapolitica.com\/v1\/wp-json\/wp\/v2\/types\/post"}],"author":[{"embeddable":true,"href":"https:\/\/elmundodelapolitica.com\/v1\/wp-json\/wp\/v2\/users\/2"}],"replies":[{"embeddable":true,"href":"https:\/\/elmundodelapolitica.com\/v1\/wp-json\/wp\/v2\/comments?post=3340"}],"version-history":[{"count":0,"href":"https:\/\/elmundodelapolitica.com\/v1\/wp-json\/wp\/v2\/posts\/3340\/revisions"}],"wp:featuredmedia":[{"embeddable":true,"href":"https:\/\/elmundodelapolitica.com\/v1\/wp-json\/wp\/v2\/media\/3341"}],"wp:attachment":[{"href":"https:\/\/elmundodelapolitica.com\/v1\/wp-json\/wp\/v2\/media?parent=3340"}],"wp:term":[{"taxonomy":"category","embeddable":true,"href":"https:\/\/elmundodelapolitica.com\/v1\/wp-json\/wp\/v2\/categories?post=3340"},{"taxonomy":"post_tag","embeddable":true,"href":"https:\/\/elmundodelapolitica.com\/v1\/wp-json\/wp\/v2\/tags?post=3340"}],"curies":[{"name":"wp","href":"https:\/\/api.w.org\/{rel}","templated":true}]}}