{"id":3333,"date":"2023-06-01T14:11:29","date_gmt":"2023-06-01T18:11:29","guid":{"rendered":"https:\/\/elmundodelapolitica.com\/v1\/?p=3333"},"modified":"2023-06-01T14:11:34","modified_gmt":"2023-06-01T18:11:34","slug":"vargas-llosa-afirma-rd-es-un-ejemplo-para-america-latina-va-por-buena-direccion-y-con-un-gobierno-inteligente-y-sensato","status":"publish","type":"post","link":"https:\/\/elmundodelapolitica.com\/v1\/vargas-llosa-afirma-rd-es-un-ejemplo-para-america-latina-va-por-buena-direccion-y-con-un-gobierno-inteligente-y-sensato\/","title":{"rendered":"Vargas Llosa afirma RD es un ejemplo para Am\u00e9rica Latina, va por buena direcci\u00f3n y con un gobierno inteligente y sensato"},"content":{"rendered":"\n<p>Santo Domingo. &#8211;&nbsp;<strong>El presidente Luis Abinader<\/strong>&nbsp;concedi\u00f3 este mi\u00e9rcoles la&nbsp;<strong>nacionalidad dominicana<\/strong>&nbsp;al destacado escritor peruano, ganador del premio Nobel de Literatura 2010,&nbsp;<strong>Mario Vargas Llosa<\/strong>.<\/p>\n\n\n<div class=\"wp-block-image\">\n<figure class=\"aligncenter size-large\"><img loading=\"lazy\" decoding=\"async\" width=\"1024\" height=\"576\" src=\"https:\/\/elmundodelapolitica.com\/v1\/wp-content\/uploads\/2023\/06\/53963_1685563512_large-1024x576.jpeg\" alt=\"\" class=\"wp-image-3334\" srcset=\"https:\/\/elmundodelapolitica.com\/v1\/wp-content\/uploads\/2023\/06\/53963_1685563512_large-1024x576.jpeg 1024w, https:\/\/elmundodelapolitica.com\/v1\/wp-content\/uploads\/2023\/06\/53963_1685563512_large-300x169.jpeg 300w, https:\/\/elmundodelapolitica.com\/v1\/wp-content\/uploads\/2023\/06\/53963_1685563512_large-768x432.jpeg 768w, https:\/\/elmundodelapolitica.com\/v1\/wp-content\/uploads\/2023\/06\/53963_1685563512_large.jpeg 1300w\" sizes=\"auto, (max-width: 1024px) 100vw, 1024px\" \/><\/figure>\n<\/div>\n\n\n<p>Tras aceptar la nacionalidad dominicana, el afamado escritor afirm\u00f3 que la&nbsp;<strong>Rep\u00fablica Dominicana es un ejemplo para Am\u00e9rica Latina&nbsp;<\/strong>porque va por la buena direcci\u00f3n, a pesar de que la regi\u00f3n pasa por unos momentos dif\u00edciles.<\/p>\n\n\n\n<p><em>\"Creo que la Rep\u00fablica Dominicana es un ejemplo para Am\u00e9rica Latina, va en la buena direcci\u00f3n sin ninguna duda y yo me alegro mucho de que la Rep\u00fablica Dominicana con un gobierno inteligente, sensato haya promovido a este pa\u00eds\"<\/em>, expres\u00f3 Vargas Llosa.<\/p>\n\n\n\n<p>Agreg\u00f3 que probablemente en la historia de Am\u00e9rica Latina no hay&nbsp;<strong>un momento tan dif\u00edcil como el que se est\u00e1 atravesando en la actualidad.<\/strong><\/p>\n\n\n\n<p><em>\"Creo que es un ejemplo de los problemas que tienen una soluci\u00f3n y me encantar\u00eda pasar tambi\u00e9n un per\u00edodo de exaltaci\u00f3n y de verdadera realizaci\u00f3n en la Rep\u00fablica Dominicana\"<\/em>, agreg\u00f3 Vargas Llosa.<\/p>\n\n\n\n<p>Vargas Llosa dijo que le gustar\u00eda pasar&nbsp;<strong>largas temporadas en el pa\u00eds<\/strong>&nbsp;y que tiene muchos amigos en Rep\u00fablica Dominicana, personas que colaboraron en novelas de su autor\u00eda.<\/p>\n\n\n\n<p>El destacado escritor, quien estuvo acompa\u00f1ado de su familia, manifest\u00f3 que, no es sorprendente que se sienta como en su casa en los periodos que pasar\u00e1 en el pa\u00eds.<\/p>\n\n\n\n<p>Precis\u00f3 que, aunque no vendr\u00eda de retiro a la Rep\u00fablica Dominicana, continuar\u00eda muy activo con el prop\u00f3sito de venir al pa\u00eds a trabajar.<\/p>\n\n\n\n<figure class=\"wp-block-image\"><img decoding=\"async\" src=\"https:\/\/presidencia.gob.do\/sites\/default\/files\/inline-images\/53970_1685563847_large.jpeg\" alt=\"\"\/><\/figure>\n\n\n\n<p><strong>Vargas Llosa ha decidido pasar gran parte de su tiempo en el pa\u00eds<\/strong><\/p>\n\n\n\n<p>El presidente Abinader, quien estuvo acompa\u00f1ado de la&nbsp;<strong>primera dama Raquel Arbaje<\/strong>, indic\u00f3 que realiz\u00f3 la petici\u00f3n debido a que el destacado escritor ha decidido pasar gran parte de su tiempo en el pa\u00eds y por su deseo de estar en suelo dominicano.<\/p>\n\n\n\n<p>\"Yo le he pedido, por esa decisi\u00f3n de pasar gran parte de su tiempo en el pa\u00eds, que acepte la ciudadan\u00eda dominicana y \u00e9l ha aceptado esa ciudadan\u00eda\", explic\u00f3 el jefe de Estado.<\/p>\n\n\n\n<p>Destac\u00f3 la visita de Vargas Llosa al Palacio Nacional a quien catalog\u00f3 como un gran amigo de la Rep\u00fablica Dominicana.<\/p>\n\n\n\n<p><strong>Sobre Vargas Llosa<\/strong><\/p>\n\n\n\n<p>Mario Vargas Llosa, quien naci\u00f3 el 28 de marzo de 1936, es considerado&nbsp;<strong>uno de los m\u00e1s importantes novelistas y ensayistas contempor\u00e1neos<\/strong>. Sus obras han cosechado numerosos premios, entre los que destacan el Nobel de Literatura 2010, el Cervantes 1994, considerado como el m\u00e1s importante en lengua espa\u00f1ola, el Pr\u00edncipe de Asturias de las Letras 1986, el Biblioteca Breve 1962, el R\u00f3mulo Gallegos 1967 y el Planeta 1993, entre otros.<\/p>\n\n\n\n<p>Como escritor, alcanz\u00f3 la fama en la d\u00e9cada de 1960 con novelas como La ciudad y los perros (1963), La casa verde (1966) y Conversaci\u00f3n en La Catedral (1969). Continu\u00f3 cultivando prol\u00edficamente varios g\u00e9neros literarios, como<strong>&nbsp;el ensayo, el art\u00edculo y el teatro<\/strong>. Varias de sus obras han sido adaptadas al cine y a la televisi\u00f3n. La mayor\u00eda de sus novelas est\u00e1n ambientadas en Per\u00fa y exploran su concepci\u00f3n sobre la sociedad peruana; en cambio, en La guerra del fin del mundo (1981), La fiesta del Chivo (2000) y El sue\u00f1o del celta (2010) ubica sus tramas en otros pa\u00edses.<\/p>\n","protected":false},"excerpt":{"rendered":"<p>Santo Domingo. &#8211;&nbsp;El presidente Luis Abinader&nbsp;concedi\u00f3 este mi\u00e9rcoles la&nbsp;nacionalidad dominicana&nbsp;al destacado escritor peruano, ganador del premio Nobel de Literatura 2010,&nbsp;Mario Vargas Llosa. Tras aceptar la nacionalidad dominicana, el afamado escritor&hellip; <\/p>\n","protected":false},"author":2,"featured_media":3334,"comment_status":"open","ping_status":"open","sticky":false,"template":"","format":"standard","meta":{"fifu_image_url":"","fifu_image_alt":"","footnotes":""},"categories":[63],"tags":[],"class_list":["post-3333","post","type-post","status-publish","format-standard","has-post-thumbnail","hentry","category-actualidad"],"_links":{"self":[{"href":"https:\/\/elmundodelapolitica.com\/v1\/wp-json\/wp\/v2\/posts\/3333","targetHints":{"allow":["GET"]}}],"collection":[{"href":"https:\/\/elmundodelapolitica.com\/v1\/wp-json\/wp\/v2\/posts"}],"about":[{"href":"https:\/\/elmundodelapolitica.com\/v1\/wp-json\/wp\/v2\/types\/post"}],"author":[{"embeddable":true,"href":"https:\/\/elmundodelapolitica.com\/v1\/wp-json\/wp\/v2\/users\/2"}],"replies":[{"embeddable":true,"href":"https:\/\/elmundodelapolitica.com\/v1\/wp-json\/wp\/v2\/comments?post=3333"}],"version-history":[{"count":1,"href":"https:\/\/elmundodelapolitica.com\/v1\/wp-json\/wp\/v2\/posts\/3333\/revisions"}],"predecessor-version":[{"id":3335,"href":"https:\/\/elmundodelapolitica.com\/v1\/wp-json\/wp\/v2\/posts\/3333\/revisions\/3335"}],"wp:featuredmedia":[{"embeddable":true,"href":"https:\/\/elmundodelapolitica.com\/v1\/wp-json\/wp\/v2\/media\/3334"}],"wp:attachment":[{"href":"https:\/\/elmundodelapolitica.com\/v1\/wp-json\/wp\/v2\/media?parent=3333"}],"wp:term":[{"taxonomy":"category","embeddable":true,"href":"https:\/\/elmundodelapolitica.com\/v1\/wp-json\/wp\/v2\/categories?post=3333"},{"taxonomy":"post_tag","embeddable":true,"href":"https:\/\/elmundodelapolitica.com\/v1\/wp-json\/wp\/v2\/tags?post=3333"}],"curies":[{"name":"wp","href":"https:\/\/api.w.org\/{rel}","templated":true}]}}