{"id":3330,"date":"2023-06-01T12:53:54","date_gmt":"2023-06-01T16:53:54","guid":{"rendered":"https:\/\/elmundodelapolitica.com\/v1\/?p=3330"},"modified":"2023-06-01T12:53:55","modified_gmt":"2023-06-01T16:53:55","slug":"articulo-victor-mateo-un-diputado-para-estos-tiempos","status":"publish","type":"post","link":"https:\/\/elmundodelapolitica.com\/v1\/articulo-victor-mateo-un-diputado-para-estos-tiempos\/","title":{"rendered":"ARTICULO: V\u00edctor Mateo, un diputado para estos tiempos"},"content":{"rendered":"\n<p>Por Ram\u00f3n Alberto L\u00f3pez Ynoa<\/p>\n\n\n\n<p>Desde que V\u00edctor Mateo anunciara sus aspiraciones a ser diputado de la Rep\u00fablica por la provincia de Barahona ha generado grandes expectativas en los distintos estamentos de la poblaci\u00f3n barahonera. El dinamismo con el que se ha presentado, en una primera etapa de su estrategia pol\u00edtica, ha hecho que los dem\u00e1s aspirantes tambi\u00e9n se hayan lanzado al ruedo de la competencia electoral.<\/p>\n\n\n\n<p>Si damos un vistazo a las credenciales de este joven profesional del derecho, con condiciones acad\u00e9micas, intelectuales y administrativas suficientes que legitiman sus aspiraciones, nos daremos cuenta que su perfil se adecua, as\u00ed como encaja una pieza al rompecabezas al que pertenece, a la configuraci\u00f3n de la actual sociedad dominicana, espec\u00edficamente, a la barahonera, a la que va a representar en el congreso Nacional.<\/p>\n\n\n\n<p>Abogado, escritor, catedr\u00e1tico de dos prestigiosas universidades del pa\u00eds, la Pontificia Universidad Cat\u00f3lica Madre y Maestra (PUCMM) y la Universidad Iberoamericana (UNIBE), profesor invitado en programas de maestr\u00eda en el \u00e1rea del derecho de la Universidad Aut\u00f3noma de Santo Domingo (UASD), as\u00ed como su vasta experiencia en la administraci\u00f3n p\u00fablica, son suficientes acreditaciones que hacen de V\u00edctor Mateo el candidato que representar\u00eda dignamente y con altos niveles de profesionalidad a la provincia de Barahona en la llamada C\u00e1mara Baja.<\/p>\n\n\n\n<p>Tambi\u00e9n es escritor, coautor del texto \"50 a\u00f1os de Construcci\u00f3n Democr\u00e1tica\", y con decenas de art\u00edculos publicados en la Revista Global y en la prensa nacional.<\/p>\n\n\n\n<p>Mientras la sociedad de hoy se deslumbra con el chat GPT 4 AI, con &nbsp;Soph\u00eda, la humanoid robot, &nbsp;la regi\u00f3n Enriquillo, de la que Barahona es parte, presenta un desarrollo desigual, con casuchas de tablas y techadas con pencas de palmas, y el 59.6% de su poblaci\u00f3n con un \u00cdndice de Calidad de Vida con niveles I y II y s\u00f3lo el 20.1% de los hogares tiene techo de concreto.<\/p>\n\n\n\n<p>De ah\u00ed se origina la espera de una poblaci\u00f3n pobre de que sus representantes le satisfagan sus necesidades b\u00e1sicas, pero, un diputado lo que hace es legislar,fiscalizar y controlar en representaci\u00f3n del pueblo que lo eligi\u00f3, y otras cosas que haga, las hace en adicci\u00f3n a estas funciones esenciales.<\/p>\n\n\n\n<p>Para legislar y someter iniciativas de ley y de resoluci\u00f3n de alto inter\u00e9s de la naci\u00f3n, V\u00edctor Mateo exhibe altos niveles de competencias en el \u00e1rea del derecho con m\u00e1ster en Derecho Internacional de la Empresa, diplomados en Derecho Procesal Civil y Derecho Laboral, m\u00e1ster en Defensa y Seguridad Nacional, y doctorando en Administraci\u00f3n, Hacienda y Justicia en el Estado Social.<\/p>\n\n\n\n<p>Exhibe credenciales en Estudios Pol\u00edticos Electorales, en Geopol\u00edtica, diplomado en Gerencia y Formulaci\u00f3n de Proyectos y diplomado en Pedagog\u00eda Universitaria.<\/p>\n\n\n\n<p>No obstante, pudiera pensarse que V\u00edctor Mateo no tiene experiencia en asuntos legislativos, pero, no es as\u00ed, pues ha sido coordinador de la Unidad de Poder Legislativo del Observatorio Pol\u00edtico Dominicanos (OPD) funci\u00f3n desde la que se \"code\u00f3\" con los diferentes actores del Poder Legislativo y debatir tem\u00e1ticas del \u00e1mbito del primer poder del Estado Dominicano.<\/p>\n\n\n\n<p>Sus estudios en derecho de la Administraci\u00f3n del Estado prometen una actuaci\u00f3n en materias de fiscalizaci\u00f3n y control en el marco de lo profesional contrario a la actuaci\u00f3n intuitiva y refleja de quien no exhibe una formaci\u00f3n s\u00f3lida en el campo en el que se va a desempe\u00f1ar y que no sabe qu\u00e9 tiene entre sus manos.<\/p>\n\n\n\n<p>Su sensibilidad social se potencializ\u00f3 con su paso por la Unidad de Pol\u00edticas P\u00fablicas, de la que fue coordinador, al constatar las situaciones &nbsp;por las que atraviesa el pueblo llano en \u00e1reas sensibles como la salud, educaci\u00f3n, empleo, pobreza, vivienda, crimen, entre otros aspectos. &nbsp;<\/p>\n\n\n\n<p>S\u00f3lo nos queda preguntar, \u00bfse puede pedir m\u00e1s de alguien que aspire a ser diputado de la Rep\u00fablica?<\/p>\n","protected":false},"excerpt":{"rendered":"<p>Por Ram\u00f3n Alberto L\u00f3pez Ynoa Desde que V\u00edctor Mateo anunciara sus aspiraciones a ser diputado de la Rep\u00fablica por la provincia de Barahona ha generado grandes expectativas en los distintos&hellip; <\/p>\n","protected":false},"author":2,"featured_media":3331,"comment_status":"open","ping_status":"open","sticky":false,"template":"","format":"standard","meta":{"fifu_image_url":"","fifu_image_alt":"","footnotes":""},"categories":[4,17],"tags":[],"class_list":["post-3330","post","type-post","status-publish","format-standard","has-post-thumbnail","hentry","category-articulo","category-politica"],"_links":{"self":[{"href":"https:\/\/elmundodelapolitica.com\/v1\/wp-json\/wp\/v2\/posts\/3330","targetHints":{"allow":["GET"]}}],"collection":[{"href":"https:\/\/elmundodelapolitica.com\/v1\/wp-json\/wp\/v2\/posts"}],"about":[{"href":"https:\/\/elmundodelapolitica.com\/v1\/wp-json\/wp\/v2\/types\/post"}],"author":[{"embeddable":true,"href":"https:\/\/elmundodelapolitica.com\/v1\/wp-json\/wp\/v2\/users\/2"}],"replies":[{"embeddable":true,"href":"https:\/\/elmundodelapolitica.com\/v1\/wp-json\/wp\/v2\/comments?post=3330"}],"version-history":[{"count":1,"href":"https:\/\/elmundodelapolitica.com\/v1\/wp-json\/wp\/v2\/posts\/3330\/revisions"}],"predecessor-version":[{"id":3332,"href":"https:\/\/elmundodelapolitica.com\/v1\/wp-json\/wp\/v2\/posts\/3330\/revisions\/3332"}],"wp:featuredmedia":[{"embeddable":true,"href":"https:\/\/elmundodelapolitica.com\/v1\/wp-json\/wp\/v2\/media\/3331"}],"wp:attachment":[{"href":"https:\/\/elmundodelapolitica.com\/v1\/wp-json\/wp\/v2\/media?parent=3330"}],"wp:term":[{"taxonomy":"category","embeddable":true,"href":"https:\/\/elmundodelapolitica.com\/v1\/wp-json\/wp\/v2\/categories?post=3330"},{"taxonomy":"post_tag","embeddable":true,"href":"https:\/\/elmundodelapolitica.com\/v1\/wp-json\/wp\/v2\/tags?post=3330"}],"curies":[{"name":"wp","href":"https:\/\/api.w.org\/{rel}","templated":true}]}}