{"id":3328,"date":"2023-06-01T11:26:10","date_gmt":"2023-06-01T15:26:10","guid":{"rendered":"https:\/\/elmundodelapolitica.com\/v1\/?p=3328"},"modified":"2023-06-01T11:26:10","modified_gmt":"2023-06-01T15:26:10","slug":"ministerios-de-finanzas-de-al-y-el-caribe-avanzan-plan-de-accion-de-la-plataforma-regional-de-cambio-climatico","status":"publish","type":"post","link":"https:\/\/elmundodelapolitica.com\/v1\/ministerios-de-finanzas-de-al-y-el-caribe-avanzan-plan-de-accion-de-la-plataforma-regional-de-cambio-climatico\/","title":{"rendered":"Ministerios de Finanzas de AL y el Caribe avanzan plan de acci\u00f3n de la Plataforma Regional de Cambio Clim\u00e1tico"},"content":{"rendered":"<div>\n<p>Punta Cana.- Tras arribar al primer a\u00f1o de funcionamiento de la\u00a0<strong>Plataforma Regional de Cambio Clim\u00e1tico<\/strong>, los representantes de los ministerios de\u00a0<strong>Hacienda, Econom\u00eda y Finanzas de Am\u00e9rica Latina y el Caribe de 20 pa\u00edses\u00a0<\/strong>se encuentran reunidos con el objetivo de avanzar el\u00a0<strong>plan de acci\u00f3n para el segundo a\u00f1o<\/strong>, el cual permitir\u00e1 enfrentar en conjunto ese desaf\u00edo global.<\/p>\n<p><strong>Jochi Vicente<\/strong>, ministro de Hacienda de Rep\u00fablica Dominicana,\u00a0<strong>pa\u00eds que ocupa la presidencia pro tempore<\/strong>, destac\u00f3 la importancia de la pol\u00edtica fiscal y las finanzas p\u00fablicas en el combate del cambio clim\u00e1tico, al tiempo de calificar la plataforma como un\u00a0<strong>espacio de intercambio y fortalecimiento de la agenda clim\u00e1tica de las naciones miembros.<\/strong><\/p>\n<div class=\"wp-block-image\">\n<figure class=\"aligncenter size-large\"><img loading=\"lazy\" data-attachment-id=\"28488\" data-permalink=\"https:\/\/elmundodelosnegocios.com.do\/v1\/index.php\/2023\/06\/01\/ministerios-de-finanzas-de-al-y-el-caribe-avanzan-plan-de-accion-de-la-plataforma-regional-de-cambio-climatico\/img_8667\/\" data-orig-file=\"https:\/\/i0.wp.com\/elmundodelosnegocios.com.do\/v1\/wp-content\/uploads\/2023\/06\/IMG_8667.jpeg?fit=1300%2C731&amp;ssl=1\" data-orig-size=\"1300,731\" data-comments-opened=\"0\" data-image-meta='{\"aperture\":\"0\",\"credit\":\"\",\"camera\":\"\",\"caption\":\"\",\"created_timestamp\":\"0\",\"copyright\":\"\",\"focal_length\":\"0\",\"iso\":\"0\",\"shutter_speed\":\"0\",\"title\":\"\",\"orientation\":\"0\"}' data-image-title=\"IMG_8667\" data-image-description=\"\" data-image-caption=\"\" data-medium-file=\"https:\/\/i0.wp.com\/elmundodelosnegocios.com.do\/v1\/wp-content\/uploads\/2023\/06\/IMG_8667.jpeg?fit=300%2C169&amp;ssl=1\" data-large-file=\"https:\/\/i0.wp.com\/elmundodelosnegocios.com.do\/v1\/wp-content\/uploads\/2023\/06\/IMG_8667.jpeg?fit=1024%2C576&amp;ssl=1\" decoding=\"async\" width=\"1024\" height=\"576\" src=\"https:\/\/i0.wp.com\/elmundodelosnegocios.com.do\/v1\/wp-content\/uploads\/2023\/06\/IMG_8667.jpeg?resize=1024,576\" alt=\"\" class=\"wp-image-28488\" srcset=\"https:\/\/i0.wp.com\/elmundodelosnegocios.com.do\/v1\/wp-content\/uploads\/2023\/06\/IMG_8667.jpeg?resize=1024,576&amp;ssl=1 1024w, https:\/\/i0.wp.com\/elmundodelosnegocios.com.do\/v1\/wp-content\/uploads\/2023\/06\/IMG_8667.jpeg?resize=300%2C169&amp;ssl=1 300w, https:\/\/i0.wp.com\/elmundodelosnegocios.com.do\/v1\/wp-content\/uploads\/2023\/06\/IMG_8667.jpeg?resize=768%2C432&amp;ssl=1 768w, https:\/\/i0.wp.com\/elmundodelosnegocios.com.do\/v1\/wp-content\/uploads\/2023\/06\/IMG_8667.jpeg?w=1300&amp;ssl=1 1300w\" sizes=\"auto, (max-width: 1024px) 100vw, 1024px\" data-recalc-dims=\"1\"><\/figure>\n<\/div>\n<p><em>\u201cEs un instrumento \u00fanico y poderoso para abordar los desaf\u00edos complejos y multifac\u00e9ticos en t\u00e9rminos sociales, econ\u00f3micos y fiscales relacionados al cambio clim\u00e1tico y desarrollo sostenible. Su establecimiento refleja nuestra determinaci\u00f3n colectiva de actuar y encontrar soluciones efectivas a los problemas que enfrentamos\u201d,<\/em>\u00a0manifest\u00f3 Vicente.<\/p>\n<p><strong>Reconoci\u00f3 el rol del Banco Interamericano de Desarrollo (BID),<\/strong>\u00a0el cual act\u00faa como secretario t\u00e9cnico de la plataforma, y la labor de los pa\u00edses l\u00edderes de los tres grupos de trabajo:\u00a0<strong>M\u00e9xico, Chile y Paraguay.<\/strong><\/p>\n<p><strong>Emilio Pineda<\/strong>, jefe de la Divisi\u00f3n de Gesti\u00f3n Fiscal del BID, reconoci\u00f3 el liderazgo del Ministerio de Hacienda de Rep\u00fablica Dominicana como presidente pro tempore, que asumi\u00f3 el\u00a0<strong>desaf\u00edo de poner en marcha la plataforma bajo<\/strong>\u00a0el principio de trabajo de la apropiaci\u00f3n y participaci\u00f3n de sus pa\u00edses miembros.<\/p>\n<p><em>\u201cCon el compromiso de los pa\u00edses miembros se ha avanzado en la creaci\u00f3n de una agenda de conocimiento conjunta, el an\u00e1lisis de soluciones pr\u00e1cticas y adaptadas al contexto regional, el intercambio de buenas pr\u00e1cticas en la implementaci\u00f3n de acciones concretas para atender los desaf\u00edos socioecon\u00f3micos asociados con el cambio clim\u00e1tico y el desarrollo sostenible\u201d<\/em>, declar\u00f3 Pineda.<\/p>\n<p>La plataforma procura dar un mejor uso a los recursos p\u00fablicos para promover una\u00a0<strong>transici\u00f3n a econom\u00edas bajas en emisiones de carbono<\/strong>, resilientes a los impactos del cambio clim\u00e1tico y cumplir con las metas del\u00a0<strong>Acuerdo de Par\u00eds<\/strong>.<\/p>\n<p>En las sesiones de trabajo, que se llevan a cabo desde el 30 de mayo hasta el 1 de junio en Punta Cana, se abordan los avances realizados por los grupos de trabajo y se acordar\u00e1n los pasos para establecer un\u00a0<strong>mecanismo de seguimiento de los estados miembros en materia de pol\u00edtica fiscal y cambio clim\u00e1tico<\/strong>, con el prop\u00f3sito de evidenciar c\u00f3mo, con apoyo de la plataforma, los pa\u00edses van implementando su\u00a0<strong>agenda fiscal verde<\/strong>\u00a0para lograr una transici\u00f3n energ\u00e9tica justa y una mayor resiliencia de sus econom\u00edas.<\/p>\n<p>Tambi\u00e9n, se pactar\u00e1 poner en marcha el proceso de\u00a0<strong>elecci\u00f3n del pa\u00eds que asumir\u00e1 la presidencia pro tempore\u00a0<\/strong>una vez que Rep\u00fablica Dominicana concluya su mandato, en agosto de 2023.<\/p>\n<p>De igual forma, en los encuentros se tratan temas relacionados con la gesti\u00f3n de la\u00a0<strong>deuda y el financiamiento verde<\/strong>, liderado por la Secretar\u00eda de Hacienda y Cr\u00e9dito P\u00fablico de M\u00e9xico;\u00a0<strong>los ingresos e incentivos fiscales<\/strong>, por el Ministerio de Hacienda de Chile, y\u00a0<strong>la gesti\u00f3n del gasto p\u00fablico clim\u00e1tico<\/strong>, por el Ministerio de Hacienda de Paraguay.<\/p>\n<\/div>\n","protected":false},"excerpt":{"rendered":"<p>Punta Cana.- Tras arribar al primer a\u00f1o de funcionamiento de la\u00a0Plataforma Regional de Cambio Clim\u00e1tico, los representantes de los ministerios de\u00a0Hacienda, Econom\u00eda y Finanzas de Am\u00e9rica Latina y el Caribe&hellip; <\/p>\n","protected":false},"author":2,"featured_media":3329,"comment_status":"closed","ping_status":"closed","sticky":false,"template":"","format":"standard","meta":{"fifu_image_url":"https:\/\/i0.wp.com\/elmundodelosnegocios.com.do\/v1\/wp-content\/uploads\/2023\/06\/IMG_8667.jpeg?resize=1024,576","fifu_image_alt":"Ministerios de Finanzas de AL y el Caribe avanzan plan de acci\u00f3n de la Plataforma Regional de Cambio Clim\u00e1tico","footnotes":""},"categories":[63],"tags":[],"class_list":["post-3328","post","type-post","status-publish","format-standard","has-post-thumbnail","hentry","category-actualidad"],"_links":{"self":[{"href":"https:\/\/elmundodelapolitica.com\/v1\/wp-json\/wp\/v2\/posts\/3328","targetHints":{"allow":["GET"]}}],"collection":[{"href":"https:\/\/elmundodelapolitica.com\/v1\/wp-json\/wp\/v2\/posts"}],"about":[{"href":"https:\/\/elmundodelapolitica.com\/v1\/wp-json\/wp\/v2\/types\/post"}],"author":[{"embeddable":true,"href":"https:\/\/elmundodelapolitica.com\/v1\/wp-json\/wp\/v2\/users\/2"}],"replies":[{"embeddable":true,"href":"https:\/\/elmundodelapolitica.com\/v1\/wp-json\/wp\/v2\/comments?post=3328"}],"version-history":[{"count":0,"href":"https:\/\/elmundodelapolitica.com\/v1\/wp-json\/wp\/v2\/posts\/3328\/revisions"}],"wp:featuredmedia":[{"embeddable":true,"href":"https:\/\/elmundodelapolitica.com\/v1\/wp-json\/wp\/v2\/media\/3329"}],"wp:attachment":[{"href":"https:\/\/elmundodelapolitica.com\/v1\/wp-json\/wp\/v2\/media?parent=3328"}],"wp:term":[{"taxonomy":"category","embeddable":true,"href":"https:\/\/elmundodelapolitica.com\/v1\/wp-json\/wp\/v2\/categories?post=3328"},{"taxonomy":"post_tag","embeddable":true,"href":"https:\/\/elmundodelapolitica.com\/v1\/wp-json\/wp\/v2\/tags?post=3328"}],"curies":[{"name":"wp","href":"https:\/\/api.w.org\/{rel}","templated":true}]}}