{"id":3290,"date":"2023-05-29T21:33:50","date_gmt":"2023-05-30T01:33:50","guid":{"rendered":"https:\/\/elmundodelapolitica.com\/v1\/?p=3290"},"modified":"2023-05-29T21:33:50","modified_gmt":"2023-05-30T01:33:50","slug":"la-simv-habilita-el-espacio-interactivo-mesa-de-innovacion","status":"publish","type":"post","link":"https:\/\/elmundodelapolitica.com\/v1\/la-simv-habilita-el-espacio-interactivo-mesa-de-innovacion\/","title":{"rendered":"La SIMV habilita el espacio interactivo: \u201cMesa de Innovaci\u00f3n"},"content":{"rendered":"<div>\n<p><strong>Santo Domingo.<\/strong>\u00a0La Superintendencia del\u00a0<a href=\"https:\/\/simv.gob.do\/glossary\/mercado-de-valores\/\">Mercado de Valores<\/a>\u00a0(SIMV), llev\u00f3 a cabo el lanzamiento de la \u201cMesa de Innovaci\u00f3n\u201d, un nuevo espacio interactivo a trav\u00e9s del cual los Participantes del Mercado y el p\u00fablico en general, tienen la oportunidad de sostener intercambios con la instituci\u00f3n sobre tecnolog\u00eda financiera vinculada al\u00a0<a href=\"https:\/\/simv.gob.do\/glossary\/mercado-de-valores\/\">mercado de valores<\/a>\u00a0o plantear inquietudes que puedan surgir en cuanto a innovaci\u00f3n financiera en este sector.<\/p>\n<p>Esta iniciativa tiene como objetivo promover la digitalizaci\u00f3n, innovaci\u00f3n y uso de tecnolog\u00eda financiera en el\u00a0<a href=\"https:\/\/simv.gob.do\/glossary\/mercado-de-valores\/\">mercado de valores<\/a>\u00a0dominicano, as\u00ed como fomentar la inclusi\u00f3n financiera.<\/p>\n<p>Otra finalidad es fungir como canal para propuestas normativas vinculadas al uso de tecnolog\u00eda financiera en el\u00a0<a href=\"https:\/\/simv.gob.do\/glossary\/mercado-de-valores\/\">mercado de valores<\/a>\u00a0y evaluar proyectos sustentados en ella, que pretendan ser implementados por los Participantes del\u00a0<a href=\"https:\/\/simv.gob.do\/glossary\/mercado-de-valores\/\">Mercado de Valores<\/a>\u00a0o FinTechs.<\/p>\n<figure class=\"wp-block-image\"><img data-attachment-id=\"15435\" data-permalink=\"https:\/\/elmundodelosnegocios.com.do\/v1\/index.php\/2022\/03\/14\/la-pina-es-ideal-para-combatir-estres-y-mejorar-salud\/la-pina-es-ideal-para-combatir-estres-y-mejorar-salud\/\" data-orig-file=\"https:\/\/i0.wp.com\/elmundodelosnegocios.com.do\/v1\/wp-content\/uploads\/2022\/03\/g85274c86e761fcf2058d340b133c5f4b548cd21803884957a4dc6c1857b810f201adaa5e5780b71d43d96c0d9d48e6da_640.jpg?fit=640%2C482&amp;ssl=1\" data-orig-size=\"640,482\" data-comments-opened=\"0\" data-image-meta='{\"aperture\":\"6.3\",\"credit\":\"\",\"camera\":\"Canon EOS 80D\",\"caption\":\"\",\"created_timestamp\":\"0\",\"copyright\":\"\",\"focal_length\":\"22\",\"iso\":\"100\",\"shutter_speed\":\"0.01\",\"title\":\"\",\"orientation\":\"0\"}' data-image-title=\"La pi\u00f1a es ideal para combatir estr\u00e9s y mejorar salud\" data-image-description=\"\" data-image-caption=\"\" data-medium-file=\"https:\/\/i0.wp.com\/elmundodelosnegocios.com.do\/v1\/wp-content\/uploads\/2022\/03\/g85274c86e761fcf2058d340b133c5f4b548cd21803884957a4dc6c1857b810f201adaa5e5780b71d43d96c0d9d48e6da_640.jpg?fit=300%2C226&amp;ssl=1\" data-large-file=\"https:\/\/i0.wp.com\/elmundodelosnegocios.com.do\/v1\/wp-content\/uploads\/2022\/03\/g85274c86e761fcf2058d340b133c5f4b548cd21803884957a4dc6c1857b810f201adaa5e5780b71d43d96c0d9d48e6da_640.jpg?fit=640%2C482&amp;ssl=1\" decoding=\"async\" src=\"https:\/\/i0.wp.com\/simv.gob.do\/wp-content\/uploads\/2023\/05\/Imagen-2-1024x681.jpg?resize=1024,681&amp;ssl=1\" alt=\"\" class=\"wp-image-15435\" data-recalc-dims=\"1\"><\/figure>\n<p>A trav\u00e9s de este canal, se llevar\u00e1n a cabo las mesas de trabajo e intercambios relacionados con la \u201cresoluci\u00f3n sobre vinculaci\u00f3n (onboarding) digital, uso de medios digitales y canales no presenciales en el\u00a0<a href=\"https:\/\/simv.gob.do\/glossary\/mercado-de-valores\/\">Mercado de Valores<\/a>\u201d, que se encuentra en consulta p\u00fablica desde el 12 de abril hasta el 15 de junio de 2023.<\/p>\n<p>Los interesados pueden solicitar una reuni\u00f3n a la \u201cMesa de Innovaci\u00f3n\u201d a trav\u00e9s del correo electr\u00f3nico: divisiondeinnovacion@simv.gob.do y pueden plantear sus consultas enviando una comunicaci\u00f3n a registrosimv@simv.gob.do o, presencialmente, a las instalaciones de la instituci\u00f3n.<\/p>\n<\/div>\n","protected":false},"excerpt":{"rendered":"<p>Santo Domingo.\u00a0La Superintendencia del\u00a0Mercado de Valores\u00a0(SIMV), llev\u00f3 a cabo el lanzamiento de la \u201cMesa de Innovaci\u00f3n\u201d, un nuevo espacio interactivo a trav\u00e9s del cual los Participantes del Mercado y el&hellip; <\/p>\n","protected":false},"author":2,"featured_media":3291,"comment_status":"closed","ping_status":"closed","sticky":false,"template":"","format":"standard","meta":{"fifu_image_url":"https:\/\/i0.wp.com\/simv.gob.do\/wp-content\/uploads\/2023\/05\/Imagen-2-1024x681.jpg?resize=1024,681&ssl=1","fifu_image_alt":"La SIMV habilita el espacio interactivo: \u201cMesa de Innovaci\u00f3n","footnotes":""},"categories":[63],"tags":[],"class_list":["post-3290","post","type-post","status-publish","format-standard","has-post-thumbnail","hentry","category-actualidad"],"_links":{"self":[{"href":"https:\/\/elmundodelapolitica.com\/v1\/wp-json\/wp\/v2\/posts\/3290","targetHints":{"allow":["GET"]}}],"collection":[{"href":"https:\/\/elmundodelapolitica.com\/v1\/wp-json\/wp\/v2\/posts"}],"about":[{"href":"https:\/\/elmundodelapolitica.com\/v1\/wp-json\/wp\/v2\/types\/post"}],"author":[{"embeddable":true,"href":"https:\/\/elmundodelapolitica.com\/v1\/wp-json\/wp\/v2\/users\/2"}],"replies":[{"embeddable":true,"href":"https:\/\/elmundodelapolitica.com\/v1\/wp-json\/wp\/v2\/comments?post=3290"}],"version-history":[{"count":0,"href":"https:\/\/elmundodelapolitica.com\/v1\/wp-json\/wp\/v2\/posts\/3290\/revisions"}],"wp:featuredmedia":[{"embeddable":true,"href":"https:\/\/elmundodelapolitica.com\/v1\/wp-json\/wp\/v2\/media\/3291"}],"wp:attachment":[{"href":"https:\/\/elmundodelapolitica.com\/v1\/wp-json\/wp\/v2\/media?parent=3290"}],"wp:term":[{"taxonomy":"category","embeddable":true,"href":"https:\/\/elmundodelapolitica.com\/v1\/wp-json\/wp\/v2\/categories?post=3290"},{"taxonomy":"post_tag","embeddable":true,"href":"https:\/\/elmundodelapolitica.com\/v1\/wp-json\/wp\/v2\/tags?post=3290"}],"curies":[{"name":"wp","href":"https:\/\/api.w.org\/{rel}","templated":true}]}}