{"id":3287,"date":"2023-05-29T20:41:25","date_gmt":"2023-05-30T00:41:25","guid":{"rendered":"https:\/\/elmundodelapolitica.com\/v1\/?p=3287"},"modified":"2023-05-29T20:41:25","modified_gmt":"2023-05-30T00:41:25","slug":"gobierno-dominicano-y-waze-de-google-anuncian-colaboracion-para-reducir-accidentes-de-transito-y-tiempos-de-congestion-vehicular","status":"publish","type":"post","link":"https:\/\/elmundodelapolitica.com\/v1\/gobierno-dominicano-y-waze-de-google-anuncian-colaboracion-para-reducir-accidentes-de-transito-y-tiempos-de-congestion-vehicular\/","title":{"rendered":"Gobierno dominicano y Waze de Google anuncian colaboraci\u00f3n para reducir accidentes de tr\u00e1nsito y tiempos de congesti\u00f3n vehicular"},"content":{"rendered":"<div>\n<p>Santo Domingo. \u2013\u00a0<strong>El presidente Luis Abinader<\/strong>\u00a0tuvo este lunes una reuni\u00f3n con\u00a0<strong>ejecutivos de Waze de Google<\/strong>, donde anunciaron la colaboraci\u00f3n con el Gobierno para integrar<strong>\u00a0tecnolog\u00edas y un sistema innovador para mejorar la seguridad vial al circular en todo el territorio nacional.\u00a0<\/strong><\/p>\n<figure class=\"wp-block-image size-large\"><img data-attachment-id=\"28392\" data-permalink=\"https:\/\/elmundodelosnegocios.com.do\/v1\/index.php\/2023\/05\/29\/gobierno-dominicano-y-waze-de-google-anuncian-colaboracion-para-reducir-accidentes-de-transito-y-tiempos-de-congestion-vehicular\/whatsapp-image-2023-05-29-at-9-14-02-pm\/\" data-orig-file=\"https:\/\/i0.wp.com\/elmundodelosnegocios.com.do\/v1\/wp-content\/uploads\/2023\/05\/WhatsApp-Image-2023-05-29-at-9.14.02-PM.jpeg?fit=1300%2C731&amp;ssl=1\" data-orig-size=\"1300,731\" data-comments-opened=\"0\" data-image-meta='{\"aperture\":\"0\",\"credit\":\"\",\"camera\":\"\",\"caption\":\"\",\"created_timestamp\":\"0\",\"copyright\":\"\",\"focal_length\":\"0\",\"iso\":\"0\",\"shutter_speed\":\"0\",\"title\":\"\",\"orientation\":\"0\"}' data-image-title=\"WhatsApp-Image-2023-05-29-at-9.14.02-PM\" data-image-description=\"\" data-image-caption=\"\" data-medium-file=\"https:\/\/i0.wp.com\/elmundodelosnegocios.com.do\/v1\/wp-content\/uploads\/2023\/05\/WhatsApp-Image-2023-05-29-at-9.14.02-PM.jpeg?fit=300%2C169&amp;ssl=1\" data-large-file=\"https:\/\/i0.wp.com\/elmundodelosnegocios.com.do\/v1\/wp-content\/uploads\/2023\/05\/WhatsApp-Image-2023-05-29-at-9.14.02-PM.jpeg?fit=1024%2C576&amp;ssl=1\" decoding=\"async\" loading=\"lazy\" width=\"1024\" height=\"576\" src=\"https:\/\/i0.wp.com\/elmundodelosnegocios.com.do\/v1\/wp-content\/uploads\/2023\/05\/WhatsApp-Image-2023-05-29-at-9.14.02-PM-1024x576.jpeg?resize=1024,576&amp;ssl=1\" alt=\"\" class=\"wp-image-28392\" srcset=\"https:\/\/i0.wp.com\/elmundodelosnegocios.com.do\/v1\/wp-content\/uploads\/2023\/05\/WhatsApp-Image-2023-05-29-at-9.14.02-PM.jpeg?resize=1024%2C576&amp;ssl=1 1024w, https:\/\/i0.wp.com\/elmundodelosnegocios.com.do\/v1\/wp-content\/uploads\/2023\/05\/WhatsApp-Image-2023-05-29-at-9.14.02-PM.jpeg?resize=300%2C169&amp;ssl=1 300w, https:\/\/i0.wp.com\/elmundodelosnegocios.com.do\/v1\/wp-content\/uploads\/2023\/05\/WhatsApp-Image-2023-05-29-at-9.14.02-PM.jpeg?resize=768%2C432&amp;ssl=1 768w, https:\/\/i0.wp.com\/elmundodelosnegocios.com.do\/v1\/wp-content\/uploads\/2023\/05\/WhatsApp-Image-2023-05-29-at-9.14.02-PM.jpeg?w=1300&amp;ssl=1 1300w\" sizes=\"auto, (max-width: 1024px) 100vw, 1024px\" data-recalc-dims=\"1\"><\/figure>\n<p>Como socio del programa\u00a0<strong>Waze for Cities<\/strong>, la Rep\u00fablica Dominicana utilizar\u00e1 la informaci\u00f3n que la\u00a0<strong>comunidad de usuarios<\/strong>\u00a0de Waze provee mediante reportes de incidentes en sus rutas, esto con el fin de observar las\u00a0<strong>intersecciones vehiculares y realizar an\u00e1lisis de datos para el mejoramiento del flujo de las v\u00edas urbanas.<\/strong><\/p>\n<p>Para este a\u00f1o 2023, el Gobierno de la Rep\u00fablica Dominicana, en coordinaci\u00f3n con el\u00a0<strong>Instituto Nacional de Tr\u00e1nsito y Transporte Terrestre (INTRANT),<\/strong>\u00a0se ha comprometido a ampliar el\u00a0<strong>Sistema Integral de Sem\u00e1foros Inteligentes<\/strong>\u00a0en todo el territorio nacional con la implementaci\u00f3n de\u00a0<strong>drones aut\u00f3nomos, sistemas adaptativos y anal\u00edtica en tiempo real<\/strong>\u00a0que permitir\u00e1 al pa\u00eds estar a la vanguardia tecnol\u00f3gica, al reducir los tiempos de congesti\u00f3n vehicular.<\/p>\n<p>Esta alianza con Waze reafirma el compromiso de la Presidencia de la Rep\u00fablica Dominicana por optimizar el tr\u00e1fico con tecnolog\u00eda innovadora para el\u00a0<strong>mejoramiento de las v\u00edas, la reducci\u00f3n de accidentes y la descongesti\u00f3n del tr\u00e1fico vehicular.\u00a0<\/strong><\/p>\n<p><strong>El director del INTRANT, Hugo Beras Goico,<\/strong>\u00a0destac\u00f3 la integraci\u00f3n de la Plataforma Waze For Cities con el sistema de\u00a0<strong>Anal\u00edtica de Accidentes y Congestionamiento Vehicular del INTRANT<\/strong>, para desplegar drones a las intersecciones en las cuales se podr\u00e1n visualizar y tomar las decisiones en tiempo real en lo referente a las ocurrencias del momento mediante las<strong>\u00a0alertas de los usuarios de Waze.<\/strong><\/p>\n<p>Asimismo, indic\u00f3 que con el apoyo de la comunidad de Waze y como socios de Waze for Cities, se est\u00e1n implementando nuevas tecnolog\u00edas para cambiar la forma en que se mueve la Rep\u00fablica Dominicana.<\/p>\n<p><em>\u201cQueremos compartir el compromiso del Presidente Luis Abinader y del Gobierno por mejorar las condiciones del tr\u00e1fico en todo el pa\u00eds. Esto se llevar\u00e1 a cabo ampliando el Sistema Integral de Sem\u00e1foros Inteligentes a febrero de 2024, continuando un Sistema de Licencias por puntos y creando el sistema de Inspecci\u00f3n T\u00e9cnica Vehicular\u201d,<\/em>\u00a0expres\u00f3.\u00a0<\/p>\n<p>De su lado,\u00a0<strong>Marcos \u00d3rdenes, m\u00e1nager regional de Waze para Hispanoam\u00e9rica,<\/strong>\u00a0manifest\u00f3 que una parte del programa Waze for Cities, es la\u00a0<strong>colaboraci\u00f3n con l\u00edderes en movilidad<\/strong>\u00a0para facilitar que las ciudades y otros socios del sector p\u00fablico obtengan lo mejor de su tecnolog\u00eda.\u00a0<\/p>\n<p><em>\u201cWaze se complace en asociarse con la Rep\u00fablica Dominicana en apoyo a mejorar las condiciones del tr\u00e1fico en el pa\u00eds. Gracias a nuestra comunidad de voluntarios en Waze, que mapean carreteras y lugares de inter\u00e9s, podemos garantizar que la informaci\u00f3n agregada a nuestros mapas est\u00e9 actualizada y sea precisa\u201d,<\/em>\u00a0dijo.<\/p>\n<p>El m\u00e1nager regional de Waze para Hispanoam\u00e9rica valor\u00f3 la asociaci\u00f3n con instituciones como el INTRANT, que sirve como un\u00a0<strong>excelente ejemplo del cambio que se puede traer a una comunidad.<\/strong><\/p>\n<p>Estuvieron presentes, el ministro de la Presidencia,\u00a0<strong>Joel Santos<\/strong>; el coordinador de Gabinete del INTRANT,\u00a0<strong>Frank D\u00edaz<\/strong>\u00a0y en representaci\u00f3n de Waze,\u00a0<strong>Radam\u00e9s Menc\u00eda<\/strong>.<\/p>\n<\/div>\n","protected":false},"excerpt":{"rendered":"<p>Santo Domingo. \u2013\u00a0El presidente Luis Abinader\u00a0tuvo este lunes una reuni\u00f3n con\u00a0ejecutivos de Waze de Google, donde anunciaron la colaboraci\u00f3n con el Gobierno para integrar\u00a0tecnolog\u00edas y un sistema innovador para mejorar&hellip; <\/p>\n","protected":false},"author":2,"featured_media":3288,"comment_status":"closed","ping_status":"closed","sticky":false,"template":"","format":"standard","meta":{"fifu_image_url":"https:\/\/i0.wp.com\/elmundodelosnegocios.com.do\/v1\/wp-content\/uploads\/2023\/05\/WhatsApp-Image-2023-05-29-at-9.14.02-PM-1024x576.jpeg?resize=1024,576&ssl=1","fifu_image_alt":"Gobierno dominicano y Waze de Google anuncian colaboraci\u00f3n para reducir accidentes de tr\u00e1nsito y tiempos de congesti\u00f3n vehicular","footnotes":""},"categories":[63],"tags":[],"class_list":["post-3287","post","type-post","status-publish","format-standard","has-post-thumbnail","hentry","category-actualidad"],"_links":{"self":[{"href":"https:\/\/elmundodelapolitica.com\/v1\/wp-json\/wp\/v2\/posts\/3287","targetHints":{"allow":["GET"]}}],"collection":[{"href":"https:\/\/elmundodelapolitica.com\/v1\/wp-json\/wp\/v2\/posts"}],"about":[{"href":"https:\/\/elmundodelapolitica.com\/v1\/wp-json\/wp\/v2\/types\/post"}],"author":[{"embeddable":true,"href":"https:\/\/elmundodelapolitica.com\/v1\/wp-json\/wp\/v2\/users\/2"}],"replies":[{"embeddable":true,"href":"https:\/\/elmundodelapolitica.com\/v1\/wp-json\/wp\/v2\/comments?post=3287"}],"version-history":[{"count":0,"href":"https:\/\/elmundodelapolitica.com\/v1\/wp-json\/wp\/v2\/posts\/3287\/revisions"}],"wp:featuredmedia":[{"embeddable":true,"href":"https:\/\/elmundodelapolitica.com\/v1\/wp-json\/wp\/v2\/media\/3288"}],"wp:attachment":[{"href":"https:\/\/elmundodelapolitica.com\/v1\/wp-json\/wp\/v2\/media?parent=3287"}],"wp:term":[{"taxonomy":"category","embeddable":true,"href":"https:\/\/elmundodelapolitica.com\/v1\/wp-json\/wp\/v2\/categories?post=3287"},{"taxonomy":"post_tag","embeddable":true,"href":"https:\/\/elmundodelapolitica.com\/v1\/wp-json\/wp\/v2\/tags?post=3287"}],"curies":[{"name":"wp","href":"https:\/\/api.w.org\/{rel}","templated":true}]}}