{"id":3285,"date":"2023-05-29T20:38:36","date_gmt":"2023-05-30T00:38:36","guid":{"rendered":"https:\/\/elmundodelapolitica.com\/v1\/?p=3285"},"modified":"2023-05-29T20:38:36","modified_gmt":"2023-05-30T00:38:36","slug":"ministerio-de-turismo-anuncia-nueva-ruta-aerea-de-arajet-entre-santiago-y-colombia","status":"publish","type":"post","link":"https:\/\/elmundodelapolitica.com\/v1\/ministerio-de-turismo-anuncia-nueva-ruta-aerea-de-arajet-entre-santiago-y-colombia\/","title":{"rendered":"Ministerio de Turismo anuncia nueva ruta a\u00e9rea de Arajet entre Santiago y Colombia"},"content":{"rendered":"<div>\n<p>Santiago de los Caballeros. \u2013\u00a0<strong>El ministro de Turismo, David Collado, y V\u00edctor Pacheco M\u00e9ndez, CEO y fundador de Arajet<\/strong>, encabezaron este lunes el anuncio oficial de la nueva ruta\u00a0<strong>Santiago (STI) \u2013 Medell\u00edn (MED)<\/strong>, que inicia el 17 de julio para marcar un\u00a0<strong>nuevo cap\u00edtulo de conectividad<\/strong>\u00a0entre la regi\u00f3n del Cibao y Colombia.<\/p>\n<figure class=\"wp-block-image size-large\"><img data-attachment-id=\"28389\" data-permalink=\"https:\/\/elmundodelosnegocios.com.do\/v1\/index.php\/2023\/05\/29\/ministerio-de-turismo-anuncia-nueva-ruta-aerea-de-arajet-entre-santiago-y-colombia\/img-20230529-wa0004-1\/\" data-orig-file=\"https:\/\/i0.wp.com\/elmundodelosnegocios.com.do\/v1\/wp-content\/uploads\/2023\/05\/IMG-20230529-WA0004-1.jpg?fit=1300%2C731&amp;ssl=1\" data-orig-size=\"1300,731\" data-comments-opened=\"0\" data-image-meta='{\"aperture\":\"0\",\"credit\":\"\",\"camera\":\"\",\"caption\":\"\",\"created_timestamp\":\"0\",\"copyright\":\"\",\"focal_length\":\"0\",\"iso\":\"0\",\"shutter_speed\":\"0\",\"title\":\"\",\"orientation\":\"0\"}' data-image-title=\"IMG-20230529-WA0004-1\" data-image-description=\"\" data-image-caption=\"\" data-medium-file=\"https:\/\/i0.wp.com\/elmundodelosnegocios.com.do\/v1\/wp-content\/uploads\/2023\/05\/IMG-20230529-WA0004-1.jpg?fit=300%2C169&amp;ssl=1\" data-large-file=\"https:\/\/i0.wp.com\/elmundodelosnegocios.com.do\/v1\/wp-content\/uploads\/2023\/05\/IMG-20230529-WA0004-1.jpg?fit=1024%2C576&amp;ssl=1\" decoding=\"async\" loading=\"lazy\" width=\"1024\" height=\"576\" src=\"https:\/\/i0.wp.com\/elmundodelosnegocios.com.do\/v1\/wp-content\/uploads\/2023\/05\/IMG-20230529-WA0004-1-1024x576.jpg?resize=1024,576&amp;ssl=1\" alt=\"\" class=\"wp-image-28389\" srcset=\"https:\/\/i0.wp.com\/elmundodelosnegocios.com.do\/v1\/wp-content\/uploads\/2023\/05\/IMG-20230529-WA0004-1.jpg?resize=1024%2C576&amp;ssl=1 1024w, https:\/\/i0.wp.com\/elmundodelosnegocios.com.do\/v1\/wp-content\/uploads\/2023\/05\/IMG-20230529-WA0004-1.jpg?resize=300%2C169&amp;ssl=1 300w, https:\/\/i0.wp.com\/elmundodelosnegocios.com.do\/v1\/wp-content\/uploads\/2023\/05\/IMG-20230529-WA0004-1.jpg?resize=768%2C432&amp;ssl=1 768w, https:\/\/i0.wp.com\/elmundodelosnegocios.com.do\/v1\/wp-content\/uploads\/2023\/05\/IMG-20230529-WA0004-1.jpg?w=1300&amp;ssl=1 1300w\" sizes=\"auto, (max-width: 1024px) 100vw, 1024px\" data-recalc-dims=\"1\"><\/figure>\n<p><strong>Arajet, la aerol\u00ednea de precios bajos del Caribe,<\/strong>\u00a0anunci\u00f3 en una rueda de prensa en el Aeropuerto Internacional del Cibao la pr\u00f3xima apertura de su ruta Santiago (STI) \u2013 Medell\u00edn (MED).<\/p>\n<p><em>\u201cEste a\u00f1o nos comprometimos en el marco de ANATO a brindarles a los santiagueros la posibilidad de viajar sin escalas a Colombia desde el Aeropuerto Internacional del Cibao, y hoy estamos honrando esa promesa\u201d,<\/em>\u00a0asegur\u00f3 V\u00edctor Pacheco M\u00e9ndez, CEO y fundador de Arajet, acompa\u00f1ado del ministro de Turismo,\u00a0<strong>David Collado<\/strong>, as\u00ed como de los empresarios\u00a0<strong>Manuel Estrella y Jos\u00e9 Clase<\/strong>, miembros del Consejo de Administraci\u00f3n del Aeropuerto Internacional del Cibao.<\/p>\n<p><em>\u201cDesde el Ministerio de Turismo estamos comprometidos con el desarrollo tur\u00edstico de todos los rincones del pa\u00eds; por eso en ANATO nos comprometimos a apoyar esta nueva ruta de Arajet y estoy seguro de que se ir\u00e1n agregando nuevas rutas que hagan de Santiago de los Caballeros y del Cibao un destino tur\u00edstico de excelencia\u201d,<\/em>\u00a0expres\u00f3 el ministro Collado.<\/p>\n<p>Pacheco explic\u00f3 que, a partir del 17 de julio, Santiago contar\u00e1 gracias a Arajet con\u00a0<strong>dos frecuencias semanales a Medell\u00edn,\u00a0<\/strong>lo que permitir\u00e1 estrechar los lazos entre ambas ciudades y fortalecer el\u00a0<strong>intercambio tur\u00edstico, econ\u00f3mico y comercial.<\/strong><\/p>\n<p>La nueva ruta desde Santiago a Medell\u00edn ofrece\u00a0<strong>vuelos los lunes y jueves<\/strong>, saliendo de Santiago los lunes a las 4 de la tarde y llegando a Medell\u00edn a las 5:35. Sale de Medell\u00edn a las 18:20 y llega a Santiago a las 10 de la noche. Los jueves, la ruta inicia a las 7:45 de la ma\u00f1ana en la ciudad de Santiago, con llegada a Medell\u00edn a las 9:20, y saliendo de Medell\u00edn a las 10:05 para llegar a Santiago a las 13:45 de la tarde.<\/p>\n<p>Pacheco inform\u00f3 que Arajet naci\u00f3 siendo la aerol\u00ednea con la\u00a0<strong>flota m\u00e1s respetuosa del medio ambiente<\/strong>\u00a0con 5 aviones nuevos y c5 aviones que se agregar\u00e1n en 2023, para terminar el a\u00f1o con un total de\u00a0<strong>10 aviones con tecnolog\u00eda de \u00faltima generaci\u00f3n<\/strong>,\u00a0<strong>con una eficiencia que les permite ahorrar un 14 % en combustible e impactar un 40 % menos en poluci\u00f3n s\u00f3nica.<\/strong><\/p>\n<\/div>\n","protected":false},"excerpt":{"rendered":"<p>Santiago de los Caballeros. \u2013\u00a0El ministro de Turismo, David Collado, y V\u00edctor Pacheco M\u00e9ndez, CEO y fundador de Arajet, encabezaron este lunes el anuncio oficial de la nueva ruta\u00a0Santiago (STI)&hellip; <\/p>\n","protected":false},"author":2,"featured_media":3286,"comment_status":"closed","ping_status":"closed","sticky":false,"template":"","format":"standard","meta":{"fifu_image_url":"https:\/\/i0.wp.com\/elmundodelosnegocios.com.do\/v1\/wp-content\/uploads\/2023\/05\/IMG-20230529-WA0004-1-1024x576.jpg?resize=1024,576&ssl=1","fifu_image_alt":"Ministerio de Turismo anuncia nueva ruta a\u00e9rea de Arajet entre Santiago y Colombia","footnotes":""},"categories":[63],"tags":[],"class_list":["post-3285","post","type-post","status-publish","format-standard","has-post-thumbnail","hentry","category-actualidad"],"_links":{"self":[{"href":"https:\/\/elmundodelapolitica.com\/v1\/wp-json\/wp\/v2\/posts\/3285","targetHints":{"allow":["GET"]}}],"collection":[{"href":"https:\/\/elmundodelapolitica.com\/v1\/wp-json\/wp\/v2\/posts"}],"about":[{"href":"https:\/\/elmundodelapolitica.com\/v1\/wp-json\/wp\/v2\/types\/post"}],"author":[{"embeddable":true,"href":"https:\/\/elmundodelapolitica.com\/v1\/wp-json\/wp\/v2\/users\/2"}],"replies":[{"embeddable":true,"href":"https:\/\/elmundodelapolitica.com\/v1\/wp-json\/wp\/v2\/comments?post=3285"}],"version-history":[{"count":0,"href":"https:\/\/elmundodelapolitica.com\/v1\/wp-json\/wp\/v2\/posts\/3285\/revisions"}],"wp:featuredmedia":[{"embeddable":true,"href":"https:\/\/elmundodelapolitica.com\/v1\/wp-json\/wp\/v2\/media\/3286"}],"wp:attachment":[{"href":"https:\/\/elmundodelapolitica.com\/v1\/wp-json\/wp\/v2\/media?parent=3285"}],"wp:term":[{"taxonomy":"category","embeddable":true,"href":"https:\/\/elmundodelapolitica.com\/v1\/wp-json\/wp\/v2\/categories?post=3285"},{"taxonomy":"post_tag","embeddable":true,"href":"https:\/\/elmundodelapolitica.com\/v1\/wp-json\/wp\/v2\/tags?post=3285"}],"curies":[{"name":"wp","href":"https:\/\/api.w.org\/{rel}","templated":true}]}}