{"id":3277,"date":"2023-05-29T13:36:39","date_gmt":"2023-05-29T17:36:39","guid":{"rendered":"https:\/\/elmundodelapolitica.com\/v1\/?p=3277"},"modified":"2023-05-29T13:36:39","modified_gmt":"2023-05-29T17:36:39","slug":"cnss-aprueba-el-contrato-poliza-de-discapacidad-sobrevivencia-del-regimen-contributivo-y-trabajadores-domesticos","status":"publish","type":"post","link":"https:\/\/elmundodelapolitica.com\/v1\/cnss-aprueba-el-contrato-poliza-de-discapacidad-sobrevivencia-del-regimen-contributivo-y-trabajadores-domesticos\/","title":{"rendered":"CNSS aprueba el Contrato P\u00f3liza de Discapacidad, Sobrevivencia del R\u00e9gimen Contributivo y trabajadores dom\u00e9sticos"},"content":{"rendered":"<div>\n<p>Santo Domingo.- El Consejo Nacional de Seguridad Social<strong>\u00a0(CNSS)<\/strong>\u00a0aprob\u00f3 el\u00a0<strong>Contrato P\u00f3liza de Discapacidad y Sobrevivencia<\/strong>\u00a0entre las Administradoras de Fondos de Pensiones\u00a0<strong>(AFP) y las Compa\u00f1\u00edas de Seguros<\/strong>\u00a0para el R\u00e9gimen Contributivo y para los afiliados al Plan Piloto del\u00a0<strong>R\u00e9gimen Contributivo-Subsidiado de los Trabajadores Dom\u00e9sticos.<\/strong><\/p>\n<p>El contrato p\u00f3liza, es un acuerdo entre las AFP y las compa\u00f1\u00edas de seguro, con el objetivo de garantizar una\u00a0<strong>pensi\u00f3n al afiliado del Sistema Dominicano de Seguridad Social (SDSS) ante una discapacidad y, en caso de fallecimiento,<\/strong>\u00a0<strong>una pensi\u00f3n para sus familiares<\/strong>.<\/p>\n<p>Este contrato p\u00f3liza, aprobado mediante la\u00a0<strong>Resoluci\u00f3n del CNSS 569-03\u00a0<\/strong>incluye una serie de beneficios, entre ellos que el cotizante\u00a0<strong>tendr\u00e1 20 a\u00f1os para reclamar su pensi\u00f3n.\u00a0<\/strong>Esto ampl\u00eda y facilita el tiempo de solicitud que tendr\u00e1 el afiliado para reclamar su derecho.<\/p>\n<p>Tambi\u00e9n se\u00a0<strong>simplifican los requisitos<\/strong>\u00a0para obtener las pensiones por\u00a0<strong>discapacidad o sobrevivencia<\/strong>\u00a0y se incluye los\u00a0<strong>trabajadores dom\u00e9sticos.\u00a0<\/strong>La discapacidad se reconoce a partir de la fecha de concreci\u00f3n, lo cual es conveniente para el afiliado. Tambi\u00e9n se har\u00e1\u00a0<strong>un mejor c\u00e1lculo de los salarios para las pensiones.<\/strong><\/p>\n<p>La cobertura del Seguro de Discapacidad y Sobrevivencia inicia, para cada afiliado, a partir del momento en que su\u00a0<strong>empleador realice el pago a la Tesorer\u00eda de la Seguridad Social<\/strong>, de las aportaciones previsionales correspondientes a trav\u00e9s de los medios de pagos autorizados, la cual se lo deber\u00e1 informar a la Administradora de Fondos de Pensiones contratante de la p\u00f3liza de Seguro.<\/p>\n<p>En caso de que el empleador haya realizado las aportaciones previsionales por cuenta de sus empleados y ocurra el fallecimiento o la discapacidad de un afiliado sin que se haya remitido el pago a la compa\u00f1\u00eda de seguros,\u00a0<strong>la Tesorer\u00eda de la Seguridad Social emitir\u00e1 una certificaci\u00f3n, a requerimiento de la AFP,<\/strong>\u00a0para informar sobre la situaci\u00f3n, la cual ser\u00e1 a su vez remitida a la compa\u00f1\u00eda aseguradora.<\/p>\n<\/div>\n","protected":false},"excerpt":{"rendered":"<p>Santo Domingo.- El Consejo Nacional de Seguridad Social\u00a0(CNSS)\u00a0aprob\u00f3 el\u00a0Contrato P\u00f3liza de Discapacidad y Sobrevivencia\u00a0entre las Administradoras de Fondos de Pensiones\u00a0(AFP) y las Compa\u00f1\u00edas de Seguros\u00a0para el R\u00e9gimen Contributivo y para&hellip; <\/p>\n","protected":false},"author":2,"featured_media":0,"comment_status":"closed","ping_status":"closed","sticky":false,"template":"","format":"standard","meta":{"fifu_image_url":"","fifu_image_alt":"","footnotes":""},"categories":[63],"tags":[],"class_list":["post-3277","post","type-post","status-publish","format-standard","hentry","category-actualidad"],"_links":{"self":[{"href":"https:\/\/elmundodelapolitica.com\/v1\/wp-json\/wp\/v2\/posts\/3277","targetHints":{"allow":["GET"]}}],"collection":[{"href":"https:\/\/elmundodelapolitica.com\/v1\/wp-json\/wp\/v2\/posts"}],"about":[{"href":"https:\/\/elmundodelapolitica.com\/v1\/wp-json\/wp\/v2\/types\/post"}],"author":[{"embeddable":true,"href":"https:\/\/elmundodelapolitica.com\/v1\/wp-json\/wp\/v2\/users\/2"}],"replies":[{"embeddable":true,"href":"https:\/\/elmundodelapolitica.com\/v1\/wp-json\/wp\/v2\/comments?post=3277"}],"version-history":[{"count":0,"href":"https:\/\/elmundodelapolitica.com\/v1\/wp-json\/wp\/v2\/posts\/3277\/revisions"}],"wp:attachment":[{"href":"https:\/\/elmundodelapolitica.com\/v1\/wp-json\/wp\/v2\/media?parent=3277"}],"wp:term":[{"taxonomy":"category","embeddable":true,"href":"https:\/\/elmundodelapolitica.com\/v1\/wp-json\/wp\/v2\/categories?post=3277"},{"taxonomy":"post_tag","embeddable":true,"href":"https:\/\/elmundodelapolitica.com\/v1\/wp-json\/wp\/v2\/tags?post=3277"}],"curies":[{"name":"wp","href":"https:\/\/api.w.org\/{rel}","templated":true}]}}