{"id":3273,"date":"2023-05-28T17:15:40","date_gmt":"2023-05-28T21:15:40","guid":{"rendered":"https:\/\/elmundodelapolitica.com\/v1\/?p=3273"},"modified":"2023-05-28T17:15:40","modified_gmt":"2023-05-28T21:15:40","slug":"cartera-de-creditos-de-la-banca-multiple-aumento-15-6-con-respecto-a-abril-de-2022","status":"publish","type":"post","link":"https:\/\/elmundodelapolitica.com\/v1\/cartera-de-creditos-de-la-banca-multiple-aumento-15-6-con-respecto-a-abril-de-2022\/","title":{"rendered":"Cartera de cr\u00e9ditos de la banca m\u00faltiple aument\u00f3 15.6% con respecto a abril de 2022"},"content":{"rendered":"<div>\n<p><em>La ABA explic\u00f3 que el financiamiento al sector comercial encabeza la composici\u00f3n de la cartera de cr\u00e9ditos, concentrando el 59% al mes de abril de 2023.<\/em><\/p>\n<p><strong>Santo Domingo, Rep. Dom.-<\/strong>\u00a0La Asociaci\u00f3n de Bancos M\u00faltiples de la Rep\u00fablica Dominicana (ABA) inform\u00f3 que la cartera de cr\u00e9ditos neta del sector bancario totaliz\u00f3 RD$1.4 billones al finalizar el primer cuatrimestre del a\u00f1o, con un crecimiento equivalente al 15.6% con respecto a abril del a\u00f1o 2022.<\/p>\n<p>La ABA explic\u00f3 que el financiamiento al sector comercial encabeza la composici\u00f3n de la cartera de cr\u00e9ditos, concentrando el 59% al mes de abril de 2023, seguida de los pr\u00e9stamos al consumo con 27% y los cr\u00e9ditos hipotecarios con un 14%.<\/p>\n<figure class=\"wp-block-image size-large\"><img loading=\"lazy\" data-attachment-id=\"28352\" data-permalink=\"https:\/\/elmundodelosnegocios.com.do\/v1\/index.php\/2023\/05\/28\/cartera-de-creditos-de-la-banca-multiple-aumento-15-6-con-respecto-a-abril-de-2022\/grfico_1_cartera_de_crdito\/\" data-orig-file=\"https:\/\/i0.wp.com\/elmundodelosnegocios.com.do\/v1\/wp-content\/uploads\/2023\/05\/Grfico_1_Cartera_de_crdito.png?fit=1920%2C1080&amp;ssl=1\" data-orig-size=\"1920,1080\" data-comments-opened=\"0\" data-image-meta='{\"aperture\":\"0\",\"credit\":\"\",\"camera\":\"\",\"caption\":\"\",\"created_timestamp\":\"0\",\"copyright\":\"\",\"focal_length\":\"0\",\"iso\":\"0\",\"shutter_speed\":\"0\",\"title\":\"\",\"orientation\":\"0\"}' data-image-title=\"Grfico_1_Cartera_de_crdito\" data-image-description=\"\" data-image-caption=\"\" data-medium-file=\"https:\/\/i0.wp.com\/elmundodelosnegocios.com.do\/v1\/wp-content\/uploads\/2023\/05\/Grfico_1_Cartera_de_crdito.png?fit=300%2C169&amp;ssl=1\" data-large-file=\"https:\/\/i0.wp.com\/elmundodelosnegocios.com.do\/v1\/wp-content\/uploads\/2023\/05\/Grfico_1_Cartera_de_crdito.png?fit=1024%2C576&amp;ssl=1\" decoding=\"async\" width=\"1024\" height=\"576\" src=\"https:\/\/i0.wp.com\/elmundodelosnegocios.com.do\/v1\/wp-content\/uploads\/2023\/05\/Grfico_1_Cartera_de_crdito-1024x576.png?resize=1024,576&amp;ssl=1\" alt=\"\" class=\"wp-image-28352\" srcset=\"https:\/\/i0.wp.com\/elmundodelosnegocios.com.do\/v1\/wp-content\/uploads\/2023\/05\/Grfico_1_Cartera_de_crdito.png?resize=1024%2C576&amp;ssl=1 1024w, https:\/\/i0.wp.com\/elmundodelosnegocios.com.do\/v1\/wp-content\/uploads\/2023\/05\/Grfico_1_Cartera_de_crdito.png?resize=300%2C169&amp;ssl=1 300w, https:\/\/i0.wp.com\/elmundodelosnegocios.com.do\/v1\/wp-content\/uploads\/2023\/05\/Grfico_1_Cartera_de_crdito.png?resize=768%2C432&amp;ssl=1 768w, https:\/\/i0.wp.com\/elmundodelosnegocios.com.do\/v1\/wp-content\/uploads\/2023\/05\/Grfico_1_Cartera_de_crdito.png?resize=1536%2C864&amp;ssl=1 1536w, https:\/\/i0.wp.com\/elmundodelosnegocios.com.do\/v1\/wp-content\/uploads\/2023\/05\/Grfico_1_Cartera_de_crdito.png?w=1920&amp;ssl=1 1920w\" sizes=\"auto, (max-width: 1024px) 100vw, 1024px\" data-recalc-dims=\"1\"><\/figure>\n<p>En un documento de prensa, explic\u00f3 que, al finalizar el cuatrimestre, la cartera dirigida a los comercios del pa\u00eds totaliz\u00f3 RD$846,826 millones, cifra que implic\u00f3 un crecimiento relativo de 11.2% respecto al mismo cuatrimestre del a\u00f1o pasado y que evidencia el dinamismo de ese sector de la econom\u00eda nacional.<\/p>\n<figure class=\"wp-block-image size-large\"><img data-attachment-id=\"28353\" data-permalink=\"https:\/\/elmundodelosnegocios.com.do\/v1\/index.php\/2023\/05\/28\/cartera-de-creditos-de-la-banca-multiple-aumento-15-6-con-respecto-a-abril-de-2022\/grfico_2_cartera_de_crdito\/\" data-orig-file=\"https:\/\/i0.wp.com\/elmundodelosnegocios.com.do\/v1\/wp-content\/uploads\/2023\/05\/Grfico_2_Cartera_de_crdito.png?fit=1920%2C1080&amp;ssl=1\" data-orig-size=\"1920,1080\" data-comments-opened=\"0\" data-image-meta='{\"aperture\":\"0\",\"credit\":\"\",\"camera\":\"\",\"caption\":\"\",\"created_timestamp\":\"0\",\"copyright\":\"\",\"focal_length\":\"0\",\"iso\":\"0\",\"shutter_speed\":\"0\",\"title\":\"\",\"orientation\":\"0\"}' data-image-title=\"Grfico_2_Cartera_de_crdito\" data-image-description=\"\" data-image-caption=\"\" data-medium-file=\"https:\/\/i0.wp.com\/elmundodelosnegocios.com.do\/v1\/wp-content\/uploads\/2023\/05\/Grfico_2_Cartera_de_crdito.png?fit=300%2C169&amp;ssl=1\" data-large-file=\"https:\/\/i0.wp.com\/elmundodelosnegocios.com.do\/v1\/wp-content\/uploads\/2023\/05\/Grfico_2_Cartera_de_crdito.png?fit=1024%2C576&amp;ssl=1\" decoding=\"async\" loading=\"lazy\" width=\"1024\" height=\"576\" src=\"https:\/\/i0.wp.com\/elmundodelosnegocios.com.do\/v1\/wp-content\/uploads\/2023\/05\/Grfico_2_Cartera_de_crdito-1024x576.png?resize=1024,576&amp;ssl=1\" alt=\"\" class=\"wp-image-28353\" srcset=\"https:\/\/i0.wp.com\/elmundodelosnegocios.com.do\/v1\/wp-content\/uploads\/2023\/05\/Grfico_2_Cartera_de_crdito.png?resize=1024%2C576&amp;ssl=1 1024w, https:\/\/i0.wp.com\/elmundodelosnegocios.com.do\/v1\/wp-content\/uploads\/2023\/05\/Grfico_2_Cartera_de_crdito.png?resize=300%2C169&amp;ssl=1 300w, https:\/\/i0.wp.com\/elmundodelosnegocios.com.do\/v1\/wp-content\/uploads\/2023\/05\/Grfico_2_Cartera_de_crdito.png?resize=768%2C432&amp;ssl=1 768w, https:\/\/i0.wp.com\/elmundodelosnegocios.com.do\/v1\/wp-content\/uploads\/2023\/05\/Grfico_2_Cartera_de_crdito.png?resize=1536%2C864&amp;ssl=1 1536w, https:\/\/i0.wp.com\/elmundodelosnegocios.com.do\/v1\/wp-content\/uploads\/2023\/05\/Grfico_2_Cartera_de_crdito.png?w=1920&amp;ssl=1 1920w\" sizes=\"auto, (max-width: 1024px) 100vw, 1024px\" data-recalc-dims=\"1\"><\/figure>\n<p>En cuanto al cr\u00e9dito de consumo, el total de la cartera se elev\u00f3 a RD$393,514 millones, lo cual significa un incremento de 22.2% comparado con igual per\u00edodo de 2022, detall\u00f3 la ABA, basada en cifras de la Superintendencia de Bancos.<\/p>\n<p>En un documento de prensa, la Asociaci\u00f3n de Bancos expuso que, al finalizar los primeros cuatro meses de 2023, el cr\u00e9dito destinado a la adquisici\u00f3n de viviendas ascendi\u00f3 a RD$199,198 millones, para una variaci\u00f3n anual de 15% en relaci\u00f3n con abril de 2022.<\/p>\n<p>La ABA inform\u00f3 que, para el per\u00edodo bajo estudio, las provisiones de la cartera de cr\u00e9ditos de la banca m\u00faltiple que opera en el pa\u00eds totalizaron RD$55,969 millones, mientras que el saldo de la cartera improductiva fue de RD$12,348 millones.<\/p>\n<p>Finalmente, la asociaci\u00f3n bancaria reiter\u00f3 su compromiso de seguir apoyando a los sectores productivos del pa\u00eds, a los proyectos familiares y personales a trav\u00e9s del financiamiento, con lo cual contribuye al crecimiento y estabilidad de la econom\u00eda nacional.<\/p>\n<\/div>\n","protected":false},"excerpt":{"rendered":"<p>La ABA explic\u00f3 que el financiamiento al sector comercial encabeza la composici\u00f3n de la cartera de cr\u00e9ditos, concentrando el 59% al mes de abril de 2023. Santo Domingo, Rep. Dom.-\u00a0La&hellip; <\/p>\n","protected":false},"author":2,"featured_media":3274,"comment_status":"closed","ping_status":"closed","sticky":false,"template":"","format":"standard","meta":{"fifu_image_url":"https:\/\/i0.wp.com\/elmundodelosnegocios.com.do\/v1\/wp-content\/uploads\/2023\/05\/Grfico_1_Cartera_de_crdito-1024x576.png?resize=1024,576&ssl=1","fifu_image_alt":"Cartera de cr\u00e9ditos de la banca m\u00faltiple aument\u00f3 15.6% con respecto a abril de 2022","footnotes":""},"categories":[63],"tags":[],"class_list":["post-3273","post","type-post","status-publish","format-standard","has-post-thumbnail","hentry","category-actualidad"],"_links":{"self":[{"href":"https:\/\/elmundodelapolitica.com\/v1\/wp-json\/wp\/v2\/posts\/3273","targetHints":{"allow":["GET"]}}],"collection":[{"href":"https:\/\/elmundodelapolitica.com\/v1\/wp-json\/wp\/v2\/posts"}],"about":[{"href":"https:\/\/elmundodelapolitica.com\/v1\/wp-json\/wp\/v2\/types\/post"}],"author":[{"embeddable":true,"href":"https:\/\/elmundodelapolitica.com\/v1\/wp-json\/wp\/v2\/users\/2"}],"replies":[{"embeddable":true,"href":"https:\/\/elmundodelapolitica.com\/v1\/wp-json\/wp\/v2\/comments?post=3273"}],"version-history":[{"count":0,"href":"https:\/\/elmundodelapolitica.com\/v1\/wp-json\/wp\/v2\/posts\/3273\/revisions"}],"wp:featuredmedia":[{"embeddable":true,"href":"https:\/\/elmundodelapolitica.com\/v1\/wp-json\/wp\/v2\/media\/3274"}],"wp:attachment":[{"href":"https:\/\/elmundodelapolitica.com\/v1\/wp-json\/wp\/v2\/media?parent=3273"}],"wp:term":[{"taxonomy":"category","embeddable":true,"href":"https:\/\/elmundodelapolitica.com\/v1\/wp-json\/wp\/v2\/categories?post=3273"},{"taxonomy":"post_tag","embeddable":true,"href":"https:\/\/elmundodelapolitica.com\/v1\/wp-json\/wp\/v2\/tags?post=3273"}],"curies":[{"name":"wp","href":"https:\/\/api.w.org\/{rel}","templated":true}]}}