{"id":3266,"date":"2023-05-28T13:48:13","date_gmt":"2023-05-28T17:48:13","guid":{"rendered":"https:\/\/elmundodelapolitica.com\/v1\/?p=3266"},"modified":"2023-05-28T13:48:15","modified_gmt":"2023-05-28T17:48:15","slug":"ex-diputado-rafael-mendez-anuncia-buscara-la-diputacion-para-el-2024","status":"publish","type":"post","link":"https:\/\/elmundodelapolitica.com\/v1\/ex-diputado-rafael-mendez-anuncia-buscara-la-diputacion-para-el-2024\/","title":{"rendered":"Ex diputado Rafael M\u00e9ndez anuncia buscar\u00e1 la diputaci\u00f3n para el 2024"},"content":{"rendered":"\n<p>x diputado Rafael M\u00e9ndez anuncia buscar\u00e1 la diputaci\u00f3n para el 2024<\/p>\n\n\n\n<p>NEIBA, Bahoruco.-El ex diputado Rafael M\u00e9ndez anunci\u00f3 aqu\u00ed que buscar\u00e1 de nuevo la diputaci\u00f3n por esta demarcaci\u00f3n, \"luego que constatara que en las encuestas que se han aplicado, aparece con un alto nivel de valoraci\u00f3n positiva\".<\/p>\n\n\n\n<p>M\u00e9ndez, diputado por la Provincia Bahoruco, es un reconocido periodista, ex presidente del Colegio Dominicano de Periodistas, y actual miembro de la Direcci\u00f3n Central de la Fuerza del Pueblo.<\/p>\n\n\n\n<p>Los estudios del mercado electoral provincial, colocan a Rafael M\u00e9ndez por encima de todos los que aspiraci\u00f3n a diputados para el periodo 24-28, por todos los partidos que buscan la representara a esta demarcaci\u00f3n del suroeste\".<\/p>\n","protected":false},"excerpt":{"rendered":"<p>x diputado Rafael M\u00e9ndez anuncia buscar\u00e1 la diputaci\u00f3n para el 2024 NEIBA, Bahoruco.-El ex diputado Rafael M\u00e9ndez anunci\u00f3 aqu\u00ed que buscar\u00e1 de nuevo la diputaci\u00f3n por esta demarcaci\u00f3n, \"luego que&hellip; <\/p>\n","protected":false},"author":2,"featured_media":3267,"comment_status":"open","ping_status":"open","sticky":false,"template":"","format":"standard","meta":{"fifu_image_url":"","fifu_image_alt":"","footnotes":""},"categories":[12],"tags":[],"class_list":["post-3266","post","type-post","status-publish","format-standard","has-post-thumbnail","hentry","category-agenda-politica"],"_links":{"self":[{"href":"https:\/\/elmundodelapolitica.com\/v1\/wp-json\/wp\/v2\/posts\/3266","targetHints":{"allow":["GET"]}}],"collection":[{"href":"https:\/\/elmundodelapolitica.com\/v1\/wp-json\/wp\/v2\/posts"}],"about":[{"href":"https:\/\/elmundodelapolitica.com\/v1\/wp-json\/wp\/v2\/types\/post"}],"author":[{"embeddable":true,"href":"https:\/\/elmundodelapolitica.com\/v1\/wp-json\/wp\/v2\/users\/2"}],"replies":[{"embeddable":true,"href":"https:\/\/elmundodelapolitica.com\/v1\/wp-json\/wp\/v2\/comments?post=3266"}],"version-history":[{"count":1,"href":"https:\/\/elmundodelapolitica.com\/v1\/wp-json\/wp\/v2\/posts\/3266\/revisions"}],"predecessor-version":[{"id":3268,"href":"https:\/\/elmundodelapolitica.com\/v1\/wp-json\/wp\/v2\/posts\/3266\/revisions\/3268"}],"wp:featuredmedia":[{"embeddable":true,"href":"https:\/\/elmundodelapolitica.com\/v1\/wp-json\/wp\/v2\/media\/3267"}],"wp:attachment":[{"href":"https:\/\/elmundodelapolitica.com\/v1\/wp-json\/wp\/v2\/media?parent=3266"}],"wp:term":[{"taxonomy":"category","embeddable":true,"href":"https:\/\/elmundodelapolitica.com\/v1\/wp-json\/wp\/v2\/categories?post=3266"},{"taxonomy":"post_tag","embeddable":true,"href":"https:\/\/elmundodelapolitica.com\/v1\/wp-json\/wp\/v2\/tags?post=3266"}],"curies":[{"name":"wp","href":"https:\/\/api.w.org\/{rel}","templated":true}]}}