{"id":3239,"date":"2023-05-25T12:39:00","date_gmt":"2023-05-25T16:39:00","guid":{"rendered":"https:\/\/elmundodelapolitica.com\/v1\/?p=3239"},"modified":"2023-05-25T12:39:00","modified_gmt":"2023-05-25T16:39:00","slug":"la-fundacion-kemper-abre-la-presentacion-de-solicitudes-para-la-beca-read-conmigo-a-educadores-bilingues-en-dallas-los-angeles-y-miami","status":"publish","type":"post","link":"https:\/\/elmundodelapolitica.com\/v1\/la-fundacion-kemper-abre-la-presentacion-de-solicitudes-para-la-beca-read-conmigo-a-educadores-bilingues-en-dallas-los-angeles-y-miami\/","title":{"rendered":"La Fundaci\u00f3n Kemper abre la presentaci\u00f3n de solicitudes para la beca Read Conmigo a educadores biling\u00fces en Dallas, Los \u00c1ngeles y Miami"},"content":{"rendered":"<div>\n<p>CHICAGO\u2013(BUSINESS WIRE)\u2013La Fundaci\u00f3n Kemper ha abierto la presentaci\u00f3n de solicitudes para el programa de becas destinadas a educadores biling\u00fces Read Conmigo para el ciclo de oto\u00f1o de 2023. Los maestros elegibles pueden solicitar una beca en los siguientes condados: Los \u00c1ngeles, Orange, Riverside, San Bernardino y Ventura (California); Broward y Miami-Dade (Florida); y Dallas (Texas).<br \/>\nEl programa Read Conmigo destaca el compromiso de la Fundaci\u00f3n Kemper en la promoci\u00f3n de la educaci\u00f3n biling\u00fce a trav\u00e9s del apoyo que se brinda a maestros de escuela primaria. La Fundaci\u00f3n otorga anualmente hasta 100 becas de $3000 cada una en dos ciclos de becas a maestros de aulas biling\u00fces espa\u00f1ol-ingl\u00e9s. Las becas se pueden utilizar para recursos educativos, herramientas y materiales, y desarrollo profesional.<br \/>\n\u201cEs un gran placer continuar apoyando el avance de la alfabetizaci\u00f3n biling\u00fce en las comunidades de todo el pa\u00eds\u201d, coment\u00f3 Barbara Ciesemier, presidenta de la Fundaci\u00f3n Kemper. \u201cNuestros primeros dos ciclos de becas dejaron ver el valor que ofrece este programa a los estudiantes hispanos y latinos, as\u00ed como a las aulas y a sus familias, al mismo tiempo que los ayuda a darse cuenta de los distintos beneficios educativos, sociales y financieros del biling\u00fcismo\u201d.<br \/>\nLa fecha l\u00edmite para la presentaci\u00f3n de solicitudes para las becas de oto\u00f1o de 2023 es el 25 de junio de 2023, a las 11:59 p. m. hora local. La informaci\u00f3n adicional, incluidos los requisitos de elegibilidad, las pautas de uso de la beca, las preguntas frecuentes y la solicitud de beca, se publica en el sitio web de la Fundaci\u00f3n Kemper. Un comit\u00e9 de selecci\u00f3n, integrado por representantes de la Fundaci\u00f3n Kemper y los socios del programa Read Conmigo, se encargar\u00e1 de revisar las solicitudes. Los fondos de la beca se otorgar\u00e1n al comienzo del a\u00f1o escolar 2023\/2024 para este ciclo de becas. Si desea obtener m\u00e1s informaci\u00f3n sobre el programa de becas Read Conmigo de la Fundaci\u00f3n Kemper, visite el sitio web de la Fundaci\u00f3n Kemper.<br \/>\nAcerca de La Fundaci\u00f3n Kemper<br \/>\nLa Fundaci\u00f3n Kemper el socio filantr\u00f3pico de Kemper Corporation, se dedica a ayudar causas y organizaciones ben\u00e9ficas que apoyan la educaci\u00f3n, la salud y el desarrollo de la comunidad. A trav\u00e9s de programas propios, alianzas estrat\u00e9gicas, ayuda econ\u00f3mica y voluntariado de sus empleados, tiene el objetivo de lograr un impacto positivo en las comunidades donde vivimos y trabajamos.<br \/>\nAcerca de Kemper<br \/>\nLa familia de compa\u00f1\u00edas de Kemper (NYSE: KMPR) es una de las aseguradoras especializadas l\u00edderes de pa\u00eds. Con activos por aproximadamente 13 mil millones de d\u00f3lares, Kemper mejora el mundo de los seguros mediante soluciones accesibles y f\u00e1ciles de usar para individuos, familias y negocios a trav\u00e9s de sus marcas de seguros de autom\u00f3vil, seguros personales, de vida y de salud. Kemper presta servicios en m\u00e1s de 5,3 millones de p\u00f3lizas, est\u00e1 representada por alrededor de 26 000 agentes y asesores de seguros y posee aproximadamente 9100 empleados dedicados a satisfacer las necesidades en permanente evoluci\u00f3n de sus clientes. M\u00e1s informaci\u00f3n sobre Kemper.<br \/>\nEl texto original en el idioma fuente de este comunicado es la versi\u00f3n oficial autorizada. Las traducciones solo se suministran como adaptaci\u00f3n y deben cotejarse con el texto en el idioma fuente, que es la \u00fanica versi\u00f3n del texto que tendr\u00e1 un efecto legal. Contacts<br \/>\nMedios de noticias: Barbara Ciesemier, 312-661-4521, bciesemier@kemper.com<br \/>\nInversores: Karen Guerra, 312-661-4930, investors@kemper.com<\/p>\n<\/div>\n","protected":false},"excerpt":{"rendered":"<p>CHICAGO\u2013(BUSINESS WIRE)\u2013La Fundaci\u00f3n Kemper ha abierto la presentaci\u00f3n de solicitudes para el programa de becas destinadas a educadores biling\u00fces Read Conmigo para el ciclo de oto\u00f1o de 2023. Los maestros&hellip; <\/p>\n","protected":false},"author":2,"featured_media":0,"comment_status":"closed","ping_status":"closed","sticky":false,"template":"","format":"standard","meta":{"fifu_image_url":"","fifu_image_alt":"","footnotes":""},"categories":[11],"tags":[],"class_list":["post-3239","post","type-post","status-publish","format-standard","hentry","category-america-latina"],"_links":{"self":[{"href":"https:\/\/elmundodelapolitica.com\/v1\/wp-json\/wp\/v2\/posts\/3239","targetHints":{"allow":["GET"]}}],"collection":[{"href":"https:\/\/elmundodelapolitica.com\/v1\/wp-json\/wp\/v2\/posts"}],"about":[{"href":"https:\/\/elmundodelapolitica.com\/v1\/wp-json\/wp\/v2\/types\/post"}],"author":[{"embeddable":true,"href":"https:\/\/elmundodelapolitica.com\/v1\/wp-json\/wp\/v2\/users\/2"}],"replies":[{"embeddable":true,"href":"https:\/\/elmundodelapolitica.com\/v1\/wp-json\/wp\/v2\/comments?post=3239"}],"version-history":[{"count":0,"href":"https:\/\/elmundodelapolitica.com\/v1\/wp-json\/wp\/v2\/posts\/3239\/revisions"}],"wp:attachment":[{"href":"https:\/\/elmundodelapolitica.com\/v1\/wp-json\/wp\/v2\/media?parent=3239"}],"wp:term":[{"taxonomy":"category","embeddable":true,"href":"https:\/\/elmundodelapolitica.com\/v1\/wp-json\/wp\/v2\/categories?post=3239"},{"taxonomy":"post_tag","embeddable":true,"href":"https:\/\/elmundodelapolitica.com\/v1\/wp-json\/wp\/v2\/tags?post=3239"}],"curies":[{"name":"wp","href":"https:\/\/api.w.org\/{rel}","templated":true}]}}