{"id":3235,"date":"2023-05-26T09:33:39","date_gmt":"2023-05-26T13:33:39","guid":{"rendered":"https:\/\/elmundodelapolitica.com\/v1\/?p=3235"},"modified":"2023-05-26T09:33:41","modified_gmt":"2023-05-26T13:33:41","slug":"fuerza-del-pueblo-dice-jce-rectifico-y-reconocio-reclamos-de-oposicion","status":"publish","type":"post","link":"https:\/\/elmundodelapolitica.com\/v1\/fuerza-del-pueblo-dice-jce-rectifico-y-reconocio-reclamos-de-oposicion\/","title":{"rendered":"Fuerza del Pueblo dice JCE rectific\u00f3 y reconoci\u00f3 reclamos de oposici\u00f3n"},"content":{"rendered":"\n<p>Santo Domingo RD.- El partido Fuerza del Pueblo (FP) asegur\u00f3 que la Junta Central Electoral (JCE) con la resoluci\u00f3n No. 14-2023 rectific\u00f3 y reconoci\u00f3 los reclamos de todos los partidos de la oposici\u00f3n, quienes demandaban el cumplimiento del art\u00edculo 136 de la ley 20-23 sobre r\u00e9gimen electoral.<\/p>\n\n\n\n<p>\u201cAl tomar esta decisi\u00f3n el pleno del organismo comicial se retracta de su anterior ilegal resoluci\u00f3n en la que cercenaba el derecho que tienen las organizaciones pol\u00edticas de realizar alianzas, ya sea de manera total o parcial, tal y como lo establece el art\u00edculo 136 de la ley 20-23\u201d, indic\u00f3 el delegado Pol\u00edtico de la FP ante la JCE.<\/p>\n\n\n\n<p>Manuel Crespo afirm\u00f3 que \u201cnaufragaron\u201d los intentos del gobierno del Partido Revolucionario Moderno de impedir las alianzas de cara a las pr\u00f3ximas elecciones congresuales y municipales del a\u00f1o 2024.<\/p>\n\n\n\n<p>\u201cA los amigos del gobierno queremos decirles, como dice una frase que usamos muchos los dominicanos, \u201cse le fue el tiro por la culata\u201d, en su intento desmedido de impedir que los partidos de la oposici\u00f3n puedan hacer coaliciones en los venideros procesos electorales\u201d, signific\u00f3,<\/p>\n\n\n\n<p>El tambi\u00e9n miembro de la Direcci\u00f3n Pol\u00edtica de la FP dijo que la organizaci\u00f3n liderada por el expresidente Leonel Fern\u00e1ndez, siempre estar\u00e1 del lado de la legalidad y el cumplimiento de las leyes en todos los terrenos.<\/p>\n\n\n\n<p>\u201cNosotros como Fuerza del Pueblo y principal partido de la oposici\u00f3n, tal y como lo establecen todas las firmas encuestadores y la poblaci\u00f3n en sentido general, estaremos atentos a cualquier intento de empa\u00f1ar los resultados de las elecciones congresuales, municipales y presidenciales\u201d, record\u00f3.<\/p>\n\n\n\n<p>Manuel Crespo signific\u00f3 que todas las organizaciones pol\u00edticas deben apostar que la celebraci\u00f3n del venidero proceso electoral, no sea simplemente limpio y di\u00e1fano, sino tambi\u00e9n libre de cualquier cuestionamiento para el fortalecimiento de nuestra democracia.<\/p>\n","protected":false},"excerpt":{"rendered":"<p>Santo Domingo RD.- El partido Fuerza del Pueblo (FP) asegur\u00f3 que la Junta Central Electoral (JCE) con la resoluci\u00f3n No. 14-2023 rectific\u00f3 y reconoci\u00f3 los reclamos de todos los partidos&hellip; <\/p>\n","protected":false},"author":2,"featured_media":3236,"comment_status":"closed","ping_status":"closed","sticky":false,"template":"","format":"standard","meta":{"fifu_image_url":"","fifu_image_alt":"","footnotes":""},"categories":[5],"tags":[],"class_list":["post-3235","post","type-post","status-publish","format-standard","has-post-thumbnail","hentry","category-partidos"],"_links":{"self":[{"href":"https:\/\/elmundodelapolitica.com\/v1\/wp-json\/wp\/v2\/posts\/3235","targetHints":{"allow":["GET"]}}],"collection":[{"href":"https:\/\/elmundodelapolitica.com\/v1\/wp-json\/wp\/v2\/posts"}],"about":[{"href":"https:\/\/elmundodelapolitica.com\/v1\/wp-json\/wp\/v2\/types\/post"}],"author":[{"embeddable":true,"href":"https:\/\/elmundodelapolitica.com\/v1\/wp-json\/wp\/v2\/users\/2"}],"replies":[{"embeddable":true,"href":"https:\/\/elmundodelapolitica.com\/v1\/wp-json\/wp\/v2\/comments?post=3235"}],"version-history":[{"count":1,"href":"https:\/\/elmundodelapolitica.com\/v1\/wp-json\/wp\/v2\/posts\/3235\/revisions"}],"predecessor-version":[{"id":3237,"href":"https:\/\/elmundodelapolitica.com\/v1\/wp-json\/wp\/v2\/posts\/3235\/revisions\/3237"}],"wp:featuredmedia":[{"embeddable":true,"href":"https:\/\/elmundodelapolitica.com\/v1\/wp-json\/wp\/v2\/media\/3236"}],"wp:attachment":[{"href":"https:\/\/elmundodelapolitica.com\/v1\/wp-json\/wp\/v2\/media?parent=3235"}],"wp:term":[{"taxonomy":"category","embeddable":true,"href":"https:\/\/elmundodelapolitica.com\/v1\/wp-json\/wp\/v2\/categories?post=3235"},{"taxonomy":"post_tag","embeddable":true,"href":"https:\/\/elmundodelapolitica.com\/v1\/wp-json\/wp\/v2\/tags?post=3235"}],"curies":[{"name":"wp","href":"https:\/\/api.w.org\/{rel}","templated":true}]}}