{"id":3223,"date":"2023-05-25T20:15:11","date_gmt":"2023-05-26T00:15:11","guid":{"rendered":"https:\/\/elmundodelapolitica.com\/v1\/?p=3223"},"modified":"2023-05-25T20:15:11","modified_gmt":"2023-05-26T00:15:11","slug":"ministerio-de-la-juventud-abre-convocatoria-para-800-cupos-orientados-a-marketing-digital","status":"publish","type":"post","link":"https:\/\/elmundodelapolitica.com\/v1\/ministerio-de-la-juventud-abre-convocatoria-para-800-cupos-orientados-a-marketing-digital\/","title":{"rendered":"Ministerio de la Juventud abre convocatoria para 800 cupos orientados a marketing digital"},"content":{"rendered":"<div>\n<p>Santo Domingo.- En aras de impulsar la\u00a0<strong>capacitaci\u00f3n<\/strong>\u00a0de los j\u00f3venes y aumentar sus oportunidades de estudios y trabajo, el\u00a0<strong>Ministerio de la Juventud (MJ)<\/strong>\u00a0abri\u00f3 la convocatoria para otorgar\u00a0<strong>800 cupos<\/strong>\u00a0a trav\u00e9s del\u00a0<strong>\u201cPrograma Apoyo Educativo Juvenil\u201d<\/strong>\u00a0de esa instituci\u00f3n, en cursos a ser impartidos de manera virtual por el\u00a0<strong>Spain Business School (Escuela de Negocios Espa\u00f1ola).\u00a0<\/strong><\/p>\n<figure class=\"wp-block-image size-large\"><img loading=\"lazy\" data-attachment-id=\"28302\" data-permalink=\"https:\/\/elmundodelosnegocios.com.do\/v1\/index.php\/2023\/05\/25\/ministerio-de-la-juventud-abre-convocatoria-para-800-cupos-orientados-a-marketing-digital\/img_2091-1\/\" data-orig-file=\"https:\/\/i0.wp.com\/elmundodelosnegocios.com.do\/v1\/wp-content\/uploads\/2023\/05\/IMG_2091-1.jpeg?fit=1300%2C731&amp;ssl=1\" data-orig-size=\"1300,731\" data-comments-opened=\"0\" data-image-meta='{\"aperture\":\"0\",\"credit\":\"\",\"camera\":\"\",\"caption\":\"\",\"created_timestamp\":\"0\",\"copyright\":\"\",\"focal_length\":\"0\",\"iso\":\"0\",\"shutter_speed\":\"0\",\"title\":\"\",\"orientation\":\"0\"}' data-image-title=\"IMG_2091-1\" data-image-description=\"\" data-image-caption=\"\" data-medium-file=\"https:\/\/i0.wp.com\/elmundodelosnegocios.com.do\/v1\/wp-content\/uploads\/2023\/05\/IMG_2091-1.jpeg?fit=300%2C169&amp;ssl=1\" data-large-file=\"https:\/\/i0.wp.com\/elmundodelosnegocios.com.do\/v1\/wp-content\/uploads\/2023\/05\/IMG_2091-1.jpeg?fit=1024%2C576&amp;ssl=1\" decoding=\"async\" width=\"1024\" height=\"576\" src=\"https:\/\/i0.wp.com\/elmundodelosnegocios.com.do\/v1\/wp-content\/uploads\/2023\/05\/IMG_2091-1-1024x576.jpeg?resize=1024,576&amp;ssl=1\" alt=\"\" class=\"wp-image-28302\" srcset=\"https:\/\/i0.wp.com\/elmundodelosnegocios.com.do\/v1\/wp-content\/uploads\/2023\/05\/IMG_2091-1.jpeg?resize=1024%2C576&amp;ssl=1 1024w, https:\/\/i0.wp.com\/elmundodelosnegocios.com.do\/v1\/wp-content\/uploads\/2023\/05\/IMG_2091-1.jpeg?resize=300%2C169&amp;ssl=1 300w, https:\/\/i0.wp.com\/elmundodelosnegocios.com.do\/v1\/wp-content\/uploads\/2023\/05\/IMG_2091-1.jpeg?resize=768%2C432&amp;ssl=1 768w, https:\/\/i0.wp.com\/elmundodelosnegocios.com.do\/v1\/wp-content\/uploads\/2023\/05\/IMG_2091-1.jpeg?w=1300&amp;ssl=1 1300w\" sizes=\"auto, (max-width: 1024px) 100vw, 1024px\" data-recalc-dims=\"1\"><\/figure>\n<p><em>\u201cEste es un programa que busca facilitar el acceso a oportunidades educativas de j\u00f3venes dominicanos en toda la geograf\u00eda nacional, que desean aprender marketing, y las nuevas tendencias\u201d,<\/em>\u00a0dijo el ministro de la Juventud, Rafael Jes\u00fas F\u00e9liz Garc\u00eda.\u00a0<\/p>\n<p>La convocatoria inici\u00f3 el pasado 15 de mayo y se extender\u00e1 hasta el 16 de junio. Los interesados pueden aplicar a trav\u00e9s del portal \u201cBeca tu Futuro\u201d (becas.gob.do) en dos cursos: Marketing Digital y Digital Awareness, programados para iniciar en el pr\u00f3ximo mes de agosto con una duraci\u00f3n de dos o tres meses.\u00a0<\/p>\n<p>Como requisitos a tener en cuenta se pide: ser dominicano, tener m\u00ednimo 18 a\u00f1os de edad y ser bachiller (anexar evidencias: carta de solicitud, c\u00e9dula, certificado de bachillerato). Adem\u00e1s, se debe completar de manera correcta el formulario de la solicitud y verificar su env\u00edo, ya que el solicitante no podr\u00e1 ser evaluado si no cumple con este \u00faltimo paso.\u00a0<\/p>\n<p><strong>Spain Business School<\/strong>\u00a0 \u00a0<\/p>\n<p>Es una escuela nativa digital, l\u00edder en la formaci\u00f3n de\u00a0<strong>empresas digitales privadas, independientes y plurales\u00a0<\/strong>con una funci\u00f3n social muy importante.\u00a0<\/p>\n<p>Se centra en la formaci\u00f3n empresarial, marketing, ciberseguridad, big data legal y operativa, siguiendo una metodolog\u00eda de\u00a0\u00a0<strong>\u201ceLearning\u201d (aprendizaje digital<\/strong>) de alta calidad utilizado ahora por las principales escuelas de negocios del mundo.<\/p>\n<\/div>\n","protected":false},"excerpt":{"rendered":"<p>Santo Domingo.- En aras de impulsar la\u00a0capacitaci\u00f3n\u00a0de los j\u00f3venes y aumentar sus oportunidades de estudios y trabajo, el\u00a0Ministerio de la Juventud (MJ)\u00a0abri\u00f3 la convocatoria para otorgar\u00a0800 cupos\u00a0a trav\u00e9s del\u00a0\u201cPrograma Apoyo&hellip; <\/p>\n","protected":false},"author":2,"featured_media":3224,"comment_status":"closed","ping_status":"closed","sticky":false,"template":"","format":"standard","meta":{"fifu_image_url":"https:\/\/i0.wp.com\/elmundodelosnegocios.com.do\/v1\/wp-content\/uploads\/2023\/05\/IMG_2091-1-1024x576.jpeg?resize=1024,576&ssl=1","fifu_image_alt":"Ministerio de la Juventud abre convocatoria para 800 cupos orientados a marketing digital","footnotes":""},"categories":[63],"tags":[],"class_list":["post-3223","post","type-post","status-publish","format-standard","has-post-thumbnail","hentry","category-actualidad"],"_links":{"self":[{"href":"https:\/\/elmundodelapolitica.com\/v1\/wp-json\/wp\/v2\/posts\/3223","targetHints":{"allow":["GET"]}}],"collection":[{"href":"https:\/\/elmundodelapolitica.com\/v1\/wp-json\/wp\/v2\/posts"}],"about":[{"href":"https:\/\/elmundodelapolitica.com\/v1\/wp-json\/wp\/v2\/types\/post"}],"author":[{"embeddable":true,"href":"https:\/\/elmundodelapolitica.com\/v1\/wp-json\/wp\/v2\/users\/2"}],"replies":[{"embeddable":true,"href":"https:\/\/elmundodelapolitica.com\/v1\/wp-json\/wp\/v2\/comments?post=3223"}],"version-history":[{"count":0,"href":"https:\/\/elmundodelapolitica.com\/v1\/wp-json\/wp\/v2\/posts\/3223\/revisions"}],"wp:featuredmedia":[{"embeddable":true,"href":"https:\/\/elmundodelapolitica.com\/v1\/wp-json\/wp\/v2\/media\/3224"}],"wp:attachment":[{"href":"https:\/\/elmundodelapolitica.com\/v1\/wp-json\/wp\/v2\/media?parent=3223"}],"wp:term":[{"taxonomy":"category","embeddable":true,"href":"https:\/\/elmundodelapolitica.com\/v1\/wp-json\/wp\/v2\/categories?post=3223"},{"taxonomy":"post_tag","embeddable":true,"href":"https:\/\/elmundodelapolitica.com\/v1\/wp-json\/wp\/v2\/tags?post=3223"}],"curies":[{"name":"wp","href":"https:\/\/api.w.org\/{rel}","templated":true}]}}