{"id":3221,"date":"2023-05-25T18:30:44","date_gmt":"2023-05-25T22:30:44","guid":{"rendered":"https:\/\/elmundodelapolitica.com\/v1\/?p=3221"},"modified":"2023-05-25T18:30:44","modified_gmt":"2023-05-25T22:30:44","slug":"reconoce-superintendencia-seguros-29-mujeres-empoderadas-del-sector","status":"publish","type":"post","link":"https:\/\/elmundodelapolitica.com\/v1\/reconoce-superintendencia-seguros-29-mujeres-empoderadas-del-sector\/","title":{"rendered":"Reconoce Superintendencia Seguros 29 mujeres empoderadas del sector"},"content":{"rendered":"<div>\n<p>La Superintendente de Seguros, Josefa Castillo Rodr\u00edguez, reconoci\u00f3 la labor de 29 mujeres del sector seguros, entre las que figuran ejecutivas de las compa\u00f1\u00edas de seguros, corredoras y ajustadoras, as\u00ed como cuatro ex Superintendentes de Seguros, dos de ellas en homenaje p\u00f3stumo.<\/p>\n<figure class=\"wp-block-image size-large\"><img data-attachment-id=\"28298\" data-permalink=\"https:\/\/elmundodelosnegocios.com.do\/v1\/index.php\/2023\/05\/25\/reconoce-superintendencia-seguros-29-mujeres-empoderadas-del-sector\/1-10-2\/\" data-orig-file=\"https:\/\/i0.wp.com\/elmundodelosnegocios.com.do\/v1\/wp-content\/uploads\/2023\/05\/1-10.jpg?fit=2100%2C1165&amp;ssl=1\" data-orig-size=\"2100,1165\" data-comments-opened=\"0\" data-image-meta='{\"aperture\":\"0\",\"credit\":\"\",\"camera\":\"\",\"caption\":\"\",\"created_timestamp\":\"0\",\"copyright\":\"\",\"focal_length\":\"0\",\"iso\":\"0\",\"shutter_speed\":\"0\",\"title\":\"\",\"orientation\":\"1\"}' data-image-title=\"1-10\" data-image-description=\"\" data-image-caption=\"\" data-medium-file=\"https:\/\/i0.wp.com\/elmundodelosnegocios.com.do\/v1\/wp-content\/uploads\/2023\/05\/1-10.jpg?fit=300%2C166&amp;ssl=1\" data-large-file=\"https:\/\/i0.wp.com\/elmundodelosnegocios.com.do\/v1\/wp-content\/uploads\/2023\/05\/1-10.jpg?fit=1024%2C568&amp;ssl=1\" decoding=\"async\" loading=\"lazy\" width=\"1024\" height=\"568\" src=\"https:\/\/i0.wp.com\/elmundodelosnegocios.com.do\/v1\/wp-content\/uploads\/2023\/05\/1-10-1024x568.jpg?resize=1024,568&amp;ssl=1\" alt=\"\" class=\"wp-image-28298\" srcset=\"https:\/\/i0.wp.com\/elmundodelosnegocios.com.do\/v1\/wp-content\/uploads\/2023\/05\/1-10.jpg?resize=1024%2C568&amp;ssl=1 1024w, https:\/\/i0.wp.com\/elmundodelosnegocios.com.do\/v1\/wp-content\/uploads\/2023\/05\/1-10.jpg?resize=300%2C166&amp;ssl=1 300w, https:\/\/i0.wp.com\/elmundodelosnegocios.com.do\/v1\/wp-content\/uploads\/2023\/05\/1-10.jpg?resize=768%2C426&amp;ssl=1 768w, https:\/\/i0.wp.com\/elmundodelosnegocios.com.do\/v1\/wp-content\/uploads\/2023\/05\/1-10.jpg?resize=1536%2C852&amp;ssl=1 1536w, https:\/\/i0.wp.com\/elmundodelosnegocios.com.do\/v1\/wp-content\/uploads\/2023\/05\/1-10.jpg?resize=2048%2C1136&amp;ssl=1 2048w\" sizes=\"auto, (max-width: 1024px) 100vw, 1024px\" data-recalc-dims=\"1\"><\/figure>\n<p>Las reconocidas est\u00e1n incluidas en reportajes realizados en la edici\u00f3n de la primera revista Seguros Mujer, en una edici\u00f3n especial, igualmente, en un documental presentado durante la puesta en circulaci\u00f3n, en un evento celebrado en la sala Aida Bonnelly de D\u00edaz, del Teatro Nacional Eduardo Brito.<\/p>\n<p>Al ofrecer el discurso, ante una sala abarrotada de invitados y las galardonadas, Josefa Castillo Rodr\u00edguez, expres\u00f3 que es un honor y un privilegio memorable, el realizar la Revista y el Documental sobre las mujeres del sector asegurador dominicano, quienes han trascendido en el \u00e1mbito profesional y personal, que, por su preparaci\u00f3n, competencias y arrojo, han logrado descollar en los caminos del \u00e9xito.<\/p>\n<p>Asegur\u00f3 que la Revista y el Documental deben servir de precedentes para la historia del pujante sector seguros en la Rep\u00fablica Dominicana.<\/p>\n<p>\u201cEn t\u00e9rminos personales siento una gran satisfacci\u00f3n, por el hecho de que fue una meta trazada dentro de nuestra gesti\u00f3n organizar una actividad como \u00e9sta, pues no me perdonar\u00eda nunca, que, teniendo la oportunidad, no reconocer el valor que tienen y han tenido para el fortalecimiento de las compa\u00f1\u00edas y las asociaciones de seguros, la participaci\u00f3n de estas valiosas mujeres, muchas de ellas, pioneras para abrir el camino de las que hoy galardonamos\u201d, dijo la funcionaria.<\/p>\n<p>Explic\u00f3 que un ejemplo de la importancia y trascendencia de la mujer lo demuestran las cifras estad\u00edsticas en nuestro pa\u00eds, ya que de una poblaci\u00f3n que sobrepasa los 10 millones de habitantes, el 50.7 por ciento pertenece a la poblaci\u00f3n femenina.\u00a0<\/p>\n<p>Igualmente, que, si es en los niveles de buscar avanzar en la preparaci\u00f3n y formaci\u00f3n, de las 580 mil 981 personas que actualmente cursan estudios universitarios, el 62.8 por ciento son mujeres. Asegur\u00f3 que esto demuestra que las mujeres han asumido con mayor ah\u00ednco y responsabilidad lo que es la preparaci\u00f3n y formaci\u00f3n, para continuar avanzando en los caminos del \u00e9xito.<\/p>\n<p>Revel\u00f3 que, en el sector asegurador, de 35 empresas de seguros establecidas, el 12.9 por ciento son lideradas por mujeres.\u00a0 Adem\u00e1s, que, en el caso de las Asociaciones, instituciones como ADOCOSE, desde el 2001 hasta el pasado a\u00f1o 2022, seis mujeres las han presidido.<\/p>\n<p>Asegur\u00f3 que, en t\u00e9rminos generales, las mujeres no buscan privilegios, sino que se les reconozca el espacio que se han ganado con todas las virtudes que tienen como mujeres y que, por las competencias y capacidades, se les trate con la misma igualdad, sin discriminaci\u00f3n ni exclusi\u00f3n.<\/p>\n<p>La funcionaria felicit\u00f3 a las reconocidas y a sus familiares \u201cpor el valor tangible que tienen ustedes, como excelentes seres humanos, que esperamos las puedan aquilatar en su justa dimensi\u00f3n\u201d, expres\u00f3 Josefa Castillo.<\/p>\n<p>Entre las ex Superintendentes reconocidas figuran, Anisia Rissi, Katiuska Bobea y homenajes p\u00f3stumos a las extintas Sofia Leonor S\u00e1nchez Baret, representada por su hijo Gregory S\u00e1nchez Baret, y a Frida Mart\u00ednez, primera mujer designada en esa posici\u00f3n, representada por su hijo Van Elder Espinal Mart\u00ednez.<\/p>\n<p>En la actividad que tuvo la presentaci\u00f3n especial de la cantante \u201cMarcel, Piel Morena\u201d, tambi\u00e9n habl\u00f3 el periodista Manuel Nova, quien tuvo a su cargo la edici\u00f3n de la Revista y del Documental, y estuvo presente el Intendente de Seguros, Francisco Campos \u00c1lvarez, el director de INDOTEL, Nelson Arroyo, adem\u00e1s de los presidentes y presidente ejecutivo de CADOAR James Garc\u00eda y Franklin Glass, Gina Jim\u00e9nez, vicepresidente de JUCOSE, Carlos Flores y Nicole Toribio, presidente y presidente ejecutiva de ADOCOSE, Luis Tomas L\u00f3pez, presidente de\u00a0 ANAPROSE, Jos\u00e9 Antonio de los Santos, presidente de ASATISE y Milvio de Marchena, presidente de SODOCASE, as\u00ed como directores y encargados de la Superintendencia de Seguros.<\/p>\n<\/div>\n","protected":false},"excerpt":{"rendered":"<p>La Superintendente de Seguros, Josefa Castillo Rodr\u00edguez, reconoci\u00f3 la labor de 29 mujeres del sector seguros, entre las que figuran ejecutivas de las compa\u00f1\u00edas de seguros, corredoras y ajustadoras, as\u00ed&hellip; <\/p>\n","protected":false},"author":2,"featured_media":3222,"comment_status":"closed","ping_status":"closed","sticky":false,"template":"","format":"standard","meta":{"fifu_image_url":"https:\/\/i0.wp.com\/elmundodelosnegocios.com.do\/v1\/wp-content\/uploads\/2023\/05\/1-10-1024x568.jpg?resize=1024,568&ssl=1","fifu_image_alt":"Reconoce Superintendencia Seguros 29 mujeres empoderadas del sector","footnotes":""},"categories":[63],"tags":[],"class_list":["post-3221","post","type-post","status-publish","format-standard","has-post-thumbnail","hentry","category-actualidad"],"_links":{"self":[{"href":"https:\/\/elmundodelapolitica.com\/v1\/wp-json\/wp\/v2\/posts\/3221","targetHints":{"allow":["GET"]}}],"collection":[{"href":"https:\/\/elmundodelapolitica.com\/v1\/wp-json\/wp\/v2\/posts"}],"about":[{"href":"https:\/\/elmundodelapolitica.com\/v1\/wp-json\/wp\/v2\/types\/post"}],"author":[{"embeddable":true,"href":"https:\/\/elmundodelapolitica.com\/v1\/wp-json\/wp\/v2\/users\/2"}],"replies":[{"embeddable":true,"href":"https:\/\/elmundodelapolitica.com\/v1\/wp-json\/wp\/v2\/comments?post=3221"}],"version-history":[{"count":0,"href":"https:\/\/elmundodelapolitica.com\/v1\/wp-json\/wp\/v2\/posts\/3221\/revisions"}],"wp:featuredmedia":[{"embeddable":true,"href":"https:\/\/elmundodelapolitica.com\/v1\/wp-json\/wp\/v2\/media\/3222"}],"wp:attachment":[{"href":"https:\/\/elmundodelapolitica.com\/v1\/wp-json\/wp\/v2\/media?parent=3221"}],"wp:term":[{"taxonomy":"category","embeddable":true,"href":"https:\/\/elmundodelapolitica.com\/v1\/wp-json\/wp\/v2\/categories?post=3221"},{"taxonomy":"post_tag","embeddable":true,"href":"https:\/\/elmundodelapolitica.com\/v1\/wp-json\/wp\/v2\/tags?post=3221"}],"curies":[{"name":"wp","href":"https:\/\/api.w.org\/{rel}","templated":true}]}}