{"id":3218,"date":"2023-05-25T03:35:31","date_gmt":"2023-05-25T07:35:31","guid":{"rendered":"https:\/\/elmundodelapolitica.com\/v1\/?p=3218"},"modified":"2023-05-25T03:35:31","modified_gmt":"2023-05-25T07:35:31","slug":"resumen-asesora-senior-dedicada-al-clima-global-de-la-onu-fue-agregada-a-la-lista-de-la-cumbre-sobre-el-clima-de-bermudas","status":"publish","type":"post","link":"https:\/\/elmundodelapolitica.com\/v1\/resumen-asesora-senior-dedicada-al-clima-global-de-la-onu-fue-agregada-a-la-lista-de-la-cumbre-sobre-el-clima-de-bermudas\/","title":{"rendered":"Resumen: Asesora s\u00e9nior dedicada al clima global de la ONU fue agregada a la lista de la Cumbre sobre el Clima de Bermudas"},"content":{"rendered":"<div>\n<p>HAMILTON, Bermudas\u2013(BUSINESS WIRE)\u2013Suzanne Johnson, asesora s\u00e9nior de la Coalici\u00f3n para la Administraci\u00f3n de los Oc\u00e9anos del Pacto Mundial de las Naciones Unidas (ONU), es la \u00faltima incorporaci\u00f3n a la impresionante lista de oradores en la segunda Cumbre Clim\u00e1tica anual de Bermudas, presentada por la Agencia para el Desarrollo Comercial de Bermudas (BDA), en asociaci\u00f3n con KBRA.<br \/>\nEl viceprimer ministro de Bermudas, el Hon. Walter Roban, JP, MP, abrir\u00e1 la Cumbre el 26 de junio con una conversaci\u00f3n con Jim Nadler, presidente y CEO de KBRA. El 27 de junio, Joshua Rosenberg, director de riesgos del Banco de la Reserva Federal de Nueva York, dar\u00e1 otro discurso de apertura en el almuerzo.<br \/>\nSuzanne Johnson afirm\u00f3: \u201cSer\u00e1 un placer analizar el trabajo del Pacto Mundial de las Naciones Unidas para promover una econom\u00eda oce\u00e1nica m\u00e1s sostenible en la Cumbre sobre el Clima de Bermudas\u201d.<br \/>\nEl comunicado en el idioma original es la versi\u00f3n oficial y autorizada del mismo. Esta traducci\u00f3n es solamente un medio de ayuda y deber\u00e1 ser comparada con el texto en idioma original, que es la \u00fanica versi\u00f3n del texto que tendr\u00e1 validez legal. Contacts<br \/>\nStuart Roberts, director de marketing y comunicaciones<br \/>\nstuart@bda.bm | +1 441 707 0038<\/p>\n<\/div>\n","protected":false},"excerpt":{"rendered":"<p>HAMILTON, Bermudas\u2013(BUSINESS WIRE)\u2013Suzanne Johnson, asesora s\u00e9nior de la Coalici\u00f3n para la Administraci\u00f3n de los Oc\u00e9anos del Pacto Mundial de las Naciones Unidas (ONU), es la \u00faltima incorporaci\u00f3n a la impresionante&hellip; <\/p>\n","protected":false},"author":2,"featured_media":0,"comment_status":"closed","ping_status":"closed","sticky":false,"template":"","format":"standard","meta":{"fifu_image_url":"","fifu_image_alt":"","footnotes":""},"categories":[63],"tags":[],"class_list":["post-3218","post","type-post","status-publish","format-standard","hentry","category-actualidad"],"_links":{"self":[{"href":"https:\/\/elmundodelapolitica.com\/v1\/wp-json\/wp\/v2\/posts\/3218","targetHints":{"allow":["GET"]}}],"collection":[{"href":"https:\/\/elmundodelapolitica.com\/v1\/wp-json\/wp\/v2\/posts"}],"about":[{"href":"https:\/\/elmundodelapolitica.com\/v1\/wp-json\/wp\/v2\/types\/post"}],"author":[{"embeddable":true,"href":"https:\/\/elmundodelapolitica.com\/v1\/wp-json\/wp\/v2\/users\/2"}],"replies":[{"embeddable":true,"href":"https:\/\/elmundodelapolitica.com\/v1\/wp-json\/wp\/v2\/comments?post=3218"}],"version-history":[{"count":0,"href":"https:\/\/elmundodelapolitica.com\/v1\/wp-json\/wp\/v2\/posts\/3218\/revisions"}],"wp:attachment":[{"href":"https:\/\/elmundodelapolitica.com\/v1\/wp-json\/wp\/v2\/media?parent=3218"}],"wp:term":[{"taxonomy":"category","embeddable":true,"href":"https:\/\/elmundodelapolitica.com\/v1\/wp-json\/wp\/v2\/categories?post=3218"},{"taxonomy":"post_tag","embeddable":true,"href":"https:\/\/elmundodelapolitica.com\/v1\/wp-json\/wp\/v2\/tags?post=3218"}],"curies":[{"name":"wp","href":"https:\/\/api.w.org\/{rel}","templated":true}]}}