{"id":3170,"date":"2023-05-22T11:44:52","date_gmt":"2023-05-22T15:44:52","guid":{"rendered":"https:\/\/elmundodelapolitica.com\/v1\/?p=3170"},"modified":"2023-05-22T11:44:52","modified_gmt":"2023-05-22T15:44:52","slug":"cnss-lanza-estrategia-en-educacion-por-una-cultura-en-seguridad-social","status":"publish","type":"post","link":"https:\/\/elmundodelapolitica.com\/v1\/cnss-lanza-estrategia-en-educacion-por-una-cultura-en-seguridad-social\/","title":{"rendered":"CNSS lanza \u201cEstrategia en Educaci\u00f3n por una cultura en Seguridad Social\u201d"},"content":{"rendered":"<div>\n<p>Santo Domingo. \u2013\u00a0<strong>El Consejo Nacional de Seguridad Social (CNSS)<\/strong>\u00a0puso en ejecuci\u00f3n la\u00a0<strong>\u201cEstrategia en Educaci\u00f3n por una Cultura en Seguridad Social\u201d<\/strong>, que tiene por finalidad fortalecer el conocimiento de la ciudadan\u00eda sobre el\u00a0<strong>Sistema Dominicano de Seguridad Social.<\/strong><\/p>\n<p>Durante la actividad, realizada en el\u00a0<strong>D\u00eda Nacional de Seguridad Social<\/strong>, el gerente general del CNSS,\u00a0<strong>Edward Guzm\u00e1n<\/strong>\u00a0asegur\u00f3 que trabajan para dar cumplimiento al\u00a0<strong>art\u00edculo 6 de la Ley 87-01<\/strong>\u00a0que instruye a educar en Seguridad Social.<\/p>\n<p><em>\u201cEs para nosotros fundamental que nuestros afiliados conozcan sus derechos, sus deberes y sus prestaciones sean garantizadas. Con esta finalidad hemos dise\u00f1ado y se pone en ejecuci\u00f3n a partir de la fecha esta estrategia, con acciones focalizadas en tres grandes l\u00edneas: ni\u00f1os\/ni\u00f1as y adolescentes, j\u00f3venes, adulto\/adulto mayor y personas con discapacidad\u201d<\/em>, dijo Guzm\u00e1n.<\/p>\n<p>Explic\u00f3 que con la\u00a0<strong>primera estrategia<\/strong>\u00a0ser\u00e1n impactados cerca de dos millones de\u00a0<strong>ni\u00f1os, ni\u00f1as y adolescentes de nivel primario, secundario y formaci\u00f3n t\u00e9cnica<\/strong>, que adquirir\u00e1n el conocimiento en materia de Seguridad Social\u00a0<strong>desde temprana edad<\/strong>, gracias a los acuerdos concretizados con la Organizaci\u00f3n Iberoamericana en Seguridad Social\u00a0<strong>(OISS)<\/strong>, la Conferencia Interamericana de Seguridad Social\u00a0<strong>(CISS)<\/strong>, el Consejo de Institutos de Seguridad Social de Centroam\u00e9rica y Rep\u00fablica Dominicana\u00a0<strong>(CISSCAD)<\/strong>\u00a0y organismos nacionales que fomentar\u00e1n el\u00a0<strong>intercambio de experiencias<\/strong>, as\u00ed como el\u00a0<strong>apoyo t\u00e9cnico<\/strong>\u00a0en la materia, para sentar las bases que permitir\u00e1n el desarrollo de alianzas interinstitucionales a nivel nacional a corto plazo.<\/p>\n<p>Asimismo, precis\u00f3 que con el apoyo del\u00a0<strong>Ministerio de Econom\u00eda Planificaci\u00f3n y Desarrollo (MEPYD)<\/strong>\u00a0se logr\u00f3 la inclusi\u00f3n del proyecto\u00a0<strong>\u201cEducar en cultura de seguridad social\u201d<\/strong>, dentro del programa de cooperaci\u00f3n bilateral para el 2023-2025 entre\u00a0<strong>Colombia y Rep\u00fablica Dominicana.<\/strong><\/p>\n<figure class=\"wp-block-image\"><img decoding=\"async\" src=\"https:\/\/i0.wp.com\/presidencia.gob.do\/sites\/default\/files\/inline-images\/thumbnail_CNSS7032.jpg?w=1110&amp;ssl=1\" alt=\"\" data-recalc-dims=\"1\"><\/figure>\n<p><em>\u201cIgualmente, nos encontramos desarrollando mesas de trabajo para aunar esfuerzos con el Ministerio de Educaci\u00f3n (MINERD), con el que en los pr\u00f3ximos d\u00edas estaremos firmando un nuevo acuerdo de colaboraci\u00f3n, y con el Instituto de Instituto Tecnol\u00f3gico de las Am\u00e9ricas (ITLA), que permitir\u00e1 impactar a toda la poblaci\u00f3n estudiantil del nivel inicial.\u201d<\/em><\/p>\n<p>En cuanto a\u00a0<strong>l\u00ednea de acci\u00f3n de j\u00f3venes y adultos<\/strong>, junto con otras instituciones del SDSS y organismos internacionales, se va a realizar en el pa\u00eds una<strong>\u00a0l\u00ednea de acci\u00f3n formativa a nivel de posgrado<\/strong>. La iniciativa incluye tambi\u00e9n, como punta de lanza, poder realizar acuerdos de colaboraci\u00f3n con universidades a nivel nacional que permitan desplegar de manera transversal dentro de la malla curricular una oferta formativa avalada y con acreditaci\u00f3n de los organismos competentes, lo cual abarca\u00a0<strong>talleres y diplomados<\/strong>.<\/p>\n<p><em>\u201cDestacamos el reciente acuerdo con la Pontificia Universidad Cat\u00f3lica Madre y Maestra para impulsar la educaci\u00f3n en Seguridad Social y tenemos en proyecto continuar esos acuerdos con casas de altos estudios de nuestro pa\u00eds como la UASD, INTEC y UNIBE\u201d<\/em>, dijo el funcionario.<\/p>\n<p>Explic\u00f3 que para iniciar la estrategia con\u00a0<strong>personas con discapacidad<\/strong>\u00a0lo har\u00e1n con el grupo objetivo de\u00a0<strong>profesionales en esa situaci\u00f3n<\/strong>, para lo cual ya ha sido firmado un acuerdo de colaboraci\u00f3n con el\u00a0<strong>Consejo Nacional de la Discapacidad (CONADIS).<\/strong><\/p>\n<\/div>\n","protected":false},"excerpt":{"rendered":"<p>Santo Domingo. \u2013\u00a0El Consejo Nacional de Seguridad Social (CNSS)\u00a0puso en ejecuci\u00f3n la\u00a0\u201cEstrategia en Educaci\u00f3n por una Cultura en Seguridad Social\u201d, que tiene por finalidad fortalecer el conocimiento de la ciudadan\u00eda&hellip; <\/p>\n","protected":false},"author":2,"featured_media":3171,"comment_status":"closed","ping_status":"closed","sticky":false,"template":"","format":"standard","meta":{"fifu_image_url":"https:\/\/i0.wp.com\/presidencia.gob.do\/sites\/default\/files\/inline-images\/thumbnail_CNSS7032.jpg?w=1110&ssl=1","fifu_image_alt":"CNSS lanza \u201cEstrategia en Educaci\u00f3n por una cultura en Seguridad Social\u201d","footnotes":""},"categories":[63],"tags":[],"class_list":["post-3170","post","type-post","status-publish","format-standard","has-post-thumbnail","hentry","category-actualidad"],"_links":{"self":[{"href":"https:\/\/elmundodelapolitica.com\/v1\/wp-json\/wp\/v2\/posts\/3170","targetHints":{"allow":["GET"]}}],"collection":[{"href":"https:\/\/elmundodelapolitica.com\/v1\/wp-json\/wp\/v2\/posts"}],"about":[{"href":"https:\/\/elmundodelapolitica.com\/v1\/wp-json\/wp\/v2\/types\/post"}],"author":[{"embeddable":true,"href":"https:\/\/elmundodelapolitica.com\/v1\/wp-json\/wp\/v2\/users\/2"}],"replies":[{"embeddable":true,"href":"https:\/\/elmundodelapolitica.com\/v1\/wp-json\/wp\/v2\/comments?post=3170"}],"version-history":[{"count":0,"href":"https:\/\/elmundodelapolitica.com\/v1\/wp-json\/wp\/v2\/posts\/3170\/revisions"}],"wp:featuredmedia":[{"embeddable":true,"href":"https:\/\/elmundodelapolitica.com\/v1\/wp-json\/wp\/v2\/media\/3171"}],"wp:attachment":[{"href":"https:\/\/elmundodelapolitica.com\/v1\/wp-json\/wp\/v2\/media?parent=3170"}],"wp:term":[{"taxonomy":"category","embeddable":true,"href":"https:\/\/elmundodelapolitica.com\/v1\/wp-json\/wp\/v2\/categories?post=3170"},{"taxonomy":"post_tag","embeddable":true,"href":"https:\/\/elmundodelapolitica.com\/v1\/wp-json\/wp\/v2\/tags?post=3170"}],"curies":[{"name":"wp","href":"https:\/\/api.w.org\/{rel}","templated":true}]}}