{"id":3169,"date":"2023-05-22T11:36:26","date_gmt":"2023-05-22T15:36:26","guid":{"rendered":"https:\/\/elmundodelapolitica.com\/v1\/?p=3169"},"modified":"2023-05-22T11:36:26","modified_gmt":"2023-05-22T15:36:26","slug":"directores-de-aduanas-de-la-region-abocan-al-sistema-armonizado-para-eficientizar-control-y-recaudacion-de-las-administraciones","status":"publish","type":"post","link":"https:\/\/elmundodelapolitica.com\/v1\/directores-de-aduanas-de-la-region-abocan-al-sistema-armonizado-para-eficientizar-control-y-recaudacion-de-las-administraciones\/","title":{"rendered":"Directores de aduanas de la regi\u00f3n abocan al Sistema Armonizado para eficientizar control y recaudaci\u00f3n de las administraciones"},"content":{"rendered":"<div>\n<p>Punta Cana. \u2013\u00a0<strong>Directores de aduanas<\/strong>\u00a0de la regi\u00f3n acordaron abocarse al\u00a0<strong>Sistema Armonizado\u00a0<\/strong>para mejorar los procesos de\u00a0<strong>valoraci\u00f3n<\/strong>, as\u00ed como aumentar\u00a0<strong>el control y la recaudaci\u00f3n<\/strong>\u00a0de las administraciones aduaneras.\u00a0<\/p>\n<p>Estos y otros puntos fueron las conclusiones de la\u00a0<strong>XXV Conferencia Regional de Directores Generales de Aduanas (CRDGA 2023),<\/strong>\u00a0celebrada los d\u00edas 18 y 19 en Punta Cana, Rep\u00fablica Dominicana, pa\u00eds seleccionado como\u00a0<strong>anfitri\u00f3n<\/strong>\u00a0por la aplicaci\u00f3n de\u00a0<strong>tecnolog\u00eda y buenas pr\u00e1cticas<\/strong>\u00a0en la gesti\u00f3n aduanera.\u00a0<\/p>\n<p><strong>Eduardo Sanz Lovat\u00f3n, director general de Aduanas (DGA),<\/strong>\u00a0clausur\u00f3 el evento con el panel\u00a0<strong>\u201cReforma y Modernizaci\u00f3n de la Aduana Dominicana\u201d,<\/strong>\u00a0donde destac\u00f3 el uso de\u00a0<strong>inteligencia artificial<\/strong>\u00a0para el perfilamiento de la carga, herramienta clave para la agilizaci\u00f3n en el despacho de mercanc\u00edas.\u00a0<\/p>\n<p>Asimismo, Sanz Lovat\u00f3n comparti\u00f3 con sus hom\u00f3logos que el\u00a0<strong>91 %<\/strong>\u00a0de las importaciones contenerizadas\u00a0<strong>son revisadas con rayos X,<\/strong>\u00a0que\u00a0<strong>567 empresas<\/strong>\u00a0son Operadores Econ\u00f3micos Autorizados\u00a0<strong>(OEA)<\/strong>, y destac\u00f3 la\u00a0<strong>automatizaci\u00f3n de los 21 servicios m\u00e1s demandados por los contribuyentes.\u00a0<\/strong><\/p>\n<p>En tanto que,\u00a0<strong>Martha Elba Garamendi<\/strong>, superintendente nacional adjunta de Aduanas\u00a0<strong>(SUNAT)<\/strong>\u00a0de Per\u00fa y vicepresidenta regional de Organizaci\u00f3n Mundial de Aduanas\u00a0<strong>(OMA)<\/strong>, concluy\u00f3 que mejorar el proceso de valoraci\u00f3n y utilizar Sistema Armonizado son\u00a0<strong>herramientas fundamentales para aumentar la eficiencia del control y la recaudaci\u00f3n\u00a0<\/strong>de las administraciones aduaneras.<\/p>\n<p><em>\u201cContar con un plan de contingencia en nuestras administraciones, es sumamente importante para asegurar la continuidad del servicio aduanero\u201d,<\/em>\u00a0enfatiz\u00f3.\u00a0<\/p>\n<p><em>\u201cEspero que hayamos aprovechado al m\u00e1ximo esta oportunidad, este reencuentro presencial, y que podamos seguir trabajando juntos por una regi\u00f3n digital, competitiva, integrada e inclusiva\u201d<\/em>, concluy\u00f3.<\/p>\n<p><strong>Temas<\/strong>\u00a0<\/p>\n<p><strong>La Reserva Federal de Brasil<\/strong>\u00a0habl\u00f3 sobre el uso de an\u00e1lisis de datos e inteligencia artificial para la gesti\u00f3n del riesgo aduanero,\u00a0<strong>la Autoridad Nacional de Aduanas de Panam\u00e1 y la Oficina de Aduanas y Protecci\u00f3n Fronteriza de Estados Unidos<\/strong>\u00a0(CBP, por sus siglas en ingl\u00e9s) presentaron el uso de tecnolog\u00eda para la gesti\u00f3n de riesgos, y la\u00a0<strong>SUNAT<\/strong>\u00a0comparti\u00f3 una buena pr\u00e1ctica en cuanto a la integraci\u00f3n de los sistemas de facturaci\u00f3n electr\u00f3nica y la declaraci\u00f3n aduanera de exportaci\u00f3n.<\/p>\n<p>En tanto que, en la secci\u00f3n de modernizaci\u00f3n aduanera y nuevas tendencias en el comercio exterior,\u00a0<strong>la aduana de Jap\u00f3n<\/strong>\u00a0ilustr\u00f3 sobre los pilares que deben estar presentes en el proceso de evoluci\u00f3n y avance de la modernizaci\u00f3n aduanera. Por su parte, la<strong>\u00a0DGA de la Rep\u00fablica Dominicana<\/strong>\u00a0present\u00f3 la reforma y modernizaci\u00f3n de dicha aduana, mientras que la\u00a0<strong>Agencia Nacional de Aduana de M\u00e9xico\u00a0<\/strong>habl\u00f3 del nearshoring y su visi\u00f3n estrat\u00e9gica de largo plazo y la\u00a0<strong>Direcci\u00f3n Nacional de Paraguay\u00a0<\/strong>coment\u00f3 sobre sus procesos de modernizaci\u00f3n.<\/p>\n<p>Finalmente, en el marco de la cooperaci\u00f3n aduanera,\u00a0<strong>la Intendencia de Aduanas de Guatemala, la Administraci\u00f3n Federal de Ingresos P\u00fablicos de Argentina y la Divisi\u00f3n de Aduanas e Impuestos Especiales de Antigua y Barbuda<\/strong>, compartieron sus buenas pr\u00e1cticas y las iniciativas que est\u00e1n llevando a cabo para mejorar la cooperaci\u00f3n intrarregional.<\/p>\n<\/div>\n","protected":false},"excerpt":{"rendered":"<p>Punta Cana. \u2013\u00a0Directores de aduanas\u00a0de la regi\u00f3n acordaron abocarse al\u00a0Sistema Armonizado\u00a0para mejorar los procesos de\u00a0valoraci\u00f3n, as\u00ed como aumentar\u00a0el control y la recaudaci\u00f3n\u00a0de las administraciones aduaneras.\u00a0 Estos y otros puntos fueron&hellip; <\/p>\n","protected":false},"author":2,"featured_media":0,"comment_status":"closed","ping_status":"closed","sticky":false,"template":"","format":"standard","meta":{"fifu_image_url":"","fifu_image_alt":"","footnotes":""},"categories":[63],"tags":[],"class_list":["post-3169","post","type-post","status-publish","format-standard","hentry","category-actualidad"],"_links":{"self":[{"href":"https:\/\/elmundodelapolitica.com\/v1\/wp-json\/wp\/v2\/posts\/3169","targetHints":{"allow":["GET"]}}],"collection":[{"href":"https:\/\/elmundodelapolitica.com\/v1\/wp-json\/wp\/v2\/posts"}],"about":[{"href":"https:\/\/elmundodelapolitica.com\/v1\/wp-json\/wp\/v2\/types\/post"}],"author":[{"embeddable":true,"href":"https:\/\/elmundodelapolitica.com\/v1\/wp-json\/wp\/v2\/users\/2"}],"replies":[{"embeddable":true,"href":"https:\/\/elmundodelapolitica.com\/v1\/wp-json\/wp\/v2\/comments?post=3169"}],"version-history":[{"count":0,"href":"https:\/\/elmundodelapolitica.com\/v1\/wp-json\/wp\/v2\/posts\/3169\/revisions"}],"wp:attachment":[{"href":"https:\/\/elmundodelapolitica.com\/v1\/wp-json\/wp\/v2\/media?parent=3169"}],"wp:term":[{"taxonomy":"category","embeddable":true,"href":"https:\/\/elmundodelapolitica.com\/v1\/wp-json\/wp\/v2\/categories?post=3169"},{"taxonomy":"post_tag","embeddable":true,"href":"https:\/\/elmundodelapolitica.com\/v1\/wp-json\/wp\/v2\/tags?post=3169"}],"curies":[{"name":"wp","href":"https:\/\/api.w.org\/{rel}","templated":true}]}}