{"id":3141,"date":"2023-05-19T11:01:07","date_gmt":"2023-05-19T15:01:07","guid":{"rendered":"https:\/\/elmundodelapolitica.com\/v1\/?p=3141"},"modified":"2023-05-19T11:01:09","modified_gmt":"2023-05-19T15:01:09","slug":"leonel-anuncia-eliminaria-anticipo-a-microempresas","status":"publish","type":"post","link":"https:\/\/elmundodelapolitica.com\/v1\/leonel-anuncia-eliminaria-anticipo-a-microempresas\/","title":{"rendered":"Leonel anuncia eliminar\u00eda anticipo a microempresas"},"content":{"rendered":"\n<p>Asegura gobierno del PRM no presta atenci\u00f3n a los de abajo<\/p>\n\n\n\n<p>Santo Domingo Este.- Tras escuchar las inquietudes de medianos y peque\u00f1os empresarios, el presidente del partido Fuerza del Pueblo, Leonel Fern\u00e1ndez, asegur\u00f3 que el sistema tributario tiene que ser progresivo, cobrarle m\u00e1s, al que m\u00e1s tiene, por lo que anunci\u00f3 eliminar\u00eda el anticipo a todas las microempresas.<\/p>\n\n\n<div class=\"wp-block-image\">\n<figure class=\"aligncenter size-large\"><img loading=\"lazy\" decoding=\"async\" width=\"1024\" height=\"683\" src=\"https:\/\/elmundodelapolitica.com\/v1\/wp-content\/uploads\/2023\/05\/IMG-20230518-WA0068-1024x683.jpg\" alt=\"\" class=\"wp-image-3142\" srcset=\"https:\/\/elmundodelapolitica.com\/v1\/wp-content\/uploads\/2023\/05\/IMG-20230518-WA0068-1024x683.jpg 1024w, https:\/\/elmundodelapolitica.com\/v1\/wp-content\/uploads\/2023\/05\/IMG-20230518-WA0068-300x200.jpg 300w, https:\/\/elmundodelapolitica.com\/v1\/wp-content\/uploads\/2023\/05\/IMG-20230518-WA0068-768x512.jpg 768w, https:\/\/elmundodelapolitica.com\/v1\/wp-content\/uploads\/2023\/05\/IMG-20230518-WA0068.jpg 1280w\" sizes=\"auto, (max-width: 1024px) 100vw, 1024px\" \/><\/figure>\n<\/div>\n\n\n<p>El l\u00edder de la oposici\u00f3n, quien por dos d\u00edas estuvo realizando diversas actividades en el municipio Santo Domingo Este, el m\u00e1s grande del pa\u00eds, indic\u00f3 que no se puede castigar de la misma manera a todo el mundo.<\/p>\n\n\n\n<p>En ese sentido, Fern\u00e1ndez declar\u00f3 que no se puede cobrar a una empresa peque\u00f1a lo mismo que se le cobra a una empresa grande.<\/p>\n\n\n\n<p>Al participar de un di\u00e1logo con microempresarios de la zona oriental, el l\u00edder pol\u00edtico dominicano explic\u00f3, adem\u00e1s, que en medio de una crisis como la que vive el pa\u00eds y el mundo, hay que flexibilizar.<\/p>\n\n\n\n<p>\u201cEl Estado debe crear mecanismos que faciliten y entender que no todos est\u00e1n al mismo nivel, y creo que el tema impositivo tiene mucho que ver con esto, nosotros eliminar\u00edamos el anticipo a toda microempresa\u201d, subray\u00f3.<\/p>\n\n\n\n<p>Ante decenas de comerciantes que siente cada d\u00eda en carne propia el impacto de la crisis econ\u00f3mica del pa\u00eds, Fern\u00e1ndez reconoci\u00f3 que a veces se tienen las ideas claras de los grandes proyectos, de las transformaciones que hay que hacer, \u201cpero esas peque\u00f1as cosas que afectan a la microempresa, al empresario importador de productos o exportador, entonces ah\u00ed nos engrampamos en el d\u00eda a d\u00eda, y ah\u00ed es donde la gente siente abajo los problemas\u201d, dijo.<\/p>\n\n\n\n<p>Fern\u00e1ndez expres\u00f3 su preocupaci\u00f3n, al manifestar que la clase media baja, los j\u00f3venes empresarios y microempresarios son los que est\u00e1n sintiendo la crisis. \u201cEs ah\u00ed, a ese nivel\u201d, se\u00f1al\u00f3.<\/p>\n\n\n\n<p>En ese sentido hizo saber que, de esa situaci\u00f3n, \u201cel gobierno no se da cuenta y entonces est\u00e1 hablando de que rompe r\u00e9cord cada d\u00eda, y que la Rep\u00fablica Dominicana es el gran referente para la soluci\u00f3n de los problemas del mundo\u201d.<\/p>\n\n\n\n<p>Destac\u00f3, adem\u00e1s, que estos di\u00e1logos, refiri\u00e9ndose a su encuentro con empresarios y microempresarios, \u201cson muy importantes, porque uno escucha, se da cuenta que es lo que la gente realmente siente y nos permite afinar la punter\u00eda de cu\u00e1les son las pol\u00edticas que tienen que aplicarse\u201d en momentos que el gobierno no encuentra una soluci\u00f3n adecuada para resolver los problemas del pueblo.<\/p>\n\n\n\n<p>Fue en ese momento cuando el l\u00edder de la oposici\u00f3n se\u00f1al\u00f3 que es abajo donde se est\u00e1 \u201csintiendo que la energ\u00eda el\u00e9ctrica sube todos los meses, que hay una falta de circulaci\u00f3n, que no hay dinero circulando y las cosas siguen altas\u201d.<\/p>\n\n\n\n<p>Leonel con el pueblo<\/p>\n\n\n\n<p>En lo que podr\u00eda catalogarse como una consulta directa con el pueblo, durante la estad\u00eda en Santo Domingo Este, Leonel Fern\u00e1ndez visit\u00f3 varios comercios y empresas para conocer de manera personal la realidad que est\u00e1n padeciendo los propietarios e interactuar con empleados que viven en los barrios y tienen sus propias realidades.<\/p>\n\n\n\n<p>En la visita a una industria de pa\u00f1ales desechables, ubicada en la Autopista de San Isidro, el l\u00edder de la oposici\u00f3n dominicana recorrido todas las instalaciones, y tras conversar con empleados, \u00e9stos les expresaban la angustia en la que viven, pues trabajan para pagar deudas, ya que el dinero que cobran cada d\u00eda pierde valor frente al incremento constante de los productos de la canasta b\u00e1sica familiar.<\/p>\n\n\n\n<p>Con rostro de alta nostalgia, una se\u00f1ora se acerc\u00f3 a Leonel Fern\u00e1ndez, y le manifest\u00f3: \u201cGracias a Dios que al menos nosotros tenemos este trabajo y podemos pagar deudas, pero en los barrios la gente se est\u00e1 muriendo de hambre, presidente, necesitamos que lleguen r\u00e1pido las elecciones para sacar esta gente de ah\u00ed, que me enga\u00f1aron a m\u00ed y a todo el pa\u00eds\u201d.<\/p>\n\n\n\n<p>El l\u00edder pol\u00edtico, tras escucharla atentamente, le expres\u00f3 a la afligida mujer que muy pronto, en el gobierno de la FP, la situaci\u00f3n, realmente cambiar\u00e1 para la gente del pueblo, para la clase de abajo, para los pobres, y para el pa\u00eds.<\/p>\n","protected":false},"excerpt":{"rendered":"<p>Asegura gobierno del PRM no presta atenci\u00f3n a los de abajo Santo Domingo Este.- Tras escuchar las inquietudes de medianos y peque\u00f1os empresarios, el presidente del partido Fuerza del Pueblo,&hellip; <\/p>\n","protected":false},"author":2,"featured_media":3142,"comment_status":"open","ping_status":"open","sticky":false,"template":"","format":"standard","meta":{"fifu_image_url":"","fifu_image_alt":"","footnotes":""},"categories":[5],"tags":[],"class_list":["post-3141","post","type-post","status-publish","format-standard","has-post-thumbnail","hentry","category-partidos"],"_links":{"self":[{"href":"https:\/\/elmundodelapolitica.com\/v1\/wp-json\/wp\/v2\/posts\/3141","targetHints":{"allow":["GET"]}}],"collection":[{"href":"https:\/\/elmundodelapolitica.com\/v1\/wp-json\/wp\/v2\/posts"}],"about":[{"href":"https:\/\/elmundodelapolitica.com\/v1\/wp-json\/wp\/v2\/types\/post"}],"author":[{"embeddable":true,"href":"https:\/\/elmundodelapolitica.com\/v1\/wp-json\/wp\/v2\/users\/2"}],"replies":[{"embeddable":true,"href":"https:\/\/elmundodelapolitica.com\/v1\/wp-json\/wp\/v2\/comments?post=3141"}],"version-history":[{"count":1,"href":"https:\/\/elmundodelapolitica.com\/v1\/wp-json\/wp\/v2\/posts\/3141\/revisions"}],"predecessor-version":[{"id":3143,"href":"https:\/\/elmundodelapolitica.com\/v1\/wp-json\/wp\/v2\/posts\/3141\/revisions\/3143"}],"wp:featuredmedia":[{"embeddable":true,"href":"https:\/\/elmundodelapolitica.com\/v1\/wp-json\/wp\/v2\/media\/3142"}],"wp:attachment":[{"href":"https:\/\/elmundodelapolitica.com\/v1\/wp-json\/wp\/v2\/media?parent=3141"}],"wp:term":[{"taxonomy":"category","embeddable":true,"href":"https:\/\/elmundodelapolitica.com\/v1\/wp-json\/wp\/v2\/categories?post=3141"},{"taxonomy":"post_tag","embeddable":true,"href":"https:\/\/elmundodelapolitica.com\/v1\/wp-json\/wp\/v2\/tags?post=3141"}],"curies":[{"name":"wp","href":"https:\/\/api.w.org\/{rel}","templated":true}]}}