{"id":313,"date":"2022-05-11T22:18:47","date_gmt":"2022-05-12T02:18:47","guid":{"rendered":"http:\/\/www.elmundodelapolitica.com\/v2\/?p=25373"},"modified":"2022-09-26T10:28:34","modified_gmt":"2022-09-26T14:28:34","slug":"prd-destaca-pena-gomez-sentia-gran-amor-por-pueblo-dominicano","status":"publish","type":"post","link":"https:\/\/elmundodelapolitica.com\/v1\/prd-destaca-pena-gomez-sentia-gran-amor-por-pueblo-dominicano\/","title":{"rendered":"PRD destaca Pe\u00f1a G\u00f3mez sent\u00eda gran amor por pueblo dominicano"},"content":{"rendered":"\n<p>SANTO DOMINGO.-&nbsp; El Partido Revolucionario Dominicano (PRD) y su presidente, el ingeniero Miguel Vargas Maldonado, resaltaron el gran amor que Jos\u00e9 Francisco Pe\u00f1a G\u00f3mez&nbsp;Jos\u00e9 Francisco Pe\u00f1a G\u00f3mez sent\u00eda por el pueblo dominicano.<\/p>\n\n\n\n<p>Durante una misa en la iglesia Las Mercedes, en la Zona Colonial, al conmemorar el 24\u00ba aniversario del fallecimiento del l\u00edder hist\u00f3rico de esa organizaci\u00f3n, indic\u00f3 que su magn\u00edfica trayectoria estuvo siempre dirigida por su compromiso hacia los mejores intereses de la naci\u00f3n dominicana.<\/p>\n\n\n\n<p>\u201cLa celebraci\u00f3n de esta misa constituye un ejemplo de lo que fue Jos\u00e9 Francisco. Aqu\u00ed se refugi\u00f3 \u00e9l en busca de la paz, dando el perd\u00f3n y, sobre todo, reconociendo la necesidad de que cada dominicano pueda transitar con libertad y con democracia en el pa\u00eds\u201d, manifest\u00f3.<\/p>\n\n\n\n<p>Vargas agreg\u00f3 que con dicho acto el PRD busca rendir tributo a la vida y el ejercicio pol\u00edtico del destacado l\u00edder de masas.<\/p>\n\n\n\n<p>\u201cEstamos aqu\u00ed recordando a un extraordinario ser humano, ese gran dominicano, ese hombre humilde, sencillo, sensible, solidario y, sobre todo, con una profunda vocaci\u00f3n de servicio, pensando siempre primero en la gente\u201d.<\/p>\n","protected":false},"excerpt":{"rendered":"<p>SANTO DOMINGO.-&nbsp; El Partido Revolucionario Dominicano (PRD) y su presidente, el ingeniero Miguel Vargas Maldonado, resaltaron el gran amor que Jos\u00e9 Francisco Pe\u00f1a G\u00f3mez&nbsp;Jos\u00e9 Francisco Pe\u00f1a G\u00f3mez sent\u00eda por el&hellip; <\/p>\n","protected":false},"author":2,"featured_media":314,"comment_status":"closed","ping_status":"open","sticky":false,"template":"","format":"standard","meta":{"fifu_image_url":"","fifu_image_alt":"","footnotes":""},"categories":[17],"tags":[],"class_list":["post-313","post","type-post","status-publish","format-standard","has-post-thumbnail","hentry","category-politica"],"_links":{"self":[{"href":"https:\/\/elmundodelapolitica.com\/v1\/wp-json\/wp\/v2\/posts\/313","targetHints":{"allow":["GET"]}}],"collection":[{"href":"https:\/\/elmundodelapolitica.com\/v1\/wp-json\/wp\/v2\/posts"}],"about":[{"href":"https:\/\/elmundodelapolitica.com\/v1\/wp-json\/wp\/v2\/types\/post"}],"author":[{"embeddable":true,"href":"https:\/\/elmundodelapolitica.com\/v1\/wp-json\/wp\/v2\/users\/2"}],"replies":[{"embeddable":true,"href":"https:\/\/elmundodelapolitica.com\/v1\/wp-json\/wp\/v2\/comments?post=313"}],"version-history":[{"count":1,"href":"https:\/\/elmundodelapolitica.com\/v1\/wp-json\/wp\/v2\/posts\/313\/revisions"}],"predecessor-version":[{"id":336,"href":"https:\/\/elmundodelapolitica.com\/v1\/wp-json\/wp\/v2\/posts\/313\/revisions\/336"}],"wp:featuredmedia":[{"embeddable":true,"href":"https:\/\/elmundodelapolitica.com\/v1\/wp-json\/wp\/v2\/media\/314"}],"wp:attachment":[{"href":"https:\/\/elmundodelapolitica.com\/v1\/wp-json\/wp\/v2\/media?parent=313"}],"wp:term":[{"taxonomy":"category","embeddable":true,"href":"https:\/\/elmundodelapolitica.com\/v1\/wp-json\/wp\/v2\/categories?post=313"},{"taxonomy":"post_tag","embeddable":true,"href":"https:\/\/elmundodelapolitica.com\/v1\/wp-json\/wp\/v2\/tags?post=313"}],"curies":[{"name":"wp","href":"https:\/\/api.w.org\/{rel}","templated":true}]}}