{"id":3127,"date":"2023-05-18T20:05:11","date_gmt":"2023-05-19T00:05:11","guid":{"rendered":"https:\/\/elmundodelapolitica.com\/v1\/?p=3127"},"modified":"2023-05-18T20:05:11","modified_gmt":"2023-05-19T00:05:11","slug":"ministerio-de-economia-y-one-presentaran-nueva-metodologia-de-medicion-de-la-pobreza-monetaria","status":"publish","type":"post","link":"https:\/\/elmundodelapolitica.com\/v1\/ministerio-de-economia-y-one-presentaran-nueva-metodologia-de-medicion-de-la-pobreza-monetaria\/","title":{"rendered":"Ministerio de Econom\u00eda y ONE presentar\u00e1n nueva metodolog\u00eda de medici\u00f3n de la pobreza monetaria"},"content":{"rendered":"\n<p><strong>Santo Domingo, Rep\u00fablica Dominicana (Mayo de 2023).<\/strong>&nbsp;El Ministerio de Econom\u00eda, Planificaci\u00f3n y Desarrollo informa que el Comit\u00e9 T\u00e9cnico Interinstitucional de Medici\u00f3n de la Pobreza (CTP), seg\u00fan su mandato, ha actualizado y revisado en 2022 la Metodolog\u00eda Oficial de Pobreza Monetaria 2012.<\/p>\n\n\n\n<p>El ministro de Econom\u00eda, Planificaci\u00f3n y Desarrollo, P\u00e1vel Isa Contreras, y la directora de An\u00e1lisis de Pobreza, Desigualdad y Cultura Democr\u00e1tica del Viceministerio de An\u00e1lisis Econ\u00f3mico y Social, Rosa Ca\u00f1ete, indicaron que la nueva metodolog\u00eda 2022 ser\u00e1 la oficial para medir la pobreza monetaria en el pa\u00eds a partir de su presentaci\u00f3n el pr\u00f3ximo martes 23 del presente mes.<\/p>\n\n\n\n<p>Isa Contreras explic\u00f3 que la metodolog\u00eda de 2012 utilizaba el patr\u00f3n de consumo levantado por la Encuesta Nacional de Ingresos y Gastos de los Hogares (ENIGH) de 2007. Se\u00f1al\u00f3 que el Banco Central de la Rep\u00fablica Dominicana (BCRD) public\u00f3 en 2020 la nueva Encuesta Nacional de Gastos e Ingresos de los Hogares (ENGIH) realizada en 2018, lo cual ha permitido la actualizaci\u00f3n de las l\u00edneas de pobreza a la realidad actual.<\/p>\n\n\n\n<p>\u201cEsa nueva metodolog\u00eda incorpora mejoras importantes\u201d, precis\u00f3 el economista e investigador.<\/p>\n\n\n\n<p>En ese sentido, puntualiz\u00f3 que en octubre de 2022, tras dos a\u00f1os de trabajo, el CTP, aprob\u00f3 la nueva Metodolog\u00eda de Medici\u00f3n de Pobreza Monetaria que introduce mejoras como la actualizaci\u00f3n de las l\u00edneas de pobreza monetaria con el patr\u00f3n de consumo de 2018, la selecci\u00f3n de la poblaci\u00f3n de referencia para la construcci\u00f3n de las l\u00edneas de pobreza con criterios multidimensionales, la inclusi\u00f3n del Programa de Alimentaci\u00f3n Escolar (PAE) en el ingreso agregado, y la construcci\u00f3n de l\u00edneas de pobreza por macrorregiones.<\/p>\n\n\n\n<p>Asimismo, Ca\u00f1ete Alonso, destac\u00f3 que las l\u00edneas de pobreza por macrorregi\u00f3n, permiten observar que hay patrones de consumo y costos diferentes en cada territorio. El ministro Isa Contreras abund\u00f3 que hay cuatro macrorregiones: Norte, Sur, Este y Ozama.<\/p>\n\n\n\n<p>\u201cEso permite capturar mucho mejor las diferencias territoriales, y va a implicar cambios en la lectura de la pobreza monetaria que ten\u00edamos hasta ahora en el pa\u00eds\u201d, afirm\u00f3 Ca\u00f1ete Alonso.<\/p>\n\n\n\n<p>Puntualizaron que el Bolet\u00edn de Estad\u00edsticas Oficiales de Pobreza Monetaria 2022 que tambi\u00e9n se presentar\u00e1 la pr\u00f3xima semana muestra los datos entre 2016 y 2022 con la metodolog\u00eda vigente desde 2012 y con la reci\u00e9n aprobada para facilitar el monitoreo con ambas y asegurar la transparencia de los datos.<\/p>\n\n\n\n<p>\u201cEs importante aclarar que no es posible comparar los resultados entre la metodolog\u00eda 2012 y la metodolog\u00eda 2022. La nueva metodolog\u00eda no implica cambios en la situaci\u00f3n de la poblaci\u00f3n, sino que la actualizaci\u00f3n y revisi\u00f3n del proceso de medici\u00f3n elevan la vara con la que se mide la pobreza monetaria en el pa\u00eds, es decir, las l\u00edneas de pobreza\u201d, precis\u00f3 Isa Contreras.<\/p>\n\n\n\n<p>Con ambas metodolog\u00edas, se considera que un hogar se encuentra en condici\u00f3n de pobreza monetaria cuando no tiene los recursos suficientes para adquirir una canasta b\u00e1sica de bienes y servicios.<\/p>\n\n\n\n<p>Enfatizaron que el pa\u00eds se impone a est\u00e1ndares m\u00e1s exigentes sobre un nivel de vida digno para la gente. \u201cEso nos permite fortalecer las pol\u00edticas para combatirla y ajustarlas a las necesidades actuales\u201d, se\u00f1al\u00f3 Ca\u00f1ete Alonso.<\/p>\n\n\n\n<p><strong>Acerca del CTP<\/strong><\/p>\n\n\n\n<p>En octubre de 2022, tras dos a\u00f1os de trabajo el Comit\u00e9 T\u00e9cnico Interinstitucional de Medici\u00f3n de la Pobreza (CTP) creado por el Decreto 112-15 aprob\u00f3 la Nueva Metodolog\u00eda de Medici\u00f3n de Pobreza Monetaria a 10 a\u00f1os de la aprobaci\u00f3n de la primera metodolog\u00eda oficial. El trabajo t\u00e9cnico fue realizado por el equipo del Ministerio de Econom\u00eda, Planificaci\u00f3n y Desarrollo (MEPyD) en coordinaci\u00f3n con la Oficina Nacional de Estad\u00edsticas (ONE) y el Banco Central (BCRD).<\/p>\n\n\n\n<p>El trabajo t\u00e9cnico se ajusta a los mejores est\u00e1ndares internacionales y ha contado con la asesor\u00eda t\u00e9cnica del Banco Mundial (BM) y la Comisi\u00f3n Econ\u00f3mica para Am\u00e9rica Latina y el Caribe (CEPAL).<\/p>\n\n\n\n<p>El CTP es una instancia consultiva y de coordinaci\u00f3n t\u00e9cnica entre las entidades p\u00fablicas que tienen entre sus funciones la generaci\u00f3n, recolecci\u00f3n y an\u00e1lisis de informaciones necesarias para la medici\u00f3n oficial de la pobreza y otros indicadores relacionados.<\/p>\n","protected":false},"excerpt":{"rendered":"<p>Santo Domingo, Rep\u00fablica Dominicana (Mayo de 2023).&nbsp;El Ministerio de Econom\u00eda, Planificaci\u00f3n y Desarrollo informa que el Comit\u00e9 T\u00e9cnico Interinstitucional de Medici\u00f3n de la Pobreza (CTP), seg\u00fan su mandato, ha actualizado&hellip; <\/p>\n","protected":false},"author":2,"featured_media":3128,"comment_status":"open","ping_status":"open","sticky":false,"template":"","format":"standard","meta":{"fifu_image_url":"","fifu_image_alt":"","footnotes":""},"categories":[8],"tags":[],"class_list":["post-3127","post","type-post","status-publish","format-standard","has-post-thumbnail","hentry","category-politica-economica"],"_links":{"self":[{"href":"https:\/\/elmundodelapolitica.com\/v1\/wp-json\/wp\/v2\/posts\/3127","targetHints":{"allow":["GET"]}}],"collection":[{"href":"https:\/\/elmundodelapolitica.com\/v1\/wp-json\/wp\/v2\/posts"}],"about":[{"href":"https:\/\/elmundodelapolitica.com\/v1\/wp-json\/wp\/v2\/types\/post"}],"author":[{"embeddable":true,"href":"https:\/\/elmundodelapolitica.com\/v1\/wp-json\/wp\/v2\/users\/2"}],"replies":[{"embeddable":true,"href":"https:\/\/elmundodelapolitica.com\/v1\/wp-json\/wp\/v2\/comments?post=3127"}],"version-history":[{"count":1,"href":"https:\/\/elmundodelapolitica.com\/v1\/wp-json\/wp\/v2\/posts\/3127\/revisions"}],"predecessor-version":[{"id":3129,"href":"https:\/\/elmundodelapolitica.com\/v1\/wp-json\/wp\/v2\/posts\/3127\/revisions\/3129"}],"wp:featuredmedia":[{"embeddable":true,"href":"https:\/\/elmundodelapolitica.com\/v1\/wp-json\/wp\/v2\/media\/3128"}],"wp:attachment":[{"href":"https:\/\/elmundodelapolitica.com\/v1\/wp-json\/wp\/v2\/media?parent=3127"}],"wp:term":[{"taxonomy":"category","embeddable":true,"href":"https:\/\/elmundodelapolitica.com\/v1\/wp-json\/wp\/v2\/categories?post=3127"},{"taxonomy":"post_tag","embeddable":true,"href":"https:\/\/elmundodelapolitica.com\/v1\/wp-json\/wp\/v2\/tags?post=3127"}],"curies":[{"name":"wp","href":"https:\/\/api.w.org\/{rel}","templated":true}]}}