{"id":3125,"date":"2023-05-18T19:56:02","date_gmt":"2023-05-18T23:56:02","guid":{"rendered":"https:\/\/elmundodelapolitica.com\/v1\/?p=3125"},"modified":"2023-05-18T19:56:04","modified_gmt":"2023-05-18T23:56:04","slug":"comision-de-diputados-aprueba-informe-del-codigo-penal-sin-las-tres-causales-del-aborto","status":"publish","type":"post","link":"https:\/\/elmundodelapolitica.com\/v1\/comision-de-diputados-aprueba-informe-del-codigo-penal-sin-las-tres-causales-del-aborto\/","title":{"rendered":"Comisi\u00f3n de diputados aprueba informe del C\u00f3digo Penal sin las tres causales del aborto"},"content":{"rendered":"\n<p>Dejando fuera las tres causales que permitir\u00edan dar por terminado un embarazo y excluyendo las penas por discriminar a homosexuales, la comisi\u00f3n de Justicia de la C\u00e1mara de Diputados aprob\u00f3 el informe del proyecto de C\u00f3digo Penal con el voto disidente de tres legisladores.<\/p>\n\n\n\n<p>El informe del proyecto de C\u00f3digo Penal recibi\u00f3 el visto bueno como fue aprobado en el Senado, en febrero de este a\u00f1o, y en el encuentro estuvieron presentes nueve legisladores de un total de quince que integran la comisi\u00f3n.<\/p>\n\n\n\n<p>As\u00ed lo inform\u00f3 el presidente de la comisi\u00f3n de Justicia, diputado Alexis Jim\u00e9nez, al informar que el documento ser\u00e1 sometido en los pr\u00f3ximos d\u00edas en la Secretar\u00eda Legislativa para luego ser agendado en una de las sesiones del \u00f3rgano.<\/p>\n\n\n\n<p>Aunque fue aprobado por mayor\u00eda de votos, los diputados Eugenio Cede\u00f1o, Santiago Vilorio y Plutarco P\u00e9rez fueron los disidentes al oponerse a varios art\u00edculos de la pieza.<\/p>\n","protected":false},"excerpt":{"rendered":"<p>Dejando fuera las tres causales que permitir\u00edan dar por terminado un embarazo y excluyendo las penas por discriminar a homosexuales, la comisi\u00f3n de Justicia de la C\u00e1mara de Diputados aprob\u00f3&hellip; <\/p>\n","protected":false},"author":2,"featured_media":127,"comment_status":"open","ping_status":"open","sticky":false,"template":"","format":"standard","meta":{"fifu_image_url":"","fifu_image_alt":"","footnotes":""},"categories":[55],"tags":[],"class_list":["post-3125","post","type-post","status-publish","format-standard","has-post-thumbnail","hentry","category-congreso-y-legislacion"],"_links":{"self":[{"href":"https:\/\/elmundodelapolitica.com\/v1\/wp-json\/wp\/v2\/posts\/3125","targetHints":{"allow":["GET"]}}],"collection":[{"href":"https:\/\/elmundodelapolitica.com\/v1\/wp-json\/wp\/v2\/posts"}],"about":[{"href":"https:\/\/elmundodelapolitica.com\/v1\/wp-json\/wp\/v2\/types\/post"}],"author":[{"embeddable":true,"href":"https:\/\/elmundodelapolitica.com\/v1\/wp-json\/wp\/v2\/users\/2"}],"replies":[{"embeddable":true,"href":"https:\/\/elmundodelapolitica.com\/v1\/wp-json\/wp\/v2\/comments?post=3125"}],"version-history":[{"count":1,"href":"https:\/\/elmundodelapolitica.com\/v1\/wp-json\/wp\/v2\/posts\/3125\/revisions"}],"predecessor-version":[{"id":3126,"href":"https:\/\/elmundodelapolitica.com\/v1\/wp-json\/wp\/v2\/posts\/3125\/revisions\/3126"}],"wp:featuredmedia":[{"embeddable":true,"href":"https:\/\/elmundodelapolitica.com\/v1\/wp-json\/wp\/v2\/media\/127"}],"wp:attachment":[{"href":"https:\/\/elmundodelapolitica.com\/v1\/wp-json\/wp\/v2\/media?parent=3125"}],"wp:term":[{"taxonomy":"category","embeddable":true,"href":"https:\/\/elmundodelapolitica.com\/v1\/wp-json\/wp\/v2\/categories?post=3125"},{"taxonomy":"post_tag","embeddable":true,"href":"https:\/\/elmundodelapolitica.com\/v1\/wp-json\/wp\/v2\/tags?post=3125"}],"curies":[{"name":"wp","href":"https:\/\/api.w.org\/{rel}","templated":true}]}}