{"id":3111,"date":"2023-05-18T12:35:51","date_gmt":"2023-05-18T16:35:51","guid":{"rendered":"https:\/\/elmundodelapolitica.com\/v1\/?p=3111"},"modified":"2023-05-18T12:35:51","modified_gmt":"2023-05-18T16:35:51","slug":"ministro-de-turismo-llama-a-miembros-de-la-omt-a-buscar-solucion-conjunta-al-tema-del-sargazo","status":"publish","type":"post","link":"https:\/\/elmundodelapolitica.com\/v1\/ministro-de-turismo-llama-a-miembros-de-la-omt-a-buscar-solucion-conjunta-al-tema-del-sargazo\/","title":{"rendered":"Ministro de Turismo llama a miembros de la OMT a buscar soluci\u00f3n conjunta al tema del Sargazo"},"content":{"rendered":"<div>\n<p>Punta Cana, La Altagracia. \u2013<strong>El ministro de Turismo de Rep\u00fablica Dominicana, David Collado<\/strong>, hizo un ferviente llamado a los miembros del\u00a0<strong>Consejo Ejecutivo de la Organizaci\u00f3n Mundial del Turismo (OMT),<\/strong>\u00a0que se encuentran reunidos en el pa\u00eds, a unirse para buscar una\u00a0<strong>soluci\u00f3n conjunta a temas comunes, como el sargazo que afecta a gran parte del Caribe.<\/strong><\/p>\n<div class=\"wp-block-image\">\n<figure class=\"aligncenter size-large\"><img data-attachment-id=\"28122\" data-permalink=\"https:\/\/elmundodelosnegocios.com.do\/v1\/index.php\/2023\/05\/18\/ministro-de-turismo-llama-a-miembros-de-la-omt-a-buscar-solucion-conjunta-al-tema-del-sargazo\/img-20230517-wa0017-1\/\" data-orig-file=\"https:\/\/i0.wp.com\/elmundodelosnegocios.com.do\/v1\/wp-content\/uploads\/2023\/05\/IMG-20230517-WA0017-1.jpg?fit=1300%2C731&amp;ssl=1\" data-orig-size=\"1300,731\" data-comments-opened=\"0\" data-image-meta='{\"aperture\":\"0\",\"credit\":\"\",\"camera\":\"\",\"caption\":\"\",\"created_timestamp\":\"0\",\"copyright\":\"\",\"focal_length\":\"0\",\"iso\":\"0\",\"shutter_speed\":\"0\",\"title\":\"\",\"orientation\":\"0\"}' data-image-title=\"IMG-20230517-WA0017-1\" data-image-description=\"\" data-image-caption=\"\" data-medium-file=\"https:\/\/i0.wp.com\/elmundodelosnegocios.com.do\/v1\/wp-content\/uploads\/2023\/05\/IMG-20230517-WA0017-1.jpg?fit=300%2C169&amp;ssl=1\" data-large-file=\"https:\/\/i0.wp.com\/elmundodelosnegocios.com.do\/v1\/wp-content\/uploads\/2023\/05\/IMG-20230517-WA0017-1.jpg?fit=1024%2C576&amp;ssl=1\" decoding=\"async\" loading=\"lazy\" width=\"1024\" height=\"576\" src=\"https:\/\/i0.wp.com\/elmundodelosnegocios.com.do\/v1\/wp-content\/uploads\/2023\/05\/IMG-20230517-WA0017-1-1024x576.jpg?resize=1024,576&amp;ssl=1\" alt=\"\" class=\"wp-image-28122\" srcset=\"https:\/\/i0.wp.com\/elmundodelosnegocios.com.do\/v1\/wp-content\/uploads\/2023\/05\/IMG-20230517-WA0017-1.jpg?resize=1024%2C576&amp;ssl=1 1024w, https:\/\/i0.wp.com\/elmundodelosnegocios.com.do\/v1\/wp-content\/uploads\/2023\/05\/IMG-20230517-WA0017-1.jpg?resize=300%2C169&amp;ssl=1 300w, https:\/\/i0.wp.com\/elmundodelosnegocios.com.do\/v1\/wp-content\/uploads\/2023\/05\/IMG-20230517-WA0017-1.jpg?resize=768%2C432&amp;ssl=1 768w, https:\/\/i0.wp.com\/elmundodelosnegocios.com.do\/v1\/wp-content\/uploads\/2023\/05\/IMG-20230517-WA0017-1.jpg?w=1300&amp;ssl=1 1300w\" sizes=\"auto, (max-width: 1024px) 100vw, 1024px\" data-recalc-dims=\"1\"><\/figure>\n<\/div>\n<p><em>\u00abLa soluci\u00f3n al problema del sargazo no podr\u00e1 ser individual\u00bb<\/em>, dijo Collado en sus palabras de apertura a la 118.\u00aa reuni\u00f3n del Consejo Ejecutivo de la OMT, que inici\u00f3 este mi\u00e9rcoles en la tur\u00edstica regi\u00f3n Este del pa\u00eds y se extender\u00e1 hasta ma\u00f1ana jueves.<\/p>\n<p>En ese sentido, dijo que se deben buscar soluciones a los\u00a0<strong>temas que afectan la regi\u00f3n a nivel general,<\/strong>\u00a0refiri\u00e9ndose al sargazo.<\/p>\n<p><em>\u00abY organismos como este deben ayudar a los pa\u00edses peque\u00f1os a buscar soluciones cuando no la tenemos\u00bb,<\/em>\u00a0indic\u00f3 Collado.<\/p>\n<p>El ministro de Turismo agradeci\u00f3 tambi\u00e9n que la OMT haya escogido a Rep\u00fablica Dominicana para realizar su reuni\u00f3n,\u00a0<strong>por primera vez en la historia.<\/strong><\/p>\n<p>Entiende que eso es un\u00a0<strong>reconocimiento a la historia de \u00e9xito que ha tenido la industria tur\u00edstica\u00a0<\/strong>en los \u00faltimos a\u00f1os, lo que la convierte en l\u00edder en la regi\u00f3n.<\/p>\n<p>Indic\u00f3 que el turismo no es un lujo para la Rep\u00fablica Dominicana, sino algo esencial por el\u00a0<strong>impacto que tiene en la econom\u00eda<\/strong>, que representa m\u00e1s\u00a0<strong>del 25 % del Producto Interno Bruto (PIB).<\/strong><\/p>\n<p>Al dejar iniciada la reuni\u00f3n<strong>, el secretario general de la OMT, Zurab Pololikashvili<\/strong>, destac\u00f3 los logros alcanzados por el pa\u00eds en materia tur\u00edstica,\u00a0<strong>especialmente su r\u00e1pida recuperaci\u00f3n.<\/strong><\/p>\n<p>Dijo que Rep\u00fablica Dominicana se ha convertido en una\u00a0<strong>referencia mundial del turismo.<\/strong><\/p>\n<p><em>\u00abSe\u00f1or ministro David Collado, sin usted y su equipo habr\u00eda sido imposible organizar esta cumbre, la m\u00e1s importante para nuestra organizaci\u00f3n y para el turismo\u00bb.<\/em><\/p>\n<p><strong>El canciller Roberto Alvarez<\/strong>\u00a0destac\u00f3 la importancia que tiene para el pa\u00eds la reuni\u00f3n del Comit\u00e9 Ejecutivo de la OMT, que se lleva a cabo por primera vez en Rep\u00fablica Dominicana.<\/p>\n<p><em>\u00abEsperamos que este foro sea especialmente propicio para promover el turismo responsable, local, sostenible y universalmente accesible\u00bb<\/em>, dijo el canciller dominicano.<\/p>\n<p>En la reuni\u00f3n de la OMT acompa\u00f1aron al ministro Collado, el embajador dominicano ante ese organismo,\u00a0<strong>An\u00edbal de Castro<\/strong>\u00a0y el viceministro de Turismo,\u00a0<strong>Carlos Peguero<\/strong>, entre otros funcionarios.<\/p>\n<p>En esta 118.\u00aa reuni\u00f3n de OMT participan\u00a0<strong>19 ministros de 38 naciones presentes, entre ellos los 35 pa\u00edses miembros y 3 observadores, as\u00ed como unos 200 delegados<\/strong>, la cual se desarrolla en Punta Cana desde el pasado martes hasta el jueves, y re\u00fane a los l\u00edderes de la industria a nivel mundial.<\/p>\n<p>Quisqueya entr\u00f3 al Comit\u00e9 Ejecutivo de la OMT, luego de m\u00e1s de una d\u00e9cada,\u00a0<strong>gracias al trabajo de este Gobierno y a los resultados en la recuperaci\u00f3n del turismo.<\/strong><\/p>\n<\/div>\n","protected":false},"excerpt":{"rendered":"<p>Punta Cana, La Altagracia. \u2013El ministro de Turismo de Rep\u00fablica Dominicana, David Collado, hizo un ferviente llamado a los miembros del\u00a0Consejo Ejecutivo de la Organizaci\u00f3n Mundial del Turismo (OMT),\u00a0que se&hellip; <\/p>\n","protected":false},"author":2,"featured_media":3112,"comment_status":"closed","ping_status":"closed","sticky":false,"template":"","format":"standard","meta":{"fifu_image_url":"https:\/\/i0.wp.com\/elmundodelosnegocios.com.do\/v1\/wp-content\/uploads\/2023\/05\/IMG-20230517-WA0017-1-1024x576.jpg?resize=1024,576&ssl=1","fifu_image_alt":"Ministro de Turismo llama a miembros de la OMT a buscar soluci\u00f3n conjunta al tema del Sargazo","footnotes":""},"categories":[63],"tags":[],"class_list":["post-3111","post","type-post","status-publish","format-standard","has-post-thumbnail","hentry","category-actualidad"],"_links":{"self":[{"href":"https:\/\/elmundodelapolitica.com\/v1\/wp-json\/wp\/v2\/posts\/3111","targetHints":{"allow":["GET"]}}],"collection":[{"href":"https:\/\/elmundodelapolitica.com\/v1\/wp-json\/wp\/v2\/posts"}],"about":[{"href":"https:\/\/elmundodelapolitica.com\/v1\/wp-json\/wp\/v2\/types\/post"}],"author":[{"embeddable":true,"href":"https:\/\/elmundodelapolitica.com\/v1\/wp-json\/wp\/v2\/users\/2"}],"replies":[{"embeddable":true,"href":"https:\/\/elmundodelapolitica.com\/v1\/wp-json\/wp\/v2\/comments?post=3111"}],"version-history":[{"count":0,"href":"https:\/\/elmundodelapolitica.com\/v1\/wp-json\/wp\/v2\/posts\/3111\/revisions"}],"wp:featuredmedia":[{"embeddable":true,"href":"https:\/\/elmundodelapolitica.com\/v1\/wp-json\/wp\/v2\/media\/3112"}],"wp:attachment":[{"href":"https:\/\/elmundodelapolitica.com\/v1\/wp-json\/wp\/v2\/media?parent=3111"}],"wp:term":[{"taxonomy":"category","embeddable":true,"href":"https:\/\/elmundodelapolitica.com\/v1\/wp-json\/wp\/v2\/categories?post=3111"},{"taxonomy":"post_tag","embeddable":true,"href":"https:\/\/elmundodelapolitica.com\/v1\/wp-json\/wp\/v2\/tags?post=3111"}],"curies":[{"name":"wp","href":"https:\/\/api.w.org\/{rel}","templated":true}]}}