{"id":311,"date":"2022-05-17T02:09:57","date_gmt":"2022-05-17T06:09:57","guid":{"rendered":"http:\/\/www.elmundodelapolitica.com\/v2\/?p=25377"},"modified":"2022-09-26T10:28:33","modified_gmt":"2022-09-26T14:28:33","slug":"ortiz-bosch-enfatiza-se-comete-delito-al-no-entregar-informacion-publica","status":"publish","type":"post","link":"https:\/\/elmundodelapolitica.com\/v1\/ortiz-bosch-enfatiza-se-comete-delito-al-no-entregar-informacion-publica\/","title":{"rendered":"Ortiz Bosch enfatiza se comete delito al no entregar informaci\u00f3n p\u00fablica"},"content":{"rendered":"\n<p><em>Bosch inaugur\u00f3 ciclo de conferencias en Edesur Dominicana sobre \u00e9tica y transparencia<\/em><\/p>\n\n\n\n<p>La directora de \u00c9tica e Integridad Gubernamental, Milagros Ortiz Bosch advirti\u00f3 que se est\u00e1 cometiendo un delito cuando no se entrega la informaci\u00f3n p\u00fablica.<\/p>\n\n\n\n<p>&nbsp;\"La informaci\u00f3n p\u00fablica es una obligaci\u00f3n de transmisi\u00f3n inmediata a la solicitud ciudadana\" expres\u00f3 Ortiz Bosch, al inaugurar el \"Ciclo de conferencias en transparencia, \u00e9tica e integridad corporativa y buen gobierno\" que coordina la Oficina de Libre Acceso a la Informaci\u00f3n P\u00fablica de la empresa Edesur Dominicana, que encabeza Milton Morrison.<\/p>\n\n\n\n<p><br>En el marco de su conferencia \u201cLa \u00e9tica y la transparencia como soportes morales de la funci\u00f3n p\u00fablica\u201d, la funcionaria dijo que la confianza es algo fundamental, y solamente se crea en un gobierno con la transparencia, entregando la informaci\u00f3n p\u00fablica.&nbsp;<\/p>\n\n\n\n<p><br>\"Tenemos la obligaci\u00f3n de incorporar a los portales de transparencia las compras, y ejecuciones presupuestarias.&nbsp; Un gobierno que quiere ser transparente tiene que actuar con \u00e9tica y entregar la informaci\u00f3n a la ciudadan\u00eda. Debe cumplir con el derecho a informar\" puntualiz\u00f3.&nbsp;<\/p>\n\n\n\n<p><br>En tanto, el director de Edesur Dominicana Milton Morrison dijo que Milagros es un \u00edcono de la \u00e9tica en Rep\u00fablica Dominicana, por lo que su designaci\u00f3n como una de las primeras funcionarias del gobierno por parte del presidente Luis Abinader, fue estrat\u00e9gica.<\/p>\n\n\n\n<p>&nbsp;<br>Morrison tambi\u00e9n explic\u00f3 que el ejercicio de la \u00e9tica y la transparencia no solo debe responder al gobierno del cambio, sino en todo momento, y especialmente, cuando nadie est\u00e9 mirando.&nbsp;<\/p>\n\n\n\n<p><strong>Reconocimiento a Milagros Ortiz Bosch<\/strong><\/p>\n\n\n\n<p><br>Edesur Dominicana le entreg\u00f3 un reconocimiento a la doctora Milagros Ortiz Bosch por su apego abnegado a la \u00e9tica y la transparencia en el ejercicio de la funci\u00f3n p\u00fablica.&nbsp;<br><strong><br>Ciclo de conferencias en transparencia, \u00e9tica e integridad corporativa y buen gobierno<\/strong><\/p>\n\n\n\n<p><br>El encargado de la Oficina de Libre Acceso a la Informaci\u00f3n P\u00fablica de Edesur Dominicana, Jhonattan Chevalier dijo que este ciclo de conferencias tiene como prop\u00f3sito elevar las capacidades para fomentar una cultura de \u00e9tica y transparencia que desde esta gesti\u00f3n se ha impulsado.<\/p>\n\n\n\n<p><br>Las conferencias se extender\u00e1n hasta el pr\u00f3ximo 19 de mayo, y en un segundo d\u00eda de jornada particip\u00f3 el viceministro de Reforma y Modernizaci\u00f3n del Ministerio de Administraci\u00f3n P\u00fablica (MAP), Gregorio Montero, con el tema \u201cLa \u00c9tica en la funci\u00f3n p\u00fablica dentro de un contexto de cambio\u201d.<\/p>\n\n\n\n<p>En las pr\u00f3ximas ponencias expondr\u00e1n el director de Compras y Contrataciones, Carlos Pimentel con el tema \u201cEl impacto de la \u00c9tica y la Transparencia en la Contrataci\u00f3n P\u00fablica\u201d; Pablo Ulloa, Defensor del Pueblo, para abordar \u201cEl Libre Acceso a la Informaci\u00f3n P\u00fablica, un Derecho para ejercer otros Derechos\u201d.<\/p>\n\n\n\n<p>Tambi\u00e9n disertar\u00e1n en este espacio, Ruth Henr\u00edquez Manzueta, con el tema: \u201cC\u00f3digo de Pautas e Integridad en el Sistema Nacional de Contrataciones P\u00fablicas\u201d; e \"Integridad Corporativa y la Buena Reputaci\u00f3n\u201d, por Jos\u00e9 M\u00e1rmol.&nbsp;<\/p>\n","protected":false},"excerpt":{"rendered":"<p>Bosch inaugur\u00f3 ciclo de conferencias en Edesur Dominicana sobre \u00e9tica y transparencia La directora de \u00c9tica e Integridad Gubernamental, Milagros Ortiz Bosch advirti\u00f3 que se est\u00e1 cometiendo un delito cuando&hellip; <\/p>\n","protected":false},"author":2,"featured_media":312,"comment_status":"closed","ping_status":"open","sticky":false,"template":"","format":"standard","meta":{"fifu_image_url":"","fifu_image_alt":"","footnotes":""},"categories":[14],"tags":[],"class_list":["post-311","post","type-post","status-publish","format-standard","has-post-thumbnail","hentry","category-responsabilidad-social"],"_links":{"self":[{"href":"https:\/\/elmundodelapolitica.com\/v1\/wp-json\/wp\/v2\/posts\/311","targetHints":{"allow":["GET"]}}],"collection":[{"href":"https:\/\/elmundodelapolitica.com\/v1\/wp-json\/wp\/v2\/posts"}],"about":[{"href":"https:\/\/elmundodelapolitica.com\/v1\/wp-json\/wp\/v2\/types\/post"}],"author":[{"embeddable":true,"href":"https:\/\/elmundodelapolitica.com\/v1\/wp-json\/wp\/v2\/users\/2"}],"replies":[{"embeddable":true,"href":"https:\/\/elmundodelapolitica.com\/v1\/wp-json\/wp\/v2\/comments?post=311"}],"version-history":[{"count":1,"href":"https:\/\/elmundodelapolitica.com\/v1\/wp-json\/wp\/v2\/posts\/311\/revisions"}],"predecessor-version":[{"id":335,"href":"https:\/\/elmundodelapolitica.com\/v1\/wp-json\/wp\/v2\/posts\/311\/revisions\/335"}],"wp:featuredmedia":[{"embeddable":true,"href":"https:\/\/elmundodelapolitica.com\/v1\/wp-json\/wp\/v2\/media\/312"}],"wp:attachment":[{"href":"https:\/\/elmundodelapolitica.com\/v1\/wp-json\/wp\/v2\/media?parent=311"}],"wp:term":[{"taxonomy":"category","embeddable":true,"href":"https:\/\/elmundodelapolitica.com\/v1\/wp-json\/wp\/v2\/categories?post=311"},{"taxonomy":"post_tag","embeddable":true,"href":"https:\/\/elmundodelapolitica.com\/v1\/wp-json\/wp\/v2\/tags?post=311"}],"curies":[{"name":"wp","href":"https:\/\/api.w.org\/{rel}","templated":true}]}}