{"id":3109,"date":"2023-05-18T12:28:35","date_gmt":"2023-05-18T16:28:35","guid":{"rendered":"https:\/\/elmundodelapolitica.com\/v1\/?p=3109"},"modified":"2023-05-18T12:28:35","modified_gmt":"2023-05-18T16:28:35","slug":"la-organizacion-mundial-del-turismo-reconoce-que-rd-crece-por-encima-del-promedio-mundial","status":"publish","type":"post","link":"https:\/\/elmundodelapolitica.com\/v1\/la-organizacion-mundial-del-turismo-reconoce-que-rd-crece-por-encima-del-promedio-mundial\/","title":{"rendered":"La Organizaci\u00f3n Mundial del Turismo reconoce que RD crece por encima del promedio mundial"},"content":{"rendered":"<div>\n<p>Punta Cana, La Altagracia.- El secretario general de la Organizaci\u00f3n Mundial del Turismo\u00a0<strong>(OMT), Zurab Pololikashvili<\/strong>, revel\u00f3 que Rep\u00fablica Dominicana est\u00e1 encima de la media del mundo por su\u00a0<strong>r\u00e1pida recuperaci\u00f3n en la industria tur\u00edstica.<\/strong><\/p>\n<div class=\"wp-block-image\">\n<figure class=\"aligncenter size-large\"><img data-attachment-id=\"28118\" data-permalink=\"https:\/\/elmundodelosnegocios.com.do\/v1\/index.php\/2023\/05\/18\/la-organizacion-mundial-del-turismo-reconoce-que-rd-crece-por-encima-del-promedio-mundial\/img_2042\/\" data-orig-file=\"https:\/\/i0.wp.com\/elmundodelosnegocios.com.do\/v1\/wp-content\/uploads\/2023\/05\/IMG_2042.jpeg?fit=1300%2C731&amp;ssl=1\" data-orig-size=\"1300,731\" data-comments-opened=\"0\" data-image-meta='{\"aperture\":\"0\",\"credit\":\"\",\"camera\":\"\",\"caption\":\"\",\"created_timestamp\":\"0\",\"copyright\":\"\",\"focal_length\":\"0\",\"iso\":\"0\",\"shutter_speed\":\"0\",\"title\":\"\",\"orientation\":\"0\"}' data-image-title=\"IMG_2042\" data-image-description=\"\" data-image-caption=\"\" data-medium-file=\"https:\/\/i0.wp.com\/elmundodelosnegocios.com.do\/v1\/wp-content\/uploads\/2023\/05\/IMG_2042.jpeg?fit=300%2C169&amp;ssl=1\" data-large-file=\"https:\/\/i0.wp.com\/elmundodelosnegocios.com.do\/v1\/wp-content\/uploads\/2023\/05\/IMG_2042.jpeg?fit=1024%2C576&amp;ssl=1\" decoding=\"async\" loading=\"lazy\" width=\"1024\" height=\"576\" src=\"https:\/\/i0.wp.com\/elmundodelosnegocios.com.do\/v1\/wp-content\/uploads\/2023\/05\/IMG_2042-1024x576.jpeg?resize=1024,576&amp;ssl=1\" alt=\"\" class=\"wp-image-28118\" srcset=\"https:\/\/i0.wp.com\/elmundodelosnegocios.com.do\/v1\/wp-content\/uploads\/2023\/05\/IMG_2042.jpeg?resize=1024%2C576&amp;ssl=1 1024w, https:\/\/i0.wp.com\/elmundodelosnegocios.com.do\/v1\/wp-content\/uploads\/2023\/05\/IMG_2042.jpeg?resize=300%2C169&amp;ssl=1 300w, https:\/\/i0.wp.com\/elmundodelosnegocios.com.do\/v1\/wp-content\/uploads\/2023\/05\/IMG_2042.jpeg?resize=768%2C432&amp;ssl=1 768w, https:\/\/i0.wp.com\/elmundodelosnegocios.com.do\/v1\/wp-content\/uploads\/2023\/05\/IMG_2042.jpeg?w=1300&amp;ssl=1 1300w\" sizes=\"auto, (max-width: 1024px) 100vw, 1024px\" data-recalc-dims=\"1\"><\/figure>\n<\/div>\n<p>Al conversar con periodistas que dan cobertura a la\u00a0<strong>118.\u00aa reuni\u00f3n del Comit\u00e9 Ejecutivo de la OMT<\/strong>\u00a0que se lleva cabo en el pa\u00eds, Pololikashvili destac\u00f3 el\u00a0<strong>liderazgo<\/strong>\u00a0que se ha ganado Rep\u00fablica Dominicana por su\u00a0<strong>historia de \u00e9xito en el turismo<\/strong>.<\/p>\n<p>Dijo que Rep\u00fablica Dominicana se ha convertido en un\u00a0<strong>referente del turismo a nivel mundial.<\/strong><\/p>\n<p><em>\u00abFelicitamos al ministro David Collado y a su equipo por la gran labor que ha realizado y el \u00e9xito de esta reuni\u00f3n del consejo ejecutivo\u00bb,<\/em>\u00a0manifest\u00f3 el\u00a0<strong>secretario general de la OMT.<\/strong><\/p>\n<p><strong>Gustavo Santos, director de la OMT para Las Am\u00e9ricas<\/strong>, afirm\u00f3 que no es casual que el pa\u00eds sea\u00a0<strong>sede<\/strong>\u00a0de la reuni\u00f3n del organismo. Al respecto, expres\u00f3 que Rep\u00fablica Dominicana se ha ganado un liderazgo en la industria tur\u00edstica mundial.<\/p>\n<p><em>\u00abDominicana en su pol\u00edtica y su liderazgo est\u00e1 por encima de la media de la recuperaci\u00f3n del turismo a nivel mundial\u00bb,<\/em>\u00a0enfatiz\u00f3 el director de la OMT para Las Am\u00e9ricas.<\/p>\n<p>Indic\u00f3 que esa es una de las razones por la que estamos aqu\u00ed,<em>\u00a0\u00abreflexionando sobre la nueva tendencia del turismo\u00bb.<\/em><\/p>\n<\/div>\n","protected":false},"excerpt":{"rendered":"<p>Punta Cana, La Altagracia.- El secretario general de la Organizaci\u00f3n Mundial del Turismo\u00a0(OMT), Zurab Pololikashvili, revel\u00f3 que Rep\u00fablica Dominicana est\u00e1 encima de la media del mundo por su\u00a0r\u00e1pida recuperaci\u00f3n en&hellip; <\/p>\n","protected":false},"author":2,"featured_media":3110,"comment_status":"closed","ping_status":"closed","sticky":false,"template":"","format":"standard","meta":{"fifu_image_url":"https:\/\/i0.wp.com\/elmundodelosnegocios.com.do\/v1\/wp-content\/uploads\/2023\/05\/IMG_2042-1024x576.jpeg?resize=1024,576&ssl=1","fifu_image_alt":"La Organizaci\u00f3n Mundial del Turismo reconoce que RD crece por encima del promedio mundial","footnotes":""},"categories":[63],"tags":[],"class_list":["post-3109","post","type-post","status-publish","format-standard","has-post-thumbnail","hentry","category-actualidad"],"_links":{"self":[{"href":"https:\/\/elmundodelapolitica.com\/v1\/wp-json\/wp\/v2\/posts\/3109","targetHints":{"allow":["GET"]}}],"collection":[{"href":"https:\/\/elmundodelapolitica.com\/v1\/wp-json\/wp\/v2\/posts"}],"about":[{"href":"https:\/\/elmundodelapolitica.com\/v1\/wp-json\/wp\/v2\/types\/post"}],"author":[{"embeddable":true,"href":"https:\/\/elmundodelapolitica.com\/v1\/wp-json\/wp\/v2\/users\/2"}],"replies":[{"embeddable":true,"href":"https:\/\/elmundodelapolitica.com\/v1\/wp-json\/wp\/v2\/comments?post=3109"}],"version-history":[{"count":0,"href":"https:\/\/elmundodelapolitica.com\/v1\/wp-json\/wp\/v2\/posts\/3109\/revisions"}],"wp:featuredmedia":[{"embeddable":true,"href":"https:\/\/elmundodelapolitica.com\/v1\/wp-json\/wp\/v2\/media\/3110"}],"wp:attachment":[{"href":"https:\/\/elmundodelapolitica.com\/v1\/wp-json\/wp\/v2\/media?parent=3109"}],"wp:term":[{"taxonomy":"category","embeddable":true,"href":"https:\/\/elmundodelapolitica.com\/v1\/wp-json\/wp\/v2\/categories?post=3109"},{"taxonomy":"post_tag","embeddable":true,"href":"https:\/\/elmundodelapolitica.com\/v1\/wp-json\/wp\/v2\/tags?post=3109"}],"curies":[{"name":"wp","href":"https:\/\/api.w.org\/{rel}","templated":true}]}}