{"id":3107,"date":"2023-05-18T12:17:37","date_gmt":"2023-05-18T16:17:37","guid":{"rendered":"https:\/\/elmundodelapolitica.com\/v1\/?p=3107"},"modified":"2023-05-18T12:17:37","modified_gmt":"2023-05-18T16:17:37","slug":"comalep-concluye-reunion-en-rd-abordando-nuevas-estrategias-de-seguridad-y-riesgos-en-las-aduanas","status":"publish","type":"post","link":"https:\/\/elmundodelapolitica.com\/v1\/comalep-concluye-reunion-en-rd-abordando-nuevas-estrategias-de-seguridad-y-riesgos-en-las-aduanas\/","title":{"rendered":"COMALEP concluye reuni\u00f3n en RD abordando nuevas estrategias de seguridad y riesgos en las aduanas"},"content":{"rendered":"<div>\n<p>Punta Cana.- Con el abordaje de\u00a0<strong>mejores pr\u00e1ctica<\/strong>s en materia de recaudaci\u00f3n, la\u00a0<strong>seguridad<\/strong>\u00a0a trav\u00e9s de la gesti\u00f3n de riesgos, la\u00a0<strong>lucha contra la corrupci\u00f3n<\/strong>\u00a0desde las aduanas y la lucha\u00a0<strong>contra el narcotr\u00e1fico<\/strong>, concluy\u00f3 la\u00a0<strong>Cuadrag\u00e9sima Tercera Reuni\u00f3n de Directores Nacionales de Aduanas<\/strong>\u00a0que se celebr\u00f3 del 15 al 16 de mayo en Punta Cana.\u00a0<\/p>\n<figure class=\"wp-block-image size-large\"><img data-attachment-id=\"28114\" data-permalink=\"https:\/\/elmundodelosnegocios.com.do\/v1\/index.php\/2023\/05\/18\/comalep-concluye-reunion-en-rd-abordando-nuevas-estrategias-de-seguridad-y-riesgos-en-las-aduanas\/img_2037\/\" data-orig-file=\"https:\/\/i0.wp.com\/elmundodelosnegocios.com.do\/v1\/wp-content\/uploads\/2023\/05\/IMG_2037.jpg?fit=1300%2C731&amp;ssl=1\" data-orig-size=\"1300,731\" data-comments-opened=\"0\" data-image-meta='{\"aperture\":\"0\",\"credit\":\"\",\"camera\":\"\",\"caption\":\"\",\"created_timestamp\":\"0\",\"copyright\":\"\",\"focal_length\":\"0\",\"iso\":\"0\",\"shutter_speed\":\"0\",\"title\":\"\",\"orientation\":\"0\"}' data-image-title=\"IMG_2037\" data-image-description=\"\" data-image-caption=\"\" data-medium-file=\"https:\/\/i0.wp.com\/elmundodelosnegocios.com.do\/v1\/wp-content\/uploads\/2023\/05\/IMG_2037.jpg?fit=300%2C169&amp;ssl=1\" data-large-file=\"https:\/\/i0.wp.com\/elmundodelosnegocios.com.do\/v1\/wp-content\/uploads\/2023\/05\/IMG_2037.jpg?fit=1024%2C576&amp;ssl=1\" decoding=\"async\" loading=\"lazy\" width=\"1024\" height=\"576\" src=\"https:\/\/i0.wp.com\/elmundodelosnegocios.com.do\/v1\/wp-content\/uploads\/2023\/05\/IMG_2037.jpg?resize=1024,576\" alt=\"\" class=\"wp-image-28114\" srcset=\"https:\/\/i0.wp.com\/elmundodelosnegocios.com.do\/v1\/wp-content\/uploads\/2023\/05\/IMG_2037.jpg?resize=1024,576&amp;ssl=1 1024w, https:\/\/i0.wp.com\/elmundodelosnegocios.com.do\/v1\/wp-content\/uploads\/2023\/05\/IMG_2037.jpg?resize=300%2C169&amp;ssl=1 300w, https:\/\/i0.wp.com\/elmundodelosnegocios.com.do\/v1\/wp-content\/uploads\/2023\/05\/IMG_2037.jpg?resize=768%2C432&amp;ssl=1 768w, https:\/\/i0.wp.com\/elmundodelosnegocios.com.do\/v1\/wp-content\/uploads\/2023\/05\/IMG_2037.jpg?w=1300&amp;ssl=1 1300w\" sizes=\"auto, (max-width: 1024px) 100vw, 1024px\" data-recalc-dims=\"1\"><\/figure>\n<p>En dicha reuni\u00f3n, celebrada en el marco del\u00a0<strong>Convenio Multilateral de Aduanas de Am\u00e9rica Latina, Espa\u00f1a y Portugal (COMALEP)\u00a0<\/strong>con la Rep\u00fablica Dominicana en papel de anfitri\u00f3n, los titulares de aduanas de los\u00a0<strong>21 pa\u00edses miembros presentes\u00a0<\/strong>replantearon sus operaciones dentro de los retos de\u00a0<strong>la sostenibilidad ambiental y la equidad de g\u00e9nero.\u00a0\u00a0<\/strong><\/p>\n<p>El subdirector t\u00e9cnico de la Direcci\u00f3n General de Aduanas,\u00a0<strong>Gabino Jos\u00e9 Polanco<\/strong>, en nombre del director general,\u00a0<strong>Eduardo Sanz Lovat\u00f3n<\/strong>\u00a0agradeci\u00f3 la asistencia\u00a0<strong>presencial y virtual<\/strong>\u00a0de los miembros del COMALEP, al tiempo que reafirm\u00f3 el compromiso de la aduana dominicana con\u00a0<strong>los lineamientos de ese convenio y los de la Organizaci\u00f3n Mundial de Aduanas (OMA) y la Organizaci\u00f3n Mundial del Comercio (OMC).\u00a0<\/strong><\/p>\n<p><em>\u201cNos ha permitido cumplir con el objetivo m\u00e1s importante del COMALEP, que es generar puentes entre nosotros como titulares y nuestros equipos que operan las aduanas para fomentar la cooperaci\u00f3n y contribuir en la competitividad de la regi\u00f3n\u201d,<\/em>\u00a0explic\u00f3\u00a0<strong>Rafael Mar\u00edn Mollinedo<\/strong>, titular de la Agencia Nacional de Aduanas de M\u00e9xico\u00a0<strong>(ANAM)<\/strong>, y secretario permanente del COMALEP.\u00a0<\/p>\n<p>Mar\u00edn Mollinedo inform\u00f3 que fueron analizadas las estrategias en materia de\u00a0<strong>seguridad en las aduanas ante el tr\u00e1fico de drogas y dem\u00e1s riesgos, como tarea constante.\u00a0<\/strong><\/p>\n<p><em>\u201cQuiero agradecer la hospitalidad y el compromiso del Gobierno de la Rep\u00fablica Dominicana y a todos quienes han hecho posible el \u00e9xito de esta cuadrag\u00e9sima tercera Reuni\u00f3n de Directores Nacionales de Aduanas del COMALEP\u201d<\/em>, a\u00f1adi\u00f3 el titular de la aduana mexicana.\u00a0<\/p>\n<p>En la sesi\u00f3n conclusiva, tambi\u00e9n estuvieron presentes\u00a0<strong>Ricardo Trevi\u00f1o Chapa<\/strong>, secretario general adjunto de la Organizaci\u00f3n Mundial de Comercio (OMA); y\u00a0<strong>Claudia \u00c1vila<\/strong>, directora general de Atenci\u00f3n Aduanera y Asuntos Internacionales de la Agencia Nacional de Aduanas de M\u00e9xico.\u00a0<\/p>\n<p>Se recuerda que\u00a0<strong>tres actividades internacionales se celebran del 15 al 19 de mayo<\/strong>\u00a0en las instalaciones del Hard Rock Hotel &amp; Casino Punta Cana, en busca de identificar\u00a0<strong>oportunidades y retos comunes<\/strong>, luego de que la Rep\u00fablica Dominicana fuera electa como sede por los\u00a0<strong>avances que ha exhibido en materia de gesti\u00f3n aduanera<\/strong>.\u00a0<\/p>\n<p>El primer encuentro fue la\u00a0<strong>XLIII Reuni\u00f3n de Directores Nacionales para el Convenio Multilateral sobre Cooperaci\u00f3n y Asistencia Mutua entre las direcciones nacionales de Aduanas de Am\u00e9rica Latina, Espa\u00f1a y Portugal (COMALEP),<\/strong>\u00a0que se desarroll\u00f3 los d\u00edas 15 y 16 de mayo.<\/p>\n<p>El 17 de mayo se efect\u00faa el\u00a0<strong>III Foro en Conjunto de Aduanas: Grupo Regional del Sector Privado<\/strong>, donde se exploran las oportunidades de alianza y de identificaci\u00f3n conjunta de\u00a0<strong>soluciones entre el sector privado y las aduanas.<\/strong><\/p>\n<p>Finalmente, del 18 al 19 de mayo se llevar\u00e1 a cabo la\u00a0<strong>XXV Conferencia Regional de Directores Generales de Aduanas (CRDGA 2023)<\/strong>, un espacio que se aprovechar\u00e1 para discutir los asuntos que preocupan a las administraciones aduaneras, con base al\u00a0<strong>Plan Estrat\u00e9gico y agenda de la Organizaci\u00f3n Mundial de las Aduanas<\/strong>, en el \u00e1mbito de la\u00a0<strong>gobernanza interna<\/strong>\u00a0de la organizaci\u00f3n y las\u00a0<strong>prioridades<\/strong>\u00a0de sus miembros para las\u00a0<strong>seis vicepresidencias regionales<\/strong>\u00a0en todo el mundo.<\/p>\n<\/div>\n","protected":false},"excerpt":{"rendered":"<p>Punta Cana.- Con el abordaje de\u00a0mejores pr\u00e1cticas en materia de recaudaci\u00f3n, la\u00a0seguridad\u00a0a trav\u00e9s de la gesti\u00f3n de riesgos, la\u00a0lucha contra la corrupci\u00f3n\u00a0desde las aduanas y la lucha\u00a0contra el narcotr\u00e1fico, concluy\u00f3&hellip; <\/p>\n","protected":false},"author":2,"featured_media":3108,"comment_status":"closed","ping_status":"closed","sticky":false,"template":"","format":"standard","meta":{"fifu_image_url":"https:\/\/i0.wp.com\/elmundodelosnegocios.com.do\/v1\/wp-content\/uploads\/2023\/05\/IMG_2037.jpg?resize=1024,576","fifu_image_alt":"COMALEP concluye reuni\u00f3n en RD abordando nuevas estrategias de seguridad y riesgos en las aduanas","footnotes":""},"categories":[63],"tags":[],"class_list":["post-3107","post","type-post","status-publish","format-standard","has-post-thumbnail","hentry","category-actualidad"],"_links":{"self":[{"href":"https:\/\/elmundodelapolitica.com\/v1\/wp-json\/wp\/v2\/posts\/3107","targetHints":{"allow":["GET"]}}],"collection":[{"href":"https:\/\/elmundodelapolitica.com\/v1\/wp-json\/wp\/v2\/posts"}],"about":[{"href":"https:\/\/elmundodelapolitica.com\/v1\/wp-json\/wp\/v2\/types\/post"}],"author":[{"embeddable":true,"href":"https:\/\/elmundodelapolitica.com\/v1\/wp-json\/wp\/v2\/users\/2"}],"replies":[{"embeddable":true,"href":"https:\/\/elmundodelapolitica.com\/v1\/wp-json\/wp\/v2\/comments?post=3107"}],"version-history":[{"count":0,"href":"https:\/\/elmundodelapolitica.com\/v1\/wp-json\/wp\/v2\/posts\/3107\/revisions"}],"wp:featuredmedia":[{"embeddable":true,"href":"https:\/\/elmundodelapolitica.com\/v1\/wp-json\/wp\/v2\/media\/3108"}],"wp:attachment":[{"href":"https:\/\/elmundodelapolitica.com\/v1\/wp-json\/wp\/v2\/media?parent=3107"}],"wp:term":[{"taxonomy":"category","embeddable":true,"href":"https:\/\/elmundodelapolitica.com\/v1\/wp-json\/wp\/v2\/categories?post=3107"},{"taxonomy":"post_tag","embeddable":true,"href":"https:\/\/elmundodelapolitica.com\/v1\/wp-json\/wp\/v2\/tags?post=3107"}],"curies":[{"name":"wp","href":"https:\/\/api.w.org\/{rel}","templated":true}]}}