{"id":3093,"date":"2023-05-17T14:03:29","date_gmt":"2023-05-17T18:03:29","guid":{"rendered":"https:\/\/elmundodelapolitica.com\/v1\/?p=3093"},"modified":"2023-05-17T14:03:29","modified_gmt":"2023-05-17T18:03:29","slug":"banreservas-firma-acuerdo-con-airen-para-el-desarrollo-de-las-empresas-familiares","status":"publish","type":"post","link":"https:\/\/elmundodelapolitica.com\/v1\/banreservas-firma-acuerdo-con-airen-para-el-desarrollo-de-las-empresas-familiares\/","title":{"rendered":"Banreservas firma acuerdo con AIREN para el desarrollo de las empresas familiares"},"content":{"rendered":"<div>\n<p>El acuerdo beneficia a negocios familiares en todo el pa\u00eds<\/p>\n<p>Santo Domingo.- El Banco de Reservas y la Asociaci\u00f3n de Industriales de la Regi\u00f3n Norte (AIREN) firmaron un acuerdo para ofrecer soporte financiero a las empresas familiares en todo el territorio nacional.<\/p>\n<figure class=\"wp-block-image size-large\"><img data-attachment-id=\"28094\" data-permalink=\"https:\/\/elmundodelosnegocios.com.do\/v1\/index.php\/2023\/05\/17\/banreservas-firma-acuerdo-con-airen-para-el-desarrollo-de-las-empresas-familiares\/2-4-4\/\" data-orig-file=\"https:\/\/i0.wp.com\/elmundodelosnegocios.com.do\/v1\/wp-content\/uploads\/2023\/05\/2-4.jpg?fit=2560%2C1703&amp;ssl=1\" data-orig-size=\"2560,1703\" data-comments-opened=\"0\" data-image-meta='{\"aperture\":\"0\",\"credit\":\"\",\"camera\":\"\",\"caption\":\"\",\"created_timestamp\":\"0\",\"copyright\":\"\",\"focal_length\":\"0\",\"iso\":\"0\",\"shutter_speed\":\"0\",\"title\":\"\",\"orientation\":\"0\"}' data-image-title=\"2-4\" data-image-description=\"\" data-image-caption=\"\" data-medium-file=\"https:\/\/i0.wp.com\/elmundodelosnegocios.com.do\/v1\/wp-content\/uploads\/2023\/05\/2-4.jpg?fit=300%2C200&amp;ssl=1\" data-large-file=\"https:\/\/i0.wp.com\/elmundodelosnegocios.com.do\/v1\/wp-content\/uploads\/2023\/05\/2-4.jpg?fit=1024%2C681&amp;ssl=1\" decoding=\"async\" loading=\"lazy\" width=\"1024\" height=\"681\" src=\"https:\/\/i0.wp.com\/elmundodelosnegocios.com.do\/v1\/wp-content\/uploads\/2023\/05\/2-4-1024x681.jpg?resize=1024,681&amp;ssl=1\" alt=\"\" class=\"wp-image-28094\" srcset=\"https:\/\/i0.wp.com\/elmundodelosnegocios.com.do\/v1\/wp-content\/uploads\/2023\/05\/2-4.jpg?resize=1024%2C681&amp;ssl=1 1024w, https:\/\/i0.wp.com\/elmundodelosnegocios.com.do\/v1\/wp-content\/uploads\/2023\/05\/2-4.jpg?resize=300%2C200&amp;ssl=1 300w, https:\/\/i0.wp.com\/elmundodelosnegocios.com.do\/v1\/wp-content\/uploads\/2023\/05\/2-4.jpg?resize=768%2C511&amp;ssl=1 768w, https:\/\/i0.wp.com\/elmundodelosnegocios.com.do\/v1\/wp-content\/uploads\/2023\/05\/2-4.jpg?resize=1536%2C1022&amp;ssl=1 1536w, https:\/\/i0.wp.com\/elmundodelosnegocios.com.do\/v1\/wp-content\/uploads\/2023\/05\/2-4.jpg?resize=2048%2C1362&amp;ssl=1 2048w, https:\/\/i0.wp.com\/elmundodelosnegocios.com.do\/v1\/wp-content\/uploads\/2023\/05\/2-4.jpg?w=2220 2220w\" sizes=\"auto, (max-width: 1024px) 100vw, 1024px\" data-recalc-dims=\"1\"><\/figure>\n<p>El convenio fue rubricado por el subadministrador de Empresas Subsidiarias de Banreservas, Francisco El\u00edas, y el presidente de la Junta Directiva de AIREN, Juan Bautista Ventura, durante un encuentro en la Torre Banreservas de Santo Domingo<\/p>\n<div class=\"wp-block-image\">\n<figure class=\"aligncenter size-full\"><img data-attachment-id=\"28095\" data-permalink=\"https:\/\/elmundodelosnegocios.com.do\/v1\/index.php\/2023\/05\/17\/banreservas-firma-acuerdo-con-airen-para-el-desarrollo-de-las-empresas-familiares\/1-750x470-1\/\" data-orig-file=\"https:\/\/i0.wp.com\/elmundodelosnegocios.com.do\/v1\/wp-content\/uploads\/2023\/05\/1-750x470-1.jpeg?fit=750%2C470&amp;ssl=1\" data-orig-size=\"750,470\" data-comments-opened=\"0\" data-image-meta='{\"aperture\":\"2.8\",\"credit\":\"\",\"camera\":\"NIKON Z 6\",\"caption\":\"\",\"created_timestamp\":\"1683732990\",\"copyright\":\"@otrojo_x REH\",\"focal_length\":\"51\",\"iso\":\"2200\",\"shutter_speed\":\"0.004\",\"title\":\"\",\"orientation\":\"1\"}' data-image-title=\"1-750\u00d7470-1\" data-image-description=\"\" data-image-caption=\"\" data-medium-file=\"https:\/\/i0.wp.com\/elmundodelosnegocios.com.do\/v1\/wp-content\/uploads\/2023\/05\/1-750x470-1.jpeg?fit=300%2C188&amp;ssl=1\" data-large-file=\"https:\/\/i0.wp.com\/elmundodelosnegocios.com.do\/v1\/wp-content\/uploads\/2023\/05\/1-750x470-1.jpeg?fit=750%2C470&amp;ssl=1\" decoding=\"async\" loading=\"lazy\" width=\"750\" height=\"470\" src=\"https:\/\/i0.wp.com\/elmundodelosnegocios.com.do\/v1\/wp-content\/uploads\/2023\/05\/1-750x470-1.jpeg?resize=750,470&amp;ssl=1\" alt=\"\" class=\"wp-image-28095\" srcset=\"https:\/\/i0.wp.com\/elmundodelosnegocios.com.do\/v1\/wp-content\/uploads\/2023\/05\/1-750x470-1.jpeg?w=750&amp;ssl=1 750w, https:\/\/i0.wp.com\/elmundodelosnegocios.com.do\/v1\/wp-content\/uploads\/2023\/05\/1-750x470-1.jpeg?resize=300%2C188&amp;ssl=1 300w\" sizes=\"auto, (max-width: 750px) 100vw, 750px\" data-recalc-dims=\"1\"><\/figure>\n<\/div>\n<p>Al ponderar la importancia del acuerdo, El\u00edas expres\u00f3 que Banreservas contin\u00faa demostrando con acciones concretas su compromiso con el empresariado de Santiago y la regi\u00f3n, como es el caso de las Pymes familiares, que representan un activo muy importante en el desarrollo del pa\u00eds.<\/p>\n<p>Las empresas familiares dominicanas tambi\u00e9n recibir\u00e1n capacitaci\u00f3n concebida para garantizar su permanencia y competitividad, mediante el Centro de Desarrollo de Empresas Familiares (CDEF).<br \/>En el primer a\u00f1o, m\u00e1s de 10 instituciones ser\u00e1n beneficiadas con facilidades financieras y consultor\u00edas que atender\u00e1n adecuadamente este segmento del sector productivo. Adem\u00e1s, se realizar\u00e1n congresos y seminarios en diferentes puntos de la regi\u00f3n, para sensibilizar a los peque\u00f1os empresarios sobre el tema.<br \/>El sector PYMES y las microempresas generan m\u00e1s del 50% de los empleos de la econom\u00eda mundial y sus aportes no se limitan a su contribuci\u00f3n en el Producto Interno Bruto, sino que tambi\u00e9n incluyen hermosas historias de vida y desarrollo personal y familiar.<\/p>\n<p>El Centro de Desarrollo de Empresas Familiares (CDEF) es una unidad de servicios de AIREN dedicada a promover la continuidad y permanencia de las empresas familiares del pa\u00eds, as\u00ed como su fortalecimiento, sostenibilidad y\u00a0desarrollo.<\/p>\n<p>Las empresas familiares constituyen m\u00e1s del 80% de las empresas de Rep\u00fablica Dominicana y de toda Latinoam\u00e9rica, por lo que su labor es decisiva para el avance de la naci\u00f3n.<\/p>\n<p>En la actividad tambi\u00e9n estuvieron presentes el director ejecutivo de AIREN, Carlos Fondeur; el director senior de Negocios Personales de la zona metropolitana, sur y este, Gustavo Polanco; y la coordinadora del CDEF, Mary Cruz.<\/p>\n<\/div>\n","protected":false},"excerpt":{"rendered":"<p>El acuerdo beneficia a negocios familiares en todo el pa\u00eds Santo Domingo.- El Banco de Reservas y la Asociaci\u00f3n de Industriales de la Regi\u00f3n Norte (AIREN) firmaron un acuerdo para&hellip; <\/p>\n","protected":false},"author":2,"featured_media":3094,"comment_status":"closed","ping_status":"closed","sticky":false,"template":"","format":"standard","meta":{"fifu_image_url":"https:\/\/i0.wp.com\/elmundodelosnegocios.com.do\/v1\/wp-content\/uploads\/2023\/05\/2-4-1024x681.jpg?resize=1024,681&ssl=1","fifu_image_alt":"Banreservas firma acuerdo con AIREN para el desarrollo de las empresas familiares","footnotes":""},"categories":[63],"tags":[],"class_list":["post-3093","post","type-post","status-publish","format-standard","has-post-thumbnail","hentry","category-actualidad"],"_links":{"self":[{"href":"https:\/\/elmundodelapolitica.com\/v1\/wp-json\/wp\/v2\/posts\/3093","targetHints":{"allow":["GET"]}}],"collection":[{"href":"https:\/\/elmundodelapolitica.com\/v1\/wp-json\/wp\/v2\/posts"}],"about":[{"href":"https:\/\/elmundodelapolitica.com\/v1\/wp-json\/wp\/v2\/types\/post"}],"author":[{"embeddable":true,"href":"https:\/\/elmundodelapolitica.com\/v1\/wp-json\/wp\/v2\/users\/2"}],"replies":[{"embeddable":true,"href":"https:\/\/elmundodelapolitica.com\/v1\/wp-json\/wp\/v2\/comments?post=3093"}],"version-history":[{"count":0,"href":"https:\/\/elmundodelapolitica.com\/v1\/wp-json\/wp\/v2\/posts\/3093\/revisions"}],"wp:featuredmedia":[{"embeddable":true,"href":"https:\/\/elmundodelapolitica.com\/v1\/wp-json\/wp\/v2\/media\/3094"}],"wp:attachment":[{"href":"https:\/\/elmundodelapolitica.com\/v1\/wp-json\/wp\/v2\/media?parent=3093"}],"wp:term":[{"taxonomy":"category","embeddable":true,"href":"https:\/\/elmundodelapolitica.com\/v1\/wp-json\/wp\/v2\/categories?post=3093"},{"taxonomy":"post_tag","embeddable":true,"href":"https:\/\/elmundodelapolitica.com\/v1\/wp-json\/wp\/v2\/tags?post=3093"}],"curies":[{"name":"wp","href":"https:\/\/api.w.org\/{rel}","templated":true}]}}