{"id":309,"date":"2022-05-17T02:20:29","date_gmt":"2022-05-17T06:20:29","guid":{"rendered":"http:\/\/www.elmundodelapolitica.com\/v2\/?p=25380"},"modified":"2022-09-26T10:28:32","modified_gmt":"2022-09-26T14:28:32","slug":"generacion-de-servidores-instalo-nueva-tarja-monumento-duarte","status":"publish","type":"post","link":"https:\/\/elmundodelapolitica.com\/v1\/generacion-de-servidores-instalo-nueva-tarja-monumento-duarte\/","title":{"rendered":"Generaci\u00f3n de Servidores instal\u00f3 nueva tarja monumento Duarte"},"content":{"rendered":"\n<p>El Partido Generaci\u00f3n de Servidores (GenS) que dirige el ingeniero Carlos Pe\u00f1a instal\u00f3 la nueva tarja en el monumento al padre de la Patria, Juan Pablo Duarte, ubicada en el parque Duarte, en la Zona Colonial de Santo Domingo.&nbsp;<\/p>\n\n\n\n<p>Se recuerda que la tarja original hab\u00eda sido sustra\u00edda del monumento al Patricio aproximadamente tres semanas atr\u00e1s, sin que hasta el momento las autoridades dominicanas informaran sobre el paradero de la misma, situaci\u00f3n que motiv\u00f3 a GenS a instalar la nueva tarja, conservando el contenido hist\u00f3rica de la misma, que reza:<\/p>\n\n\n\n<p>\u201c<em>El \u00fanico medio que encuentro para reunirme con Uds., es independizar la patria; para conseguirlo se necesitan recursos, recursos supremos, y cuyos recursos son que Uds., de mancom\u00fan conmigo y nuestro hermano Vicente, ofrendemos en aras de la patria, lo que a costa del amor y trabajo de nuestro padre, hemos heredado. Independizada la Patria, puedo hacer- me cargo del almac\u00e9n, y m\u00e1s heredero del ilimitado cr\u00e9dito de nuestro padre, y de sus conocimientos en el ramo de la marina, nuestros negocios mejorar\u00e1n y no tendremos por qu\u00e9 arrepentirnos de habernos mostrado dignos hijos de la Patria\u201d .<\/em><\/p>\n\n\n\n<p>En el discurso central del acto, ingeniero Carlos Pe\u00f1a reclam\u00f3 al presidente Lu\u00eds Abinader y a su gobierno que protejan los monumentos patrios de los dominicanos, as\u00ed como la tarja que se coloc\u00f3, al mismo tiempo lament\u00f3 que las \u00e9lites globalistas sean las que gobiernen la Rep\u00fablica Dominicana e impongan sus agendas antidominicanas, con la complicidad del gobierno, expres\u00f3 el presidente del Partido Generaci\u00f3n de Servidores, GenS.<\/p>\n","protected":false},"excerpt":{"rendered":"<p>El Partido Generaci\u00f3n de Servidores (GenS) que dirige el ingeniero Carlos Pe\u00f1a instal\u00f3 la nueva tarja en el monumento al padre de la Patria, Juan Pablo Duarte, ubicada en el&hellip; <\/p>\n","protected":false},"author":2,"featured_media":310,"comment_status":"closed","ping_status":"open","sticky":false,"template":"","format":"standard","meta":{"fifu_image_url":"","fifu_image_alt":"","footnotes":""},"categories":[5],"tags":[],"class_list":["post-309","post","type-post","status-publish","format-standard","has-post-thumbnail","hentry","category-partidos"],"_links":{"self":[{"href":"https:\/\/elmundodelapolitica.com\/v1\/wp-json\/wp\/v2\/posts\/309","targetHints":{"allow":["GET"]}}],"collection":[{"href":"https:\/\/elmundodelapolitica.com\/v1\/wp-json\/wp\/v2\/posts"}],"about":[{"href":"https:\/\/elmundodelapolitica.com\/v1\/wp-json\/wp\/v2\/types\/post"}],"author":[{"embeddable":true,"href":"https:\/\/elmundodelapolitica.com\/v1\/wp-json\/wp\/v2\/users\/2"}],"replies":[{"embeddable":true,"href":"https:\/\/elmundodelapolitica.com\/v1\/wp-json\/wp\/v2\/comments?post=309"}],"version-history":[{"count":1,"href":"https:\/\/elmundodelapolitica.com\/v1\/wp-json\/wp\/v2\/posts\/309\/revisions"}],"predecessor-version":[{"id":334,"href":"https:\/\/elmundodelapolitica.com\/v1\/wp-json\/wp\/v2\/posts\/309\/revisions\/334"}],"wp:featuredmedia":[{"embeddable":true,"href":"https:\/\/elmundodelapolitica.com\/v1\/wp-json\/wp\/v2\/media\/310"}],"wp:attachment":[{"href":"https:\/\/elmundodelapolitica.com\/v1\/wp-json\/wp\/v2\/media?parent=309"}],"wp:term":[{"taxonomy":"category","embeddable":true,"href":"https:\/\/elmundodelapolitica.com\/v1\/wp-json\/wp\/v2\/categories?post=309"},{"taxonomy":"post_tag","embeddable":true,"href":"https:\/\/elmundodelapolitica.com\/v1\/wp-json\/wp\/v2\/tags?post=309"}],"curies":[{"name":"wp","href":"https:\/\/api.w.org\/{rel}","templated":true}]}}