{"id":3084,"date":"2023-05-17T07:27:01","date_gmt":"2023-05-17T11:27:01","guid":{"rendered":"https:\/\/elmundodelapolitica.com\/v1\/?p=3084"},"modified":"2023-05-17T07:27:01","modified_gmt":"2023-05-17T11:27:01","slug":"dgcine-promueve-al-pais-como-destino-filmico-ideal-en-el-marche-du-film-del-festival-de-cannes-2023","status":"publish","type":"post","link":"https:\/\/elmundodelapolitica.com\/v1\/dgcine-promueve-al-pais-como-destino-filmico-ideal-en-el-marche-du-film-del-festival-de-cannes-2023\/","title":{"rendered":"DGCINE promueve al pa\u00eds como destino f\u00edlmico ideal en el March\u00e9 du Film del Festival de Cannes 2023"},"content":{"rendered":"<div>\n<p>Cannes, Francia. \u2013 Con la misi\u00f3n de seguir promoviendo a la\u00a0<strong>Rep\u00fablica Dominicana como el destino f\u00edlmico ideal en la regi\u00f3n<\/strong>, la Direcci\u00f3n General de Cine\u00a0<strong>(DGCINE)<\/strong>\u00a0est\u00e1 presente en el\u00a0<strong>March\u00e9 du Film del Festival de Cannes.\u00a0<\/strong><\/p>\n<p>En este importante mercado, la Rep\u00fablica Dominicana\u00a0<strong>cuenta con un pabell\u00f3n<\/strong>\u00a0donde se promueve al pa\u00eds como destino f\u00edlmico, se dan a conocer las oportunidades de coproducci\u00f3n y las pel\u00edculas dominicanas disponibles para distribuci\u00f3n internacional. As\u00ed tambi\u00e9n,\u00a0<strong>cineastas dominicanos<\/strong>\u00a0presentan sus proyectos en desarrollo ante\u00a0<strong>agentes de venta, distribuidores y productores.<\/strong><\/p>\n<p>La delegaci\u00f3n dominicana, encabezada por\u00a0<strong>la directora general de la DGCINE, Marianna Vargas Gurilieva<\/strong>, incluye\u00a0<strong>12 directores y productores.<\/strong>\u00a0La misma est\u00e1 conformada por Sterlyn Ram\u00edrez, Gabriella Moses, Yanillys P\u00e9rez, Leticia Tonos, Leticia Brea, Natalia Cabral, Oriol Estrada, Wendy Espinal, Ico Abreu, Mariel Aponte, Yatna Montilla y Karlina Veras.\u00a0<\/p>\n<p>Seis de estos cineastas dominicanos fueron seleccionados a trav\u00e9s de una\u00a0<strong>convocatoria lanzada por #DGCINE junto al Producers Network<\/strong>. Estos tendr\u00e1n la oportunidad de participar en todas actividades organizadas por ambas entidades.\u00a0<\/p>\n<p>La directora de DGCINE indic\u00f3 que\u00a0<em>\u201cuno de nuestros objetivos es apoyar la internacionalizaci\u00f3n del talento y el cine dominicano y es por esto que estaremos firmando acuerdos con festivales internacionales. Es lograr un cine que viaje y se expanda m\u00e1s all\u00e1 de sus fronteras. A trav\u00e9s del mercado m\u00e1s importante del mundo, afianzamos ese compromiso y continuamos enfocados en posicionar a la Rep\u00fablica Dominicana como el hub cinematogr\u00e1fico de la regi\u00f3n\u201d.<\/em><\/p>\n<p>Como apertura a la participaci\u00f3n de la delegaci\u00f3n dominicana, los cineastas dominicanos Ico Abreu y Wendy Espinal, forman parte del\u00a0<strong>\u201cProducers Under the Spotlight\u201d\u00a0<\/strong>del March\u00e9 du Film, seleccionados por el programa\u00a0<strong>\u201cDEENTAL in the Caribbean\u201d<\/strong>, el cual fue realizado por primera vez en la regi\u00f3n del Caribe por el\u00a0<strong>Centre National du Cin\u00e9ma et l\u2019Image Anim\u00e9e (CNC de Francia)\u00a0<\/strong>con la cooperaci\u00f3n financiera de la\u00a0<strong>Uni\u00f3n Europea y DGCINE<\/strong>\u00a0en enero.<\/p>\n<p>De igual manera, se llevar\u00e1 a cabo un\u00a0<strong>evento de coproducci\u00f3n\u00a0<\/strong>de la Rep\u00fablica Dominicana, Colombia, Italia, Uruguay y Paraguay, as\u00ed como un\u00a0<strong>Meet &amp; Greet<\/strong>\u00a0con la industria cinematograf\u00edca internacional.\u00a0<\/p>\n<p>El March\u00e9 du Film es el\u00a0<strong>mayor encuentro internacional de profesionales de la industria del cine<\/strong>, donde se re\u00fanen alrededor de\u00a0<strong>12,500 participantes<\/strong>, provenientes de\u00a0<strong>121 pa\u00edses<\/strong>, del 16 al 24 de mayo de 2023.<\/p>\n<\/div>\n","protected":false},"excerpt":{"rendered":"<p>Cannes, Francia. \u2013 Con la misi\u00f3n de seguir promoviendo a la\u00a0Rep\u00fablica Dominicana como el destino f\u00edlmico ideal en la regi\u00f3n, la Direcci\u00f3n General de Cine\u00a0(DGCINE)\u00a0est\u00e1 presente en el\u00a0March\u00e9 du Film&hellip; <\/p>\n","protected":false},"author":2,"featured_media":0,"comment_status":"closed","ping_status":"closed","sticky":false,"template":"","format":"standard","meta":{"fifu_image_url":"","fifu_image_alt":"","footnotes":""},"categories":[63],"tags":[],"class_list":["post-3084","post","type-post","status-publish","format-standard","hentry","category-actualidad"],"_links":{"self":[{"href":"https:\/\/elmundodelapolitica.com\/v1\/wp-json\/wp\/v2\/posts\/3084","targetHints":{"allow":["GET"]}}],"collection":[{"href":"https:\/\/elmundodelapolitica.com\/v1\/wp-json\/wp\/v2\/posts"}],"about":[{"href":"https:\/\/elmundodelapolitica.com\/v1\/wp-json\/wp\/v2\/types\/post"}],"author":[{"embeddable":true,"href":"https:\/\/elmundodelapolitica.com\/v1\/wp-json\/wp\/v2\/users\/2"}],"replies":[{"embeddable":true,"href":"https:\/\/elmundodelapolitica.com\/v1\/wp-json\/wp\/v2\/comments?post=3084"}],"version-history":[{"count":0,"href":"https:\/\/elmundodelapolitica.com\/v1\/wp-json\/wp\/v2\/posts\/3084\/revisions"}],"wp:attachment":[{"href":"https:\/\/elmundodelapolitica.com\/v1\/wp-json\/wp\/v2\/media?parent=3084"}],"wp:term":[{"taxonomy":"category","embeddable":true,"href":"https:\/\/elmundodelapolitica.com\/v1\/wp-json\/wp\/v2\/categories?post=3084"},{"taxonomy":"post_tag","embeddable":true,"href":"https:\/\/elmundodelapolitica.com\/v1\/wp-json\/wp\/v2\/tags?post=3084"}],"curies":[{"name":"wp","href":"https:\/\/api.w.org\/{rel}","templated":true}]}}