{"id":307,"date":"2022-05-17T02:22:11","date_gmt":"2022-05-17T06:22:11","guid":{"rendered":"http:\/\/www.elmundodelapolitica.com\/v2\/?p=25383"},"modified":"2022-09-26T10:28:32","modified_gmt":"2022-09-26T14:28:32","slug":"notifica-tribunal-constitucional-a-adesinc-sentencia-articulo-impedia-menores-30-anos-ser-vigilantes","status":"publish","type":"post","link":"https:\/\/elmundodelapolitica.com\/v1\/notifica-tribunal-constitucional-a-adesinc-sentencia-articulo-impedia-menores-30-anos-ser-vigilantes\/","title":{"rendered":"Notifica Tribunal Constitucional a ADESINC sentencia art\u00edculo imped\u00eda menores 30 a\u00f1os ser vigilantes"},"content":{"rendered":"\n<p>Santo Domingo, R.D. Lunes 16 de mayo de 2022.- La Asociaci\u00f3n Dominicana de Empresas de Seguridad (Adesinc) inform\u00f3 este lunes que fue formalmente notificada la sentencia del Tribunal Constitucional que declara contrario a la Carta Magna el art\u00edculo 14 numeral 2 literal F, de la Ley 631-16 de Porte y Tenencia de Armas de Fuego, que exig\u00eda a las compa\u00f1\u00edas de vigilancia contratar personal armados mayores de 30 a\u00f1os de edad.<\/p>\n\n\n\n<p><br>La directora ejecutiva de Adesinc, Katia Salom\u00f3n, explic\u00f3 que hab\u00edan saludado esa decisi\u00f3n de la alta corte, pero faltaba por cumplir este procedimiento t\u00e9cnico para ejercerla.<\/p>\n\n\n\n<p><br>Destac\u00f3 que constituye un logro para ese sector que haya acogido favorablemente el recurso interpuesto por esa entidad porque el citado art\u00edculo limita el crecimiento de esa \u00e1rea productiva que sustenta a m\u00e1s de 22 mil personas de manera directa y, adem\u00e1s, imposibilitaba de empleos a los j\u00f3venes con menos de 30 a\u00f1os.<\/p>\n\n\n\n<p><br>\u201cLa revisi\u00f3n de esta limitante de la edad fue propuesta por Adesinc sin hacer inferencia al porte de la poblaci\u00f3n civil en general, pues al promulgar esta Ley no se tom\u00f3 en cuenta que del sector de la seguridad privada dependen muchos hombres y mujeres que han tomado esta profesi\u00f3n que aporta al estado dominicano unas 82 mil horas de servicios a la seguridad ciudadana cada a\u00f1o\u201d, expres\u00f3.<\/p>\n\n\n\n<p><br>La directora ejecutiva de Adesinc se\u00f1al\u00f3 que \u201cera muy desconcertante y discriminatorio ver a miles de ciudadanos en una edad productividad, muchos con una familia que sustentar, y que por disposiciones de esa Ley no pod\u00edan dedicarse a laborar para nuestro sector al no tener la edad para el porte y tenencia de armas de fuego\u201d.<\/p>\n\n\n\n<p><br>En el 2018, a trav\u00e9s de la abogada Katia Salom\u00f3n, Adesinc solicit\u00f3 al Tribunal Constitucional que sea declarado inconstitucional este requisito de la limitante de la edad lo cual restring\u00eda e infring\u00eda valores supremos y principios fundamentales como el derecho al trabajo, la seguridad jur\u00eddica y la razonabilidad de la norma, entre otros, los cuales constituyen el objetivo ideol\u00f3gico de la constituci\u00f3n.<\/p>\n\n\n\n<p><br><strong>Sobre ADESINC<\/strong><\/p>\n\n\n\n<p><br>La Asociaci\u00f3n Dominicana de Empresas de Seguridad (Adesinc), es una organizaci\u00f3n sin fines de lucro que se encarga de agrupar las principales compa\u00f1\u00edas de protecci\u00f3n, fundada en enero de 1982 e incorporada con el decreto n\u00famero 108-92, de fecha 2 de abril de\u00a01992.<\/p>\n\n\n\n<p><br>Su membres\u00eda actual est\u00e1 compuesta por m\u00e1s de 65 empresas formales del sector, que aportan a la seguridad ciudadana alrededor de 82 millones de horas de vigilancia y protecci\u00f3n anual y pagan en n\u00f3mina un total de 3 mil millones de pesos al a\u00f1o, a los 22 mil colaboradores de las empresas asociadas.<\/p>\n\n\n\n<p><br>Los miembros de Adesinc pagan al fisco un monto estimado de unos 288 millones de pesos al a\u00f1o, cerca de 457 millones de pesos anual en seguridad social y 30 millones de pesos cada a\u00f1o en sus contribuciones al Infotep, seg\u00fan datos del \u00faltimo estudio realizado al sector por la empresa Deloitte.<br>Adesinc agrupa empresas de seguridad de las modalidades de vigilancia, transporte de valores, asesor\u00eda en esa \u00e1rea, consultor\u00eda e investigaci\u00f3n, seguridad electr\u00f3nica, distribuidores de equipos de seguridad, cuerpo de seguridad propia, entre otros.<\/p>\n","protected":false},"excerpt":{"rendered":"<p>Santo Domingo, R.D. Lunes 16 de mayo de 2022.- La Asociaci\u00f3n Dominicana de Empresas de Seguridad (Adesinc) inform\u00f3 este lunes que fue formalmente notificada la sentencia del Tribunal Constitucional que&hellip; <\/p>\n","protected":false},"author":2,"featured_media":308,"comment_status":"closed","ping_status":"open","sticky":false,"template":"","format":"standard","meta":{"fifu_image_url":"","fifu_image_alt":"","footnotes":""},"categories":[16],"tags":[],"class_list":["post-307","post","type-post","status-publish","format-standard","has-post-thumbnail","hentry","category-seguridad"],"_links":{"self":[{"href":"https:\/\/elmundodelapolitica.com\/v1\/wp-json\/wp\/v2\/posts\/307","targetHints":{"allow":["GET"]}}],"collection":[{"href":"https:\/\/elmundodelapolitica.com\/v1\/wp-json\/wp\/v2\/posts"}],"about":[{"href":"https:\/\/elmundodelapolitica.com\/v1\/wp-json\/wp\/v2\/types\/post"}],"author":[{"embeddable":true,"href":"https:\/\/elmundodelapolitica.com\/v1\/wp-json\/wp\/v2\/users\/2"}],"replies":[{"embeddable":true,"href":"https:\/\/elmundodelapolitica.com\/v1\/wp-json\/wp\/v2\/comments?post=307"}],"version-history":[{"count":1,"href":"https:\/\/elmundodelapolitica.com\/v1\/wp-json\/wp\/v2\/posts\/307\/revisions"}],"predecessor-version":[{"id":333,"href":"https:\/\/elmundodelapolitica.com\/v1\/wp-json\/wp\/v2\/posts\/307\/revisions\/333"}],"wp:featuredmedia":[{"embeddable":true,"href":"https:\/\/elmundodelapolitica.com\/v1\/wp-json\/wp\/v2\/media\/308"}],"wp:attachment":[{"href":"https:\/\/elmundodelapolitica.com\/v1\/wp-json\/wp\/v2\/media?parent=307"}],"wp:term":[{"taxonomy":"category","embeddable":true,"href":"https:\/\/elmundodelapolitica.com\/v1\/wp-json\/wp\/v2\/categories?post=307"},{"taxonomy":"post_tag","embeddable":true,"href":"https:\/\/elmundodelapolitica.com\/v1\/wp-json\/wp\/v2\/tags?post=307"}],"curies":[{"name":"wp","href":"https:\/\/api.w.org\/{rel}","templated":true}]}}