{"id":3062,"date":"2023-05-16T01:14:33","date_gmt":"2023-05-16T05:14:33","guid":{"rendered":"https:\/\/elmundodelapolitica.com\/v1\/?p=3062"},"modified":"2023-05-16T01:14:33","modified_gmt":"2023-05-16T05:14:33","slug":"resumen-q4-inc-anuncia-unos-solidos-resultados-del-primer-trimestre-de-2023","status":"publish","type":"post","link":"https:\/\/elmundodelapolitica.com\/v1\/resumen-q4-inc-anuncia-unos-solidos-resultados-del-primer-trimestre-de-2023\/","title":{"rendered":"Resumen: Q4 Inc. anuncia unos s\u00f3lidos resultados del primer trimestre de 2023"},"content":{"rendered":"<p>La empresa prev\u00e9 obtener beneficios a finales de a\u00f1o<\/p>\n<p>El margen bruto mejor\u00f3 802 puntos b\u00e1sicos interanuales, hasta el 65,4 %<\/p>\n<p>Los ingresos recurrentes anuales por cuenta (\u201cARPA\u201d, por sus siglas en ingl\u00e9s) aumentaron un 11 % interanual<\/p>\n<p>Las acciones previstas reducir\u00e1n los gastos de explotaci\u00f3n en el segundo semestre de 2023 en al menos 6 millones de d\u00f3lares anualizados<br \/>\nTORONTO&#8211;(BUSINESS WIRE)&#8211;Q4 Inc. (TSX:QFOR) (\u201cQ4\u201d o la \u201cEmpresa\u201d), plataforma l\u00edder de acceso a los mercados de capitales, anunci\u00f3 hoy sus resultados financieros correspondientes al per\u00edodo de tres meses finalizado el 31 de marzo de 2023. QFOR informa en d\u00f3lares estadounidenses y de conformidad con las Normas Internacionales de Informaci\u00f3n Financiera (\u201cNIIF\u201d).<br \/>\n\u201cEstoy orgulloso de la capacidad del equipo para seguir generando crecimiento org\u00e1nico en el primer trimestre a pesar de la escasa actividad de los mercados de capitales\u201d, declar\u00f3 Darrell Heaps, fundador y CEO.<br \/>\nEl comunicado en el idioma original es la versi\u00f3n oficial y autorizada del mismo. Esta traducci\u00f3n es solamente un medio de ayuda y deber\u00e1 ser comparada con el texto en idioma original, que es la \u00fanica versi\u00f3n del texto que tendr\u00e1 validez legal. Contacts<br \/>\nInversoresEdward Miller<br \/>\nDirector de relaciones con los inversores<br \/>\n(437) 291-1554<br \/>\nir@q4inc.com<br \/>\nMedios de comunicaci\u00f3nHeather Noll<br \/>\nDirectora de comunicaci\u00f3n corporativa<br \/>\nmedia@q4inc.com<\/p>\n","protected":false},"excerpt":{"rendered":"<div>\n<p class=\"bwalignc\">\nLa empresa prev\u00e9 obtener beneficios a finales de a\u00f1o<\/p>\n<ul class=\"bwlistdisc\">\n<li>\nEl margen bruto mejor\u00f3 802 puntos b\u00e1sicos interanuales, hasta el 65,4 %<\/li>\n<li>\nLos ingresos recurrentes anuales por cuenta (\u201cARPA\u201d, por sus siglas en ingl\u00e9s) aumentaron un 11 % interanual<\/li>\n<li>\nLas acciones previstas reducir\u00e1n los gastos de explotaci\u00f3n en el segundo semestre de 2023 en al menos 6 millones de d\u00f3lares anualizados<\/li>\n<\/ul>\n<p>TORONTO&#8211;(BUSINESS WIRE)&#8211;Q4 Inc. (TSX:QFOR) (\u201cQ4\u201d o la \u201cEmpresa\u201d), plataforma l\u00edder de acceso a los mercados de capitales, anunci\u00f3 hoy sus resultados financieros correspondientes al per\u00edodo de tres meses finalizado el 31 de marzo de 2023. QFOR informa en d\u00f3lares estadounidenses y de conformidad con las Normas Internacionales de Informaci\u00f3n Financiera (\u201cNIIF\u201d).<\/p>\n<p><a href=\"https:\/\/mms.businesswire.com\/media\/20230515005177\/es\/793057\/5\/Q4_RBG.jpg\"><img decoding=\"async\" src=\"https:\/\/mms.businesswire.com\/media\/20230515005174\/en\/793057\/21\/Q4_RBG.jpg\"><\/a><\/p>\n<p>\n\u201cEstoy orgulloso de la capacidad del equipo para seguir generando crecimiento org\u00e1nico en el primer trimestre a pesar de la escasa actividad de los mercados de capitales\u201d, declar\u00f3 Darrell Heaps, fundador y CEO.<\/p>\n<p>\nEl comunicado en el idioma original es la versi\u00f3n oficial y autorizada del mismo. Esta traducci\u00f3n es solamente un medio de ayuda y deber\u00e1 ser comparada con el texto en idioma original, que es la \u00fanica versi\u00f3n del texto que tendr\u00e1 validez legal.<\/p>\n<p> <b>Contacts<\/b> <\/p>\n<p>\n<b>Inversores<\/b><br \/>Edward Miller<br \/>\n<br \/>Director de relaciones con los inversores<br \/>\n<br \/>(437) 291-1554<br \/>\n<br \/><a target=\"_blank\" href=\"mailto:ir@q4inc.com\" rel=\"nofollow noopener\">ir@q4inc.com<\/a><\/p>\n<p><b>Medios de comunicaci\u00f3n<\/b><br \/>Heather Noll<br \/>\n<br \/>Directora de comunicaci\u00f3n corporativa<br \/>\n<br \/><a target=\"_blank\" href=\"mailto:media@q4inc.com\" rel=\"nofollow noopener\">media@q4inc.com<\/a><\/p>\n<\/div>\n","protected":false},"author":2,"featured_media":3063,"comment_status":"closed","ping_status":"closed","sticky":false,"template":"","format":"standard","meta":{"fifu_image_url":"https:\/\/mms.businesswire.com\/media\/20230515005174\/en\/793057\/21\/Q4_RBG.jpg","fifu_image_alt":"Resumen: Q4 Inc. anuncia unos s\u00f3lidos resultados del primer trimestre de 2023","footnotes":""},"categories":[44],"tags":[],"class_list":["post-3062","post","type-post","status-publish","format-standard","has-post-thumbnail","hentry","category-business-wire"],"_links":{"self":[{"href":"https:\/\/elmundodelapolitica.com\/v1\/wp-json\/wp\/v2\/posts\/3062","targetHints":{"allow":["GET"]}}],"collection":[{"href":"https:\/\/elmundodelapolitica.com\/v1\/wp-json\/wp\/v2\/posts"}],"about":[{"href":"https:\/\/elmundodelapolitica.com\/v1\/wp-json\/wp\/v2\/types\/post"}],"author":[{"embeddable":true,"href":"https:\/\/elmundodelapolitica.com\/v1\/wp-json\/wp\/v2\/users\/2"}],"replies":[{"embeddable":true,"href":"https:\/\/elmundodelapolitica.com\/v1\/wp-json\/wp\/v2\/comments?post=3062"}],"version-history":[{"count":0,"href":"https:\/\/elmundodelapolitica.com\/v1\/wp-json\/wp\/v2\/posts\/3062\/revisions"}],"wp:featuredmedia":[{"embeddable":true,"href":"https:\/\/elmundodelapolitica.com\/v1\/wp-json\/wp\/v2\/media\/3063"}],"wp:attachment":[{"href":"https:\/\/elmundodelapolitica.com\/v1\/wp-json\/wp\/v2\/media?parent=3062"}],"wp:term":[{"taxonomy":"category","embeddable":true,"href":"https:\/\/elmundodelapolitica.com\/v1\/wp-json\/wp\/v2\/categories?post=3062"},{"taxonomy":"post_tag","embeddable":true,"href":"https:\/\/elmundodelapolitica.com\/v1\/wp-json\/wp\/v2\/tags?post=3062"}],"curies":[{"name":"wp","href":"https:\/\/api.w.org\/{rel}","templated":true}]}}