{"id":3058,"date":"2023-05-15T18:02:24","date_gmt":"2023-05-15T22:02:24","guid":{"rendered":"https:\/\/elmundodelapolitica.com\/v1\/?p=3058"},"modified":"2023-05-15T18:02:24","modified_gmt":"2023-05-15T22:02:24","slug":"analizan-impacto-nuevas-tendencias-comercio-en-aduanas-iberoamerica","status":"publish","type":"post","link":"https:\/\/elmundodelapolitica.com\/v1\/analizan-impacto-nuevas-tendencias-comercio-en-aduanas-iberoamerica\/","title":{"rendered":"Analizan impacto nuevas tendencias comercio en aduanas Iberoam\u00e9rica"},"content":{"rendered":"<div>\n<p><strong>Punta Cana<\/strong>, R.D. Mayo 15, 2023.-Directores de aduanas iniciaron, este lunes, su Conferencia Regional de Directores Generales de Aduanas, para revisar el cumplimiento del Convenio Multilateral sobre Cooperaci\u00f3n y Asistencia Mutua entre las Direcciones Nacionales de Aduanas de Am\u00e9rica Latina, Espa\u00f1a y Portugal (Comalep), as\u00ed como identificar mejoras en los m\u00e9todos de capacitaci\u00f3n del personal, en el intercambio de informaci\u00f3n y en la eficientizaci\u00f3n de la gesti\u00f3n aduanera.<\/p>\n<div class=\"wp-block-image\">\n<figure class=\"aligncenter size-large\"><img loading=\"lazy\" data-attachment-id=\"28037\" data-permalink=\"https:\/\/elmundodelosnegocios.com.do\/v1\/index.php\/2023\/05\/15\/analizan-impacto-nuevas-tendencias-comercio-en-aduanas-iberoamerica\/foto-2-directores-de-aduanas-de-iberoamerica\/\" data-orig-file=\"https:\/\/i0.wp.com\/elmundodelosnegocios.com.do\/v1\/wp-content\/uploads\/2023\/05\/Foto-2-Directores-de-Aduanas-de-Iberoamerica..jpg?fit=1500%2C1000&amp;ssl=1\" data-orig-size=\"1500,1000\" data-comments-opened=\"0\" data-image-meta='{\"aperture\":\"4\",\"credit\":\"Simon Espinal Velez\",\"camera\":\"Canon EOS R5\",\"caption\":\"\",\"created_timestamp\":\"1684163996\",\"copyright\":\"Simon Espinal Velez Photography\",\"focal_length\":\"24\",\"iso\":\"2500\",\"shutter_speed\":\"0.008\",\"title\":\"\",\"orientation\":\"1\"}' data-image-title=\"Foto-2-Directores-de-Aduanas-de-Iberoamerica.\" data-image-description=\"\" data-image-caption=\"\" data-medium-file=\"https:\/\/i0.wp.com\/elmundodelosnegocios.com.do\/v1\/wp-content\/uploads\/2023\/05\/Foto-2-Directores-de-Aduanas-de-Iberoamerica..jpg?fit=300%2C200&amp;ssl=1\" data-large-file=\"https:\/\/i0.wp.com\/elmundodelosnegocios.com.do\/v1\/wp-content\/uploads\/2023\/05\/Foto-2-Directores-de-Aduanas-de-Iberoamerica..jpg?fit=1024%2C683&amp;ssl=1\" decoding=\"async\" width=\"1024\" height=\"683\" src=\"https:\/\/i0.wp.com\/elmundodelosnegocios.com.do\/v1\/wp-content\/uploads\/2023\/05\/Foto-2-Directores-de-Aduanas-de-Iberoamerica.-1024x683.jpg?resize=1024,683&amp;ssl=1\" alt=\"\" class=\"wp-image-28037\" srcset=\"https:\/\/i0.wp.com\/elmundodelosnegocios.com.do\/v1\/wp-content\/uploads\/2023\/05\/Foto-2-Directores-de-Aduanas-de-Iberoamerica..jpg?resize=1024%2C683&amp;ssl=1 1024w, https:\/\/i0.wp.com\/elmundodelosnegocios.com.do\/v1\/wp-content\/uploads\/2023\/05\/Foto-2-Directores-de-Aduanas-de-Iberoamerica..jpg?resize=300%2C200&amp;ssl=1 300w, https:\/\/i0.wp.com\/elmundodelosnegocios.com.do\/v1\/wp-content\/uploads\/2023\/05\/Foto-2-Directores-de-Aduanas-de-Iberoamerica..jpg?resize=768%2C512&amp;ssl=1 768w, https:\/\/i0.wp.com\/elmundodelosnegocios.com.do\/v1\/wp-content\/uploads\/2023\/05\/Foto-2-Directores-de-Aduanas-de-Iberoamerica..jpg?w=1500&amp;ssl=1 1500w\" sizes=\"auto, (max-width: 1024px) 100vw, 1024px\" data-recalc-dims=\"1\"><figcaption class=\"wp-element-caption\">Directores de Aduanas de Iberoam\u00e9rica.<\/figcaption><\/figure>\n<\/div>\n<p>La jornada de sesiones estuvo encabezada por la vicepresidenta, Raquel Pe\u00f1a, y por el director general de Aduanas (DGA), Eduardo Sanz Lovat\u00f3n, anfitri\u00f3n del evento, en reconocimiento a las mejoras en tiempo de despacho e inspecci\u00f3n no intrusiva de mercanc\u00eda que exhibe la Rep\u00fablica Dominicana.<\/p>\n<figure class=\"wp-block-image size-large\"><img data-attachment-id=\"28039\" data-permalink=\"https:\/\/elmundodelosnegocios.com.do\/v1\/index.php\/2023\/05\/15\/analizan-impacto-nuevas-tendencias-comercio-en-aduanas-iberoamerica\/foto-1-rafael-marin-mollinedo-titular-de-la-agencia-nacional-de-mexico-la-vicepresidenta-raquel-pena-y-eduardo-sanz-lovaton\/\" data-orig-file=\"https:\/\/i0.wp.com\/elmundodelosnegocios.com.do\/v1\/wp-content\/uploads\/2023\/05\/Foto-1-Rafael-Marin-Mollinedo-titular-de-la-Agencia-Nacional-de-Mexico-la-vicepresidenta-Raquel-Pena-y-Eduardo-Sanz-Lovaton..jpg?fit=1500%2C1000&amp;ssl=1\" data-orig-size=\"1500,1000\" data-comments-opened=\"0\" data-image-meta='{\"aperture\":\"0\",\"credit\":\"Simon Espinal Velez\",\"camera\":\"\",\"caption\":\"\",\"created_timestamp\":\"0\",\"copyright\":\"Simon Espinal Velez Photography\",\"focal_length\":\"0\",\"iso\":\"0\",\"shutter_speed\":\"0\",\"title\":\"\",\"orientation\":\"1\"}' data-image-title=\"Foto-1-Rafael-Marin-Mollinedo-titular-de-la-Agencia-Nacional-de-Mexico-la-vicepresidenta-Raquel-Pena-y-Eduardo-Sanz-Lovaton.\" data-image-description=\"&lt;p&gt;Rafael Mar\u00edn Mollinedo, titular de la Agencia Nacional de M\u00e9xico, la vicepresidenta Raquel Pe\u00f1a y Eduardo Sanz Lovat\u00f3n.&lt;\/p&gt;\n\" data-image-caption=\"&lt;p&gt;Rafael Mar\u00edn Mollinedo, titular de la Agencia Nacional de M\u00e9xico, la vicepresidenta Raquel Pe\u00f1a y Eduardo Sanz Lovat\u00f3n.&lt;\/p&gt;\n\" data-medium-file=\"https:\/\/i0.wp.com\/elmundodelosnegocios.com.do\/v1\/wp-content\/uploads\/2023\/05\/Foto-1-Rafael-Marin-Mollinedo-titular-de-la-Agencia-Nacional-de-Mexico-la-vicepresidenta-Raquel-Pena-y-Eduardo-Sanz-Lovaton..jpg?fit=300%2C200&amp;ssl=1\" data-large-file=\"https:\/\/i0.wp.com\/elmundodelosnegocios.com.do\/v1\/wp-content\/uploads\/2023\/05\/Foto-1-Rafael-Marin-Mollinedo-titular-de-la-Agencia-Nacional-de-Mexico-la-vicepresidenta-Raquel-Pena-y-Eduardo-Sanz-Lovaton..jpg?fit=1024%2C683&amp;ssl=1\" decoding=\"async\" loading=\"lazy\" width=\"1024\" height=\"683\" src=\"https:\/\/i0.wp.com\/elmundodelosnegocios.com.do\/v1\/wp-content\/uploads\/2023\/05\/Foto-1-Rafael-Marin-Mollinedo-titular-de-la-Agencia-Nacional-de-Mexico-la-vicepresidenta-Raquel-Pena-y-Eduardo-Sanz-Lovaton.-1024x683.jpg?resize=1024,683&amp;ssl=1\" alt=\"\" class=\"wp-image-28039\" srcset=\"https:\/\/i0.wp.com\/elmundodelosnegocios.com.do\/v1\/wp-content\/uploads\/2023\/05\/Foto-1-Rafael-Marin-Mollinedo-titular-de-la-Agencia-Nacional-de-Mexico-la-vicepresidenta-Raquel-Pena-y-Eduardo-Sanz-Lovaton..jpg?resize=1024%2C683&amp;ssl=1 1024w, https:\/\/i0.wp.com\/elmundodelosnegocios.com.do\/v1\/wp-content\/uploads\/2023\/05\/Foto-1-Rafael-Marin-Mollinedo-titular-de-la-Agencia-Nacional-de-Mexico-la-vicepresidenta-Raquel-Pena-y-Eduardo-Sanz-Lovaton..jpg?resize=300%2C200&amp;ssl=1 300w, https:\/\/i0.wp.com\/elmundodelosnegocios.com.do\/v1\/wp-content\/uploads\/2023\/05\/Foto-1-Rafael-Marin-Mollinedo-titular-de-la-Agencia-Nacional-de-Mexico-la-vicepresidenta-Raquel-Pena-y-Eduardo-Sanz-Lovaton..jpg?resize=768%2C512&amp;ssl=1 768w, https:\/\/i0.wp.com\/elmundodelosnegocios.com.do\/v1\/wp-content\/uploads\/2023\/05\/Foto-1-Rafael-Marin-Mollinedo-titular-de-la-Agencia-Nacional-de-Mexico-la-vicepresidenta-Raquel-Pena-y-Eduardo-Sanz-Lovaton..jpg?w=1500&amp;ssl=1 1500w\" sizes=\"auto, (max-width: 1024px) 100vw, 1024px\" data-recalc-dims=\"1\"><figcaption class=\"wp-element-caption\">Rafael Mar\u00edn Mollinedo, titular de la Agencia Nacional de M\u00e9xico, la vicepresidenta Raquel Pe\u00f1a y Eduardo Sanz Lovat\u00f3n.<\/figcaption><\/figure>\n<p>Durante la apertura del evento, Pe\u00f1a explic\u00f3 ante los directores de aduanas de la regi\u00f3n, c\u00f3mo el pa\u00eds ha alcanzado una mayor cohesi\u00f3n interinstitucional y una verdadera sinergia con el Sector Privado, y c\u00f3mo esto ha derivado en beneficio de las operaciones de comercio internacional e impactando de forma positiva la econom\u00eda y la sociedad dominicana.<\/p>\n<p>\u201cLas acciones y mejoras implementadas por esta gesti\u00f3n de gobierno dirigida por el presidente, Luis Abinader, han logrado convertir nuestra aduana en una instituci\u00f3n modelo, orientada a los servicios, la mejora continua, la eficiencia y el trabajo en equipo\u201d, expres\u00f3 la vicepresidenta.<\/p>\n<p>Sanz Lovat\u00f3n explic\u00f3 c\u00f3mo el auge del comercio electr\u00f3nico y el trasporte de carga v\u00eda a\u00e9rea han obligado a las aduanas a transformar y digitalizar sus operaciones.<\/p>\n<p>\u201cEste foro sirve para compartir realidades de lo que son las nuevas t\u00e9cnicas de comercio, en mundo donde estamos, cada vez, m\u00e1s interconectados por la realidad del comercio por internet, y de que la carga a\u00e9rea se convierte en el punto focal del comercio\u201d, detall\u00f3 el titular de la DGA.<\/p>\n<p>Rafael Mar\u00edn Mollinedo, titular de la Agencia Nacional de Aduanas de M\u00e9xico (ANAM), recont\u00f3 c\u00f3mo durante los dos \u00faltimos a\u00f1os, las operaciones aduaneras y las cadenas de suministros han sido impactadas por la inflaci\u00f3n mundial y los conflictos geopol\u00edticos entre Rusia y Ucrania, y el endurecimiento de las pol\u00edticas monetarias de los gobiernos de la regi\u00f3n.<\/p>\n<p>\u201cEn esta dif\u00edcil coyuntura, resulta urgente avanzar en la conformaci\u00f3n de un mercado regional, amplio y estable que genere fuentes de trabajo y propicie las cadenas productivas interregionales\u201d, apunt\u00f3 Mar\u00edn Mollinedo.<\/p>\n<p>En ese sentido, tambi\u00e9n, plantearon sus pareceres: Ricardo Trevi\u00f1o Chapa, secretario general adjunto de la Organizaci\u00f3n Mundial de Comercio (OMA) y Martha Elba Garamendi, vicepresidenta de la OMA, entre otros.<\/p>\n<p>Se recuerda, que en este evento se celebran tres actividades internacionales y que est\u00e1 siendo celebrado del 15 al 19 de mayo en las instalaciones del Hard Rock Hotel &amp; Casino Punta Cana.<\/p>\n<p>Los directores de las Aduanas de Am\u00e9rica Latina, Espa\u00f1a y Portugal estar\u00e1n reunidos por cuatro d\u00edas en Rep\u00fablica Dominicana, en busca de identificar oportunidades y retos comunes, explorar buenas pr\u00e1cticas y compartir experiencias en la modernizaci\u00f3n de los sistemas aduaneros y log\u00edsticos.<\/p>\n<p>El primer encuentro es la \u201cXLIII Reuni\u00f3n de Directores Nacionales para el Convenio Multilateral sobre Cooperaci\u00f3n y Asistencia Mutua entre las direcciones nacionales de Aduanas de Am\u00e9rica Latina, Espa\u00f1a y Portugal (COMALEP)\u201d, que se desarrollar\u00e1 los d\u00edas 15 y 16 de mayo.<\/p>\n<p>El 17 de mayo se efectuar\u00e1 el \u201cIII Foro en Conjunto de Aduanas: Grupo Regional del Sector Privado\u201d, donde se explorar\u00e1n las oportunidades de alianza y de identificaci\u00f3n conjunta de soluciones entre el Sector Privado y las aduanas.<\/p>\n<p>Finalmente, del 18 al 19 de mayo se llevar\u00e1 a cabo la \u201cXXV Conferencia Regional de Directores Generales de Aduanas (CRDGA 2023)\u201d, un espacio que se aprovechar\u00e1 para discutir los asuntos que preocupan a las administraciones aduaneras, con base al Plan Estrat\u00e9gico y agenda de la Organizaci\u00f3n Mundial de las Aduanas, en el \u00e1mbito de la gobernanza interna de la organizaci\u00f3n y las prioridades de sus miembros para las seis vicepresidencias regionales en todo el mundo.<\/p>\n<p>El c\u00f3nclave tambi\u00e9n servir\u00e1 para estrechar las relaciones entre los distintos pa\u00edses, compartir experiencias para agilizar los tr\u00e1mites aduaneros, maximizar la competitividad de las naciones y encontrar formas de fortalecer los controles de seguridad en los distintos puertos aduanales.<\/p>\n<\/div>\n","protected":false},"excerpt":{"rendered":"<p>Punta Cana, R.D. Mayo 15, 2023.-Directores de aduanas iniciaron, este lunes, su Conferencia Regional de Directores Generales de Aduanas, para revisar el cumplimiento del Convenio Multilateral sobre Cooperaci\u00f3n y Asistencia&hellip; <\/p>\n","protected":false},"author":2,"featured_media":3059,"comment_status":"closed","ping_status":"closed","sticky":false,"template":"","format":"standard","meta":{"fifu_image_url":"https:\/\/i0.wp.com\/elmundodelosnegocios.com.do\/v1\/wp-content\/uploads\/2023\/05\/Foto-2-Directores-de-Aduanas-de-Iberoamerica.-1024x683.jpg?resize=1024,683&ssl=1","fifu_image_alt":"Analizan impacto nuevas tendencias comercio en aduanas Iberoam\u00e9rica","footnotes":""},"categories":[63],"tags":[],"class_list":["post-3058","post","type-post","status-publish","format-standard","has-post-thumbnail","hentry","category-actualidad"],"_links":{"self":[{"href":"https:\/\/elmundodelapolitica.com\/v1\/wp-json\/wp\/v2\/posts\/3058","targetHints":{"allow":["GET"]}}],"collection":[{"href":"https:\/\/elmundodelapolitica.com\/v1\/wp-json\/wp\/v2\/posts"}],"about":[{"href":"https:\/\/elmundodelapolitica.com\/v1\/wp-json\/wp\/v2\/types\/post"}],"author":[{"embeddable":true,"href":"https:\/\/elmundodelapolitica.com\/v1\/wp-json\/wp\/v2\/users\/2"}],"replies":[{"embeddable":true,"href":"https:\/\/elmundodelapolitica.com\/v1\/wp-json\/wp\/v2\/comments?post=3058"}],"version-history":[{"count":0,"href":"https:\/\/elmundodelapolitica.com\/v1\/wp-json\/wp\/v2\/posts\/3058\/revisions"}],"wp:featuredmedia":[{"embeddable":true,"href":"https:\/\/elmundodelapolitica.com\/v1\/wp-json\/wp\/v2\/media\/3059"}],"wp:attachment":[{"href":"https:\/\/elmundodelapolitica.com\/v1\/wp-json\/wp\/v2\/media?parent=3058"}],"wp:term":[{"taxonomy":"category","embeddable":true,"href":"https:\/\/elmundodelapolitica.com\/v1\/wp-json\/wp\/v2\/categories?post=3058"},{"taxonomy":"post_tag","embeddable":true,"href":"https:\/\/elmundodelapolitica.com\/v1\/wp-json\/wp\/v2\/tags?post=3058"}],"curies":[{"name":"wp","href":"https:\/\/api.w.org\/{rel}","templated":true}]}}