{"id":3044,"date":"2023-05-15T09:46:35","date_gmt":"2023-05-15T13:46:35","guid":{"rendered":"https:\/\/elmundodelapolitica.com\/v1\/?p=3044"},"modified":"2023-05-15T09:46:35","modified_gmt":"2023-05-15T13:46:35","slug":"collado-informa-han-llegado-3-8-millones-visitantes-en-solo-4-meses","status":"publish","type":"post","link":"https:\/\/elmundodelapolitica.com\/v1\/collado-informa-han-llegado-3-8-millones-visitantes-en-solo-4-meses\/","title":{"rendered":"Collado informa han llegado 3.8 millones visitantes en solo 4 meses"},"content":{"rendered":"<div>\n<p><strong>Santo Domingo<\/strong>, R.D. Mayo 14, 2023.-\u00a0\u00a0El ministro de Turismo, David Collado, revel\u00f3 este domingo que en el mes de abril el pa\u00eds recibi\u00f3 862,705 visitantes por las v\u00edas a\u00e9reas y mar\u00edtimas, rompiendo otro nuevo r\u00e9cord en la llegada de turistas.<\/p>\n<figure class=\"wp-block-image size-full\"><img data-attachment-id=\"28009\" data-permalink=\"https:\/\/elmundodelosnegocios.com.do\/v1\/index.php\/2023\/05\/15\/collado-informa-han-llegado-3-8-millones-visitantes-en-solo-4-meses\/imagen-png-1718\/\" data-orig-file=\"https:\/\/i0.wp.com\/elmundodelosnegocios.com.do\/v1\/wp-content\/uploads\/2023\/05\/Imagen-PNG-1718.png?fit=999%2C666&amp;ssl=1\" data-orig-size=\"999,666\" data-comments-opened=\"0\" data-image-meta='{\"aperture\":\"0\",\"credit\":\"\",\"camera\":\"\",\"caption\":\"\",\"created_timestamp\":\"0\",\"copyright\":\"\",\"focal_length\":\"0\",\"iso\":\"0\",\"shutter_speed\":\"0\",\"title\":\"\",\"orientation\":\"0\"}' data-image-title=\"Imagen-PNG-1718\" data-image-description=\"\" data-image-caption=\"\" data-medium-file=\"https:\/\/i0.wp.com\/elmundodelosnegocios.com.do\/v1\/wp-content\/uploads\/2023\/05\/Imagen-PNG-1718.png?fit=300%2C200&amp;ssl=1\" data-large-file=\"https:\/\/i0.wp.com\/elmundodelosnegocios.com.do\/v1\/wp-content\/uploads\/2023\/05\/Imagen-PNG-1718.png?fit=999%2C666&amp;ssl=1\" decoding=\"async\" loading=\"lazy\" width=\"999\" height=\"666\" src=\"https:\/\/i0.wp.com\/elmundodelosnegocios.com.do\/v1\/wp-content\/uploads\/2023\/05\/Imagen-PNG-1718.png?resize=999,666&amp;ssl=1\" alt=\"\" class=\"wp-image-28009\" srcset=\"https:\/\/i0.wp.com\/elmundodelosnegocios.com.do\/v1\/wp-content\/uploads\/2023\/05\/Imagen-PNG-1718.png?w=999&amp;ssl=1 999w, https:\/\/i0.wp.com\/elmundodelosnegocios.com.do\/v1\/wp-content\/uploads\/2023\/05\/Imagen-PNG-1718.png?resize=300%2C200&amp;ssl=1 300w, https:\/\/i0.wp.com\/elmundodelosnegocios.com.do\/v1\/wp-content\/uploads\/2023\/05\/Imagen-PNG-1718.png?resize=768%2C512&amp;ssl=1 768w\" sizes=\"auto, (max-width: 999px) 100vw, 999px\" data-recalc-dims=\"1\"><\/figure>\n<p>En su ya acostumbrada conferencia de prensa de cada mes, Collado inform\u00f3 que el pasado mes de abril al pa\u00eds llegaron, v\u00eda a\u00e9rea, 681,567 turistas, 9% m\u00e1s que en el 2022 y\u00a0 17 %\u00a0 que el a\u00f1o\u00a0 2019. Explic\u00f3 que de los 681,567 turistas que visitaron el pa\u00eds en abril, 587,455 eran extranjeros y 94,112 dominicanos.<\/p>\n<p>Indic\u00f3 que en total el pa\u00eds recibi\u00f3 en abril 862,705 visitantes de los cuales 681,567 fueron por la v\u00eda a\u00e9rea y otros 181,138 por la mar\u00edtima.<\/p>\n<p>Asimismo, destac\u00f3 que en el periodo enero-abril se\u00a0 recibieron 2,757,810 turistas, 25% m\u00e1s que en el mismo periodo del 2022 y 17% por encima del 2019.<\/p>\n<p>Manifest\u00f3 que los 2,757,810 turistas que llegaron en el primer cuatrimestre de este a\u00f1o se s\u00fapera los 2,340,959 del 2022 y los 2,460,423 del 2019.<\/p>\n<p>\u00abEstos son n\u00fameros palpables e irrefutables, que logramos mes tras mes, superando nuestros propios r\u00e9cords\u00bb, dijo Collado.<\/p>\n<p>Afirm\u00f3 tambi\u00e9n que el crecimiento en la llegada de cruceristas ha sido constante, lo que coloca al pa\u00eds como uno de los l\u00edderes en ese rengl\u00f3n en la regi\u00f3n.<\/p>\n<p>Inform\u00f3 que en abril llegaron 181,138 cruceristas, superando los 90,427 que nos visitaron durante el mismo mes del a\u00f1o 2022 y los 74,452 del 2019.<\/p>\n<p>En el periodo enero-abril el pa\u00eds recibi\u00f3 987,665 cruceristas, lo supera los 417,744 del a\u00f1o pasado y 459,441 del 2019.<\/p>\n<p>Collado manifest\u00f3 que el periodo enero-abril el pa\u00eds recibi\u00f3 3,745,475 visitantes, 2,757,810 por la v\u00eda a\u00e9rea y 987,665 v\u00eda mar\u00edtima.<\/p>\n<p>El ministro Collado estima que al cierre de este a\u00f1o el pa\u00eds recibir\u00e1 7.9 millones de turistas, lo calific\u00f3 como una cifra hist\u00f3rica.<\/p>\n<\/div>\n","protected":false},"excerpt":{"rendered":"<p>Santo Domingo, R.D. Mayo 14, 2023.-\u00a0\u00a0El ministro de Turismo, David Collado, revel\u00f3 este domingo que en el mes de abril el pa\u00eds recibi\u00f3 862,705 visitantes por las v\u00edas a\u00e9reas y&hellip; <\/p>\n","protected":false},"author":2,"featured_media":3045,"comment_status":"closed","ping_status":"closed","sticky":false,"template":"","format":"standard","meta":{"fifu_image_url":"https:\/\/i0.wp.com\/elmundodelosnegocios.com.do\/v1\/wp-content\/uploads\/2023\/05\/Imagen-PNG-1718.png?resize=999,666&ssl=1","fifu_image_alt":"Collado informa han llegado 3.8 millones visitantes en solo 4 meses","footnotes":""},"categories":[63],"tags":[],"class_list":["post-3044","post","type-post","status-publish","format-standard","has-post-thumbnail","hentry","category-actualidad"],"_links":{"self":[{"href":"https:\/\/elmundodelapolitica.com\/v1\/wp-json\/wp\/v2\/posts\/3044","targetHints":{"allow":["GET"]}}],"collection":[{"href":"https:\/\/elmundodelapolitica.com\/v1\/wp-json\/wp\/v2\/posts"}],"about":[{"href":"https:\/\/elmundodelapolitica.com\/v1\/wp-json\/wp\/v2\/types\/post"}],"author":[{"embeddable":true,"href":"https:\/\/elmundodelapolitica.com\/v1\/wp-json\/wp\/v2\/users\/2"}],"replies":[{"embeddable":true,"href":"https:\/\/elmundodelapolitica.com\/v1\/wp-json\/wp\/v2\/comments?post=3044"}],"version-history":[{"count":0,"href":"https:\/\/elmundodelapolitica.com\/v1\/wp-json\/wp\/v2\/posts\/3044\/revisions"}],"wp:featuredmedia":[{"embeddable":true,"href":"https:\/\/elmundodelapolitica.com\/v1\/wp-json\/wp\/v2\/media\/3045"}],"wp:attachment":[{"href":"https:\/\/elmundodelapolitica.com\/v1\/wp-json\/wp\/v2\/media?parent=3044"}],"wp:term":[{"taxonomy":"category","embeddable":true,"href":"https:\/\/elmundodelapolitica.com\/v1\/wp-json\/wp\/v2\/categories?post=3044"},{"taxonomy":"post_tag","embeddable":true,"href":"https:\/\/elmundodelapolitica.com\/v1\/wp-json\/wp\/v2\/tags?post=3044"}],"curies":[{"name":"wp","href":"https:\/\/api.w.org\/{rel}","templated":true}]}}