{"id":3039,"date":"2023-05-14T23:29:51","date_gmt":"2023-05-15T03:29:51","guid":{"rendered":"https:\/\/elmundodelapolitica.com\/v1\/?p=3039"},"modified":"2023-05-14T23:29:53","modified_gmt":"2023-05-15T03:29:53","slug":"vicepresidenta-pena-encabeza-apertura-de-la-lxiii-asamblea-de-gobernadores-del-bcie","status":"publish","type":"post","link":"https:\/\/elmundodelapolitica.com\/v1\/vicepresidenta-pena-encabeza-apertura-de-la-lxiii-asamblea-de-gobernadores-del-bcie\/","title":{"rendered":"Vicepresidenta Pe\u00f1a encabeza apertura de la LXIII Asamblea de Gobernadores del BCIE"},"content":{"rendered":"\n<p>Punta Cana.-&nbsp;<strong>La vicepresidenta de la Rep\u00fablica, Raquel Pe\u00f1a<\/strong>, encabez\u00f3 este viernes el inicio de la&nbsp;<strong>LXIII Asamblea de Gobernadores del Banco Centroamericano de Integraci\u00f3n Econ\u00f3mica (BCIE)<\/strong>, en Punta Cana, que busca consolidar al BCIE como el&nbsp;<strong>socio efectivo y oportuno para los pa\u00edses miembros<\/strong>, con soluciones modernas que contribuyan al desarrollo y la integraci\u00f3n econ\u00f3mica en la regi\u00f3n.<\/p>\n\n\n\n<p>Al pronunciar las palabras centrales de la asamblea, la vicemandataria manifest\u00f3 que el Gobierno se enorgullece de ser anfitri\u00f3n de la Sexag\u00e9sima Tercera Asamblea de Gobernadores,&nbsp;<strong>evento crucial para el Banco y para el desarrollo econ\u00f3mico y social de la regi\u00f3n<\/strong>, porque saben que las decisiones que se tomen en la asamblea tendr\u00e1n un&nbsp;<strong>impacto significativo en la vida de millones de personas<\/strong>, por lo que es importante que se trabaje en conjunto para alcanzar objetivos comunes y construir un futuro pr\u00f3spero para todos y todas.<\/p>\n\n\n\n<p><em>\u201cEl Banco Centroamericano de Integraci\u00f3n Econ\u00f3mica ha cre\u00eddo firmemente en el potencial de la Rep\u00fablica Dominicana. Desde el Gobierno estamos comprometidos en continuar trabajando para su crecimiento y desarrollo. Adem\u00e1s, la Rep\u00fablica Dominicana busca ser un socio aliado de la integraci\u00f3n regional en Am\u00e9rica Latina y el Caribe\u201d,&nbsp;<\/em>precis\u00f3 Pe\u00f1a.<\/p>\n\n\n\n<p>Puntualiz\u00f3 que&nbsp;<em>\u201cnuestra voluntad coincide con el objetivo del Banco de fomentar la integraci\u00f3n econ\u00f3mica y la cooperaci\u00f3n entre los pa\u00edses de la regi\u00f3n, promoviendo proyectos y programas que contribuyan al desarrollo econ\u00f3mico y social de sus pa\u00edses miembros. La Rep\u00fablica Dominicana es un pa\u00eds importante en esta tarea y un aliado estrat\u00e9gico para lograr estos objetivos\u201d.<\/em><\/p>\n\n\n\n<p>De su lado,&nbsp;<strong>el presidente ejecutivo del BCIE, Dr. Dante Mossi,<\/strong>&nbsp;manifest\u00f3 el importante rol que cumple el BCIE como la&nbsp;<strong>principal fuente de recursos para la regi\u00f3n<\/strong>, con una participaci\u00f3n cercana al&nbsp;<strong>50 % de los desembolsos recibidos&nbsp;<\/strong>por los pa\u00edses en los \u00faltimos&nbsp;<strong>17 a\u00f1os<\/strong>.<\/p>\n\n\n\n<p><em>\u201cLa solidez financiera del BCIE se deriva principalmente del trato de \u2018Acreedor Preferente\u2019 conferido por sus pa\u00edses socios y respaldado mediante su calificaci\u00f3n crediticia (AA), distingui\u00e9ndose como un emisor relevante en los mercados de capital con acceso permanente a recursos en condiciones competitivas\u201d,<\/em>&nbsp;indic\u00f3.<\/p>\n\n\n\n<p>A\u00f1adi\u00f3 que la relevancia de contar con un banco efectivo y oportuno como el BCIE en la regi\u00f3n se demuestra con las&nbsp;<strong>inversiones en desarrollo econ\u00f3mico y social que han podido realizar los pa\u00edses miembros a lo largo de 63 a\u00f1os de historia<\/strong>, las cuales hoy mejoran la calidad de vida de m\u00e1s de&nbsp;<strong>48 millones centroamericano<\/strong>s y que esperan seguir respaldando.<\/p>\n\n\n\n<p>Mientras que el gobernador representante de la Rep\u00fablica Dominicana ante el BCIE, el&nbsp;<strong>ministro de Hacienda, Jos\u00e9 Manuel Vicente<\/strong>, expres\u00f3 que&nbsp;<em>\u201cestos financiamientos contribuyen a los pilares de nuestra estrategia de manejo de la deuda, ya que incrementan la participaci\u00f3n de la banca multilateral, aprovechando los menores costos y aumentando la transparencia del gasto y la inversi\u00f3n\u201d.<\/em><\/p>\n\n\n\n<p>La ceremonia inaugural cont\u00f3 con<strong>&nbsp;Mar\u00eda del Carmen Bonilla<\/strong>, titular de la Unidad de Cr\u00e9dito P\u00fablico y Asuntos Internacionales de Hacienda, gobernadora por los Estados Unidos Mexicanos y presidente de la Asamblea de Gobernadores del BCIE, presente de manera virtual, y el director del BCIE para la Rep\u00fablica Dominicana,&nbsp;<strong>Hostos Rizik<\/strong>, entre otros.<\/p>\n\n\n\n<p>Se recuerda que en el 2022, el BCIE sum\u00f3 USD 4,290.0 millones en aprobaciones para proyectos y programas de desarrollo, mientras que hizo desembolsos por USD 2,163.9 millones con los que se financiar\u00e1n proyectos de energ\u00eda, carreteras, transporte ferroviario, salud y seguridad. Adem\u00e1s,&nbsp;<strong>para el 2023 visualiza aprobaciones por el orden de los USD 3,300.0 millones, y desembolsos por USD 2,050.2 millones<\/strong>, lo que permitir\u00e1 seguir promoviendo la&nbsp;<strong>integraci\u00f3n, competitividad y el desarrollo sostenible e inclusivo de la regi\u00f3n.<\/strong><\/p>\n","protected":false},"excerpt":{"rendered":"<p>Punta Cana.-&nbsp;La vicepresidenta de la Rep\u00fablica, Raquel Pe\u00f1a, encabez\u00f3 este viernes el inicio de la&nbsp;LXIII Asamblea de Gobernadores del Banco Centroamericano de Integraci\u00f3n Econ\u00f3mica (BCIE), en Punta Cana, que busca&hellip; <\/p>\n","protected":false},"author":2,"featured_media":3040,"comment_status":"open","ping_status":"open","sticky":false,"template":"","format":"standard","meta":{"fifu_image_url":"","fifu_image_alt":"","footnotes":""},"categories":[65],"tags":[],"class_list":["post-3039","post","type-post","status-publish","format-standard","has-post-thumbnail","hentry","category-politicas-sociales"],"_links":{"self":[{"href":"https:\/\/elmundodelapolitica.com\/v1\/wp-json\/wp\/v2\/posts\/3039","targetHints":{"allow":["GET"]}}],"collection":[{"href":"https:\/\/elmundodelapolitica.com\/v1\/wp-json\/wp\/v2\/posts"}],"about":[{"href":"https:\/\/elmundodelapolitica.com\/v1\/wp-json\/wp\/v2\/types\/post"}],"author":[{"embeddable":true,"href":"https:\/\/elmundodelapolitica.com\/v1\/wp-json\/wp\/v2\/users\/2"}],"replies":[{"embeddable":true,"href":"https:\/\/elmundodelapolitica.com\/v1\/wp-json\/wp\/v2\/comments?post=3039"}],"version-history":[{"count":1,"href":"https:\/\/elmundodelapolitica.com\/v1\/wp-json\/wp\/v2\/posts\/3039\/revisions"}],"predecessor-version":[{"id":3041,"href":"https:\/\/elmundodelapolitica.com\/v1\/wp-json\/wp\/v2\/posts\/3039\/revisions\/3041"}],"wp:featuredmedia":[{"embeddable":true,"href":"https:\/\/elmundodelapolitica.com\/v1\/wp-json\/wp\/v2\/media\/3040"}],"wp:attachment":[{"href":"https:\/\/elmundodelapolitica.com\/v1\/wp-json\/wp\/v2\/media?parent=3039"}],"wp:term":[{"taxonomy":"category","embeddable":true,"href":"https:\/\/elmundodelapolitica.com\/v1\/wp-json\/wp\/v2\/categories?post=3039"},{"taxonomy":"post_tag","embeddable":true,"href":"https:\/\/elmundodelapolitica.com\/v1\/wp-json\/wp\/v2\/tags?post=3039"}],"curies":[{"name":"wp","href":"https:\/\/api.w.org\/{rel}","templated":true}]}}