{"id":3024,"date":"2023-05-12T13:35:32","date_gmt":"2023-05-12T17:35:32","guid":{"rendered":"https:\/\/elmundodelapolitica.com\/v1\/?p=3024"},"modified":"2023-05-12T13:35:32","modified_gmt":"2023-05-12T17:35:32","slug":"codopyme-anuncia-expo-mipymes-2023-con-el-apoyo-del-infotep","status":"publish","type":"post","link":"https:\/\/elmundodelapolitica.com\/v1\/codopyme-anuncia-expo-mipymes-2023-con-el-apoyo-del-infotep\/","title":{"rendered":"CODOPYME anuncia Expo MIPYMES 2023 con el apoyo del INFOTEP"},"content":{"rendered":"<div>\n<p>Santo Domingo.- La Confederaci\u00f3n Dominicana de la Micro, Peque\u00f1a y Mediana Empresa\u00a0<strong>(CODOPYME)<\/strong>, con el apoyo del Instituto Nacional de Formaci\u00f3n T\u00e9cnico Profesional\u00a0<strong>(INFOTEP),<\/strong>\u00a0anunci\u00f3 la celebraci\u00f3n de la feria\u00a0<strong>Expo MIPYMES 2023<\/strong>, cuyo objetivo es promover la\u00a0<strong>capacidad manufacturera, industrial y comercial de los sectores productivos nacionales.<\/strong><\/p>\n<figure class=\"wp-block-image size-large\"><img loading=\"lazy\" data-attachment-id=\"27988\" data-permalink=\"https:\/\/elmundodelosnegocios.com.do\/v1\/index.php\/2023\/05\/12\/codopyme-anuncia-expo-mipymes-2023-con-el-apoyo-del-infotep\/6-80\/\" data-orig-file=\"https:\/\/i0.wp.com\/elmundodelosnegocios.com.do\/v1\/wp-content\/uploads\/2023\/05\/6.jpeg?fit=1300%2C731&amp;ssl=1\" data-orig-size=\"1300,731\" data-comments-opened=\"0\" data-image-meta='{\"aperture\":\"0\",\"credit\":\"\",\"camera\":\"\",\"caption\":\"\",\"created_timestamp\":\"0\",\"copyright\":\"\",\"focal_length\":\"0\",\"iso\":\"0\",\"shutter_speed\":\"0\",\"title\":\"\",\"orientation\":\"0\"}' data-image-title=\"6\" data-image-description=\"\" data-image-caption=\"\" data-medium-file=\"https:\/\/i0.wp.com\/elmundodelosnegocios.com.do\/v1\/wp-content\/uploads\/2023\/05\/6.jpeg?fit=300%2C169&amp;ssl=1\" data-large-file=\"https:\/\/i0.wp.com\/elmundodelosnegocios.com.do\/v1\/wp-content\/uploads\/2023\/05\/6.jpeg?fit=1024%2C576&amp;ssl=1\" decoding=\"async\" width=\"1110\" height=\"624\" src=\"https:\/\/i0.wp.com\/elmundodelosnegocios.com.do\/v1\/wp-content\/uploads\/2023\/05\/6-1024x576.jpeg?resize=1110,624&amp;ssl=1\" alt=\"\" class=\"wp-image-27988\" srcset=\"https:\/\/i0.wp.com\/elmundodelosnegocios.com.do\/v1\/wp-content\/uploads\/2023\/05\/6.jpeg?resize=1024%2C576&amp;ssl=1 1024w, https:\/\/i0.wp.com\/elmundodelosnegocios.com.do\/v1\/wp-content\/uploads\/2023\/05\/6.jpeg?resize=300%2C169&amp;ssl=1 300w, https:\/\/i0.wp.com\/elmundodelosnegocios.com.do\/v1\/wp-content\/uploads\/2023\/05\/6.jpeg?resize=768%2C432&amp;ssl=1 768w, https:\/\/i0.wp.com\/elmundodelosnegocios.com.do\/v1\/wp-content\/uploads\/2023\/05\/6.jpeg?w=1300&amp;ssl=1 1300w\" sizes=\"auto, (max-width: 1110px) 100vw, 1110px\" data-recalc-dims=\"1\"><\/figure>\n<p>El presidente de CODOPYME,\u00a0<strong>Luis Miura<\/strong>, calific\u00f3 la feria, que se llevar\u00e1 a cabo en el mes de noviembre, como una oportunidad para fortalecer, unir y potenciar a las mipymes, consideradas el\u00a0<strong>sector econ\u00f3mico m\u00e1s grande del pa\u00eds y el motor que impulsa el desarrollo.<\/strong><\/p>\n<p><em>\u201cQueremos que sea una ventana de oportunidades para que puedan mostrar su actividad emprendedora y dar a conocer propuestas innovadoras que muchas veces son desconocidas\u201d<\/em>\u00a0expres\u00f3 Miura.<\/p>\n<figure class=\"wp-block-image\"><img decoding=\"async\" src=\"https:\/\/i0.wp.com\/presidencia.gob.do\/sites\/default\/files\/content\/B8481090-6B5C-4542-97C7-B272B30E105C.jpeg?w=1110&amp;ssl=1\" alt=\"\" data-recalc-dims=\"1\"><\/figure>\n<p>El director general del INFOTEP,\u00a0<strong>Rafael Santos Bad\u00eda<\/strong>, al encabezar, junto a Miura, la rueda de prensa de lanzamiento de la feria Expo MIPYMES 2023, destac\u00f3 la importancia que reviste\u00a0<strong>el rol de las micro, peque\u00f1as y medianas empresas<\/strong>,\u00a0<strong>en la estructuraci\u00f3n de una econom\u00eda fuerte, diversa, plural y resiliente<\/strong>, ya que consolidan a la m\u00e1s amplia base de la poblaci\u00f3n y crean bienestar general.<\/p>\n<p><em>\u201cEl pa\u00eds tiene en las mipymes una oportunidad de desarrollo y crecimiento econ\u00f3mico con rostro humano, progreso y bienestar para la naci\u00f3n y esta feria es una muestra de lo que podemos hacer juntos cuando se ponen los intereses de la naci\u00f3n en primer lugar\u201d,\u00a0<\/em>expres\u00f3 Santos Bad\u00eda.<\/p>\n<p>Expo MIPYMES 2023 contar\u00e1 con una serie de exposiciones que buscan, sobre todo, dar a conocer los\u00a0<strong>cientos de actividades econ\u00f3micas que llevan a cabo las micro, peque\u00f1as y medianas empresas<\/strong>\u00a0en beneficio de la econom\u00eda nacional.<\/p>\n<p>En el marco de la feria se llevar\u00e1n a cabo\u00a0<strong>ruedas de negocios, charlas, talleres y conferencias<\/strong>\u00a0dirigidas a todos los actores involucrados con esos sectores y a los interesados en el mundo empresarial.<\/p>\n<p>Tambi\u00e9n estar\u00e1n presentes las instituciones del sector p\u00fablico necesarias para incentivar a que las mipymes cuenten con la\u00a0<strong>debida formalizaci\u00f3n y permisos requeridos para su operaci\u00f3n.<\/strong><\/p>\n<p>Los participantes y visitantes de la feria contar\u00e1n con\u00a0<strong>muestras en vivo de procesos de producci\u00f3n y exhibici\u00f3n de productos<\/strong>, todo esto en busca de mostrar el potencial de las mipymes distribuidas en todo el pa\u00eds.<\/p>\n<p>Estas juegan un papel de gran importancia en la econom\u00eda nacional, pues generan m\u00e1s de dos millones de empleos, cifra equivalente al\u00a0<strong>54.4 % de la poblaci\u00f3n ocupada, y aportan al PIB un 38.6 %.<\/strong><\/p>\n<p>CODOPYME est\u00e1 compuesta por\u00a0<strong>unas 39 asociaciones\u00a0<\/strong>que integran las micro, peque\u00f1as y medianas empresas de los diferentes sectores productivos nacionales, las cuales cuentan con\u00a0<strong>m\u00e1s de 96,000 miembros asociados en todo el territorio nacional.<\/strong><\/p>\n<p><strong>Acciones del INFOTEP en favor de las mipymes<\/strong><\/p>\n<p>Desde agosto de 2020 hasta marzo 2023, el INFOTEP ha atendido las necesidades de capacitaci\u00f3n y asesor\u00eda de\u00a0<strong>4,667 peque\u00f1as y medianas empresas<\/strong>, de las cuales 2,538 corresponden a empresas peque\u00f1as y 2,129 medianas empresas.<\/p>\n<p>El INFOTEP est\u00e1 inmerso en priorizar los\u00a0<strong>programas de capacitaci\u00f3n destinados a la transformaci\u00f3n digital de las mipymes<\/strong>\u00a0y para lograrlo est\u00e1 ejecutando un gran plan de capacitaci\u00f3n de cara a la\u00a0<strong>Revoluci\u00f3n 4.0.<\/strong><\/p>\n<p>Este gran proyecto est\u00e1 establecido en su\u00a0<strong>Plan Estrat\u00e9gico<\/strong>\u00a0y tiene como aspecto fundamental, adem\u00e1s de apoyar la transformaci\u00f3n digital, incentivar el\u00a0<strong>fortalecimiento de las capacidades y modelos de esos negocio<\/strong>s, que son pilar importante de nuestra econom\u00eda.<\/p>\n<p>Recientemente el INFOTEP junto al Consejo Nacional de Promoci\u00f3n y Apoyo a la Micro, Peque\u00f1a y Mediana Empresa (PROMIPYME), lanz\u00f3 el programa\u00a0<strong>\u201cInnova Emprende\u201d,\u00a0<\/strong>a trav\u00e9s del cual se proponen convertir en peque\u00f1os empresarios a los creadores de\u00a0<strong>36 proyectos innovadores<\/strong>\u00a0que participaron en la feria\u00a0<strong>INNOVATEP 2023.<\/strong><\/p>\n<\/div>\n","protected":false},"excerpt":{"rendered":"<p>Santo Domingo.- La Confederaci\u00f3n Dominicana de la Micro, Peque\u00f1a y Mediana Empresa\u00a0(CODOPYME), con el apoyo del Instituto Nacional de Formaci\u00f3n T\u00e9cnico Profesional\u00a0(INFOTEP),\u00a0anunci\u00f3 la celebraci\u00f3n de la feria\u00a0Expo MIPYMES 2023, cuyo&hellip; <\/p>\n","protected":false},"author":2,"featured_media":3025,"comment_status":"closed","ping_status":"closed","sticky":false,"template":"","format":"standard","meta":{"fifu_image_url":"https:\/\/i0.wp.com\/elmundodelosnegocios.com.do\/v1\/wp-content\/uploads\/2023\/05\/6-1024x576.jpeg?resize=1110,624&ssl=1","fifu_image_alt":"CODOPYME anuncia Expo MIPYMES 2023 con el apoyo del INFOTEP","footnotes":""},"categories":[63],"tags":[],"class_list":["post-3024","post","type-post","status-publish","format-standard","has-post-thumbnail","hentry","category-actualidad"],"_links":{"self":[{"href":"https:\/\/elmundodelapolitica.com\/v1\/wp-json\/wp\/v2\/posts\/3024","targetHints":{"allow":["GET"]}}],"collection":[{"href":"https:\/\/elmundodelapolitica.com\/v1\/wp-json\/wp\/v2\/posts"}],"about":[{"href":"https:\/\/elmundodelapolitica.com\/v1\/wp-json\/wp\/v2\/types\/post"}],"author":[{"embeddable":true,"href":"https:\/\/elmundodelapolitica.com\/v1\/wp-json\/wp\/v2\/users\/2"}],"replies":[{"embeddable":true,"href":"https:\/\/elmundodelapolitica.com\/v1\/wp-json\/wp\/v2\/comments?post=3024"}],"version-history":[{"count":0,"href":"https:\/\/elmundodelapolitica.com\/v1\/wp-json\/wp\/v2\/posts\/3024\/revisions"}],"wp:featuredmedia":[{"embeddable":true,"href":"https:\/\/elmundodelapolitica.com\/v1\/wp-json\/wp\/v2\/media\/3025"}],"wp:attachment":[{"href":"https:\/\/elmundodelapolitica.com\/v1\/wp-json\/wp\/v2\/media?parent=3024"}],"wp:term":[{"taxonomy":"category","embeddable":true,"href":"https:\/\/elmundodelapolitica.com\/v1\/wp-json\/wp\/v2\/categories?post=3024"},{"taxonomy":"post_tag","embeddable":true,"href":"https:\/\/elmundodelapolitica.com\/v1\/wp-json\/wp\/v2\/tags?post=3024"}],"curies":[{"name":"wp","href":"https:\/\/api.w.org\/{rel}","templated":true}]}}