{"id":3019,"date":"2023-05-12T12:47:57","date_gmt":"2023-05-12T16:47:57","guid":{"rendered":"https:\/\/elmundodelapolitica.com\/v1\/?p=3019"},"modified":"2023-05-12T12:47:59","modified_gmt":"2023-05-12T16:47:59","slug":"canciller-alvarez-llama-a-la-asociacion-de-estados-del-caribe-a-declarar-el-afloramiento-del-sargazo-como-una-emergencia-regional","status":"publish","type":"post","link":"https:\/\/elmundodelapolitica.com\/v1\/canciller-alvarez-llama-a-la-asociacion-de-estados-del-caribe-a-declarar-el-afloramiento-del-sargazo-como-una-emergencia-regional\/","title":{"rendered":"Canciller \u00c1lvarez llama a la Asociaci\u00f3n de Estados del Caribe a declarar el afloramiento del sargazo como una emergencia regional"},"content":{"rendered":"\n<p>Antigua, Guatemala.- El ministro de Relaciones Exteriores de Rep\u00fablica Dominicana, Roberto \u00c1lvarez, extendi\u00f3 a la Asociaci\u00f3n de Estados del Caribe (AEC) el llamado hecho por el presidente Luis Abinader el pasado mes de abril, para declarar el afloramiento descontrolado del sargazo como una emergencia regional, en virtud de que el organismo cuenta con la estructura legal, institucional y t\u00e9cnica para acoger las iniciativas regionales que se adopten para enfrentar este problema.<\/p>\n\n\n\n<p>\u201cEste a\u00f1o es el m\u00e1s severo en la historia del Gran Caribe. En algunos pa\u00edses el aumento del sargazo ha superado el 60 %, comparado con el a\u00f1o anterior. Hay que reconocerlo como lo que es: una plaga que asfixia a los ecosistemas y destruye fuentes leg\u00edtimas de nuestras econom\u00edas\u201d, sostuvo el canciller dominicano durante su participaci\u00f3n en XXVIII Reuni\u00f3n Ordinaria del Consejo de Ministros de la AEC realizada en la ciudad de Antigua, Guatemala.<\/p>\n\n\n\n<p>Este llamado se incluy\u00f3 en la Declaraci\u00f3n de La Antigua, que ser\u00e1 firmada en la IX Cumbre de Jefes de Estado y\/o de Gobierno de la AEC, mediante el p\u00e1rrafo que cita: \u201cResaltamos la urgencia de declarar como una emergencia la crisis del sargazo asociado a la crisis clim\u00e1tica y al impacto de las actividades del hombre que afecta toda la regi\u00f3n del Gran Caribe por representar una amenaza para el desarrollo econ\u00f3mico, social y cultural, en particular las actividades de turismo, pesca, salud y cultura de la poblaci\u00f3n, as\u00ed como la sostenibilidad de la biodiversidad marina y la establilidad de los ecosistemas marinos y costeros\u201d.<\/p>\n\n\n\n<p>Rep\u00fablica Dominicana obtuvo para el per\u00edodo del 2023 al 2024 los cargos, dentro de la AEC, de la Vicepresidencia de la Mesa Directiva del Consejo de Ministros y la Vicepresidencia del Comit\u00e9 Especial de Comercio y Relaciones Econ\u00f3micas Externas, confirmando de esta forma su liderazgo en la regi\u00f3n y hermandad con los pueblos del Gran Caribe.<\/p>\n\n\n\n<p>En esta reuni\u00f3n, el canciller estuvo acompa\u00f1ado del viceministro para Asuntos Econ\u00f3micos y Cooperaci\u00f3n Internacional, Hugo Francisco Rivera; la directora de Integraci\u00f3n Comercial, Carmen Elena Ibarra; y la embajadora dominicana en Guatemala, Sara Paulino.<\/p>\n\n\n\n<p>En el marco de este encuentro, el ministro \u00c1lvarez sostuvo reuniones bilaterales con sus hom\u00f3logos de Corea del Sur, Park Jin; de Ucrania, Dmytro Kuleba, y de Guatemala, Mario B\u00facaro, con quien adem\u00e1s firm\u00f3 el \u201cAcuerdo de Cooperaci\u00f3n Acad\u00e9mica entre el Ministerio de Relaciones Exteriores de la Rep\u00fablica Dominicana y el Ministerio de Relaciones Exteriores de la Rep\u00fablica de Guatemala\u201d.<\/p>\n\n\n\n<p>Adem\u00e1s, sostuvo una conversaci\u00f3n con los cancilleres de Panam\u00e1 y Costa Rica, Janaina Tewaney Mencomo y Arnoldo Andr\u00e9 Tinoco, respectivamente, con quienes Rep\u00fablica Dominicana y Ecuador forman la Alianza para el Desarrollo en Democracia (ADD). Asimismo, \u00c1lvarez convers\u00f3 con Patricia Telle, segunda vicepresidenta de la Asamblea de Martinica.<\/p>\n\n\n\n<p>Durante su visita a Guatemala, el diplom\u00e1tico dominicano participar\u00e1 este viernes en la IX Cumbre de Jefes de Estado y\/o de Gobierno de la AEC, en representaci\u00f3n del presidente Luis Abinader, encuentro que ser\u00e1 encabezado por el mandatario guatemalteco, Alejandro Giammattei, bajo el lema \u00abInnovando la integraci\u00f3n a trav\u00e9s del desarrollo sostenible del Gran Caribe\u00bb.<\/p>\n","protected":false},"excerpt":{"rendered":"<p>Antigua, Guatemala.- El ministro de Relaciones Exteriores de Rep\u00fablica Dominicana, Roberto \u00c1lvarez, extendi\u00f3 a la Asociaci\u00f3n de Estados del Caribe (AEC) el llamado hecho por el presidente Luis Abinader el&hellip; <\/p>\n","protected":false},"author":2,"featured_media":3020,"comment_status":"open","ping_status":"open","sticky":false,"template":"","format":"standard","meta":{"fifu_image_url":"","fifu_image_alt":"","footnotes":""},"categories":[54],"tags":[],"class_list":["post-3019","post","type-post","status-publish","format-standard","has-post-thumbnail","hentry","category-politica_exterior"],"_links":{"self":[{"href":"https:\/\/elmundodelapolitica.com\/v1\/wp-json\/wp\/v2\/posts\/3019","targetHints":{"allow":["GET"]}}],"collection":[{"href":"https:\/\/elmundodelapolitica.com\/v1\/wp-json\/wp\/v2\/posts"}],"about":[{"href":"https:\/\/elmundodelapolitica.com\/v1\/wp-json\/wp\/v2\/types\/post"}],"author":[{"embeddable":true,"href":"https:\/\/elmundodelapolitica.com\/v1\/wp-json\/wp\/v2\/users\/2"}],"replies":[{"embeddable":true,"href":"https:\/\/elmundodelapolitica.com\/v1\/wp-json\/wp\/v2\/comments?post=3019"}],"version-history":[{"count":1,"href":"https:\/\/elmundodelapolitica.com\/v1\/wp-json\/wp\/v2\/posts\/3019\/revisions"}],"predecessor-version":[{"id":3021,"href":"https:\/\/elmundodelapolitica.com\/v1\/wp-json\/wp\/v2\/posts\/3019\/revisions\/3021"}],"wp:featuredmedia":[{"embeddable":true,"href":"https:\/\/elmundodelapolitica.com\/v1\/wp-json\/wp\/v2\/media\/3020"}],"wp:attachment":[{"href":"https:\/\/elmundodelapolitica.com\/v1\/wp-json\/wp\/v2\/media?parent=3019"}],"wp:term":[{"taxonomy":"category","embeddable":true,"href":"https:\/\/elmundodelapolitica.com\/v1\/wp-json\/wp\/v2\/categories?post=3019"},{"taxonomy":"post_tag","embeddable":true,"href":"https:\/\/elmundodelapolitica.com\/v1\/wp-json\/wp\/v2\/tags?post=3019"}],"curies":[{"name":"wp","href":"https:\/\/api.w.org\/{rel}","templated":true}]}}