{"id":3008,"date":"2023-05-11T17:19:02","date_gmt":"2023-05-11T21:19:02","guid":{"rendered":"https:\/\/elmundodelapolitica.com\/v1\/?p=3008"},"modified":"2023-05-11T17:19:04","modified_gmt":"2023-05-11T21:19:04","slug":"presidente-advierte-no-se-flexibilizaran-medidas-de-transparencia-y-auditorias-en-tiempos-de-elecciones","status":"publish","type":"post","link":"https:\/\/elmundodelapolitica.com\/v1\/presidente-advierte-no-se-flexibilizaran-medidas-de-transparencia-y-auditorias-en-tiempos-de-elecciones\/","title":{"rendered":"Presidente advierte no se flexibilizar\u00e1n medidas de transparencia y auditor\u00edas en tiempos de elecciones"},"content":{"rendered":"\n<p>Santo Domingo.-&nbsp;<strong>El presidente Luis Abinader<\/strong>&nbsp;encabez\u00f3 este jueves la puesta en marcha de la implementaci\u00f3n del Sistema \u00danico de Gesti\u00f3n de Pagos<strong>&nbsp;(SUGEP)&nbsp;<\/strong>y el \u00cdndice del Control Interno<strong>&nbsp;(ICI)<\/strong>, de la&nbsp;<strong>Contralor\u00eda General de la Rep\u00fablica<\/strong>, donde advirti\u00f3 que aunque en el pa\u00eds al acercarse las elecciones y las actividades pol\u00edticas,&nbsp;<strong>el Gobierno tradicionalmente se flexibilizaba, en este caso de su gesti\u00f3n va a ser lo contrario.<\/strong><\/p>\n\n\n\n<figure class=\"wp-block-image\"><img decoding=\"async\" src=\"https:\/\/presidencia.gob.do\/sites\/default\/files\/content\/a0b4b2a5-ac96-420a-bc10-a552c9ca6bd4.jpeg\" alt=\"\"\/><\/figure>\n\n\n\n<p><em>\u201cLas instituciones del Gobierno y el presidente vamos a estar cada vez m\u00e1s atentos para que en estos momentos se garantice mayor control, en lo que viene de aqu\u00ed hasta las elecciones y se garantice en mucha mayor medida la transparencia, el control y las auditor\u00edas\u201d,&nbsp;<\/em>asegur\u00f3.<\/p>\n\n\n\n<p>Y agreg\u00f3:&nbsp;<em>\u201cLa transparencia y la \u00e9tica es innegociable en este gobierno y es la mejor pol\u00edtica que se puede hacer y quiero que eso quede muy claro en cada una de las instituciones del gobierno. La mejor pol\u00edtica que se puede hacer es la transparencia\u201d,<\/em>&nbsp;enfatiz\u00f3 el presidente Abinader.<\/p>\n\n\n\n<p>Destac\u00f3 que este es un paso a favor de la transparencia, pero tambi\u00e9n de la eficiencia y que con el&nbsp;<strong>Sistema \u00danico de Gesti\u00f3n de Pagos (SUGEP)<\/strong>&nbsp;el Gobierno est\u00e1 facilitando el control y tambi\u00e9n la transparencia, que es fundamental y es un sello,<em>&nbsp;\u201cy que tiene que ser un sello de esta administraci\u00f3n\u201d.<\/em><\/p>\n\n\n\n<p>Recalc\u00f3 que en estos momentos lo mejor que se le puede exhibir al pueblo dominicano,&nbsp;<strong>la mejor carta de referencia, es la transparencia, la honestidad, y que eso va acompa\u00f1ado tambi\u00e9n de la eficiencia.<\/strong><\/p>\n\n\n\n<p>Afirm\u00f3 que a pesar de los problemas econ\u00f3micos internacionales que actualmente existen, se puede ver que&nbsp;<strong>los recursos est\u00e1n siendo ejecutados e invertidos de la mejor manera.<\/strong><\/p>\n\n\n\n<figure class=\"wp-block-image\"><img decoding=\"async\" src=\"https:\/\/presidencia.gob.do\/sites\/default\/files\/content\/0fc0230f-5ace-444d-955b-9a0f57d20de7.jpeg\" alt=\"\"\/><\/figure>\n\n\n\n<p>Indic\u00f3 que se debe apoyar a la Contralor\u00eda, el trabajo de control, el cual ahora se har\u00e1 m\u00e1s eficiente y as\u00ed contar con un Gobierno donde&nbsp;<strong>todos los colaboradores se vean en un espejo y sus familias e hijos se sientan orgullosos de su paso por el mismo<\/strong>.<\/p>\n\n\n\n<p>El gobernante felicit\u00f3 al equipo de trabajo de la Contralor\u00eda General de la Rep\u00fablica y destac\u00f3 que su apoyo total y decidido es fundamental para ejercer&nbsp;<strong>la auditor\u00eda interna del Gobierno y la fiscalizaci\u00f3n<\/strong>, lo cual permita que el dinero de los contribuyentes se utilice de manera transparente y eficiente.<\/p>\n\n\n\n<p><em>\u201cEstamos devolviendo a la Contralor\u00eda su funci\u00f3n original de control, auditor\u00eda y prevenci\u00f3n como organismo interno del Gobierno\u201d,&nbsp;<\/em>resalt\u00f3 el presidente Abinader.<\/p>\n\n\n\n<p>En ese sentido, expuso que ya&nbsp;<strong>tienen lista una parte importante de las auditor\u00edas de la Administraci\u00f3n P\u00fablica&nbsp;<\/strong>y que la Contralor\u00eda ha interactuado con los diferentes funcionarios, de manera que puedan corregir las fallas de control o de sistema y que en&nbsp;<strong>en cada uno de los casos se han tomado las medidas pertinentes y directamente proporcionales a los hallazgos.<\/strong><\/p>\n\n\n\n<p>Dijo, adem\u00e1s, que ya se est\u00e1 en coordinaci\u00f3n con las diferentes instituciones, de tal manera que sus documentos se puedan publicar en los pr\u00f3ximos meses, para que&nbsp;<strong>el pueblo dominicano conozca c\u00f3mo se est\u00e1n invirtiendo sus recursos en cada una de las instituciones.<\/strong><\/p>\n\n\n\n<p><strong>Menos tiempo y con mayor transparencia<\/strong><\/p>\n\n\n\n<p>Con la implementaci\u00f3n de estos sistemas, las instituciones del Estado podr\u00e1n realizar los procesos de&nbsp;<strong>registros de contratos y la firma de libramientos con alta calidad, de forma totalmente automatizada, en menos tiempo y con mayor transparencia.<\/strong><\/p>\n\n\n\n<p>De su lado,&nbsp;<strong>el contralor general de la Rep\u00fablica, F\u00e9lix Santana<\/strong>, ofreci\u00f3 detalles sobre el nuevo sistema ante representantes de&nbsp;<strong>m\u00e1s de 150 instituciones p\u00fablicas<\/strong>, las cuales, desde ahora, podr\u00e1n dar seguimiento en tiempo real a la ruta de los tr\u00e1mites de&nbsp;<strong>sus propuestas de \u00f3rdenes de pagos<\/strong>, desde que inicie el proceso en las respectivas&nbsp;<strong>Unidades de Auditor\u00eda Interna de la Contraloria&nbsp;<\/strong>hasta su aprobaci\u00f3n, rechazo o requerimiento de informaci\u00f3n.<\/p>\n\n\n\n<p>El SUGEP es una herramienta \u00fanica para tramitar y validar las \u00f3rdenes de pagos en todas sus modalidades, con lo que&nbsp;<strong>se reducir\u00e1 de tres a un d\u00eda el proceso<\/strong>&nbsp;de las mismas.<\/p>\n\n\n\n<p>Santana sostuvo que el SUGEP facilitar\u00e1 la labor de los auditores, al permitirles un&nbsp;<strong>mayor control y reducci\u00f3n de irregularidades<\/strong>&nbsp;y garantizar el cumplimiento de los objetivos primordiales del presidente Abinader Corona:&nbsp;<strong>transparencia, burocracia 0, rendici\u00f3n de cuentas y pulcritud<\/strong>.<\/p>\n\n\n\n<p>Expres\u00f3, adem\u00e1s, que esta plataforma, robusta y amigable, viabiliza los cambios en funci\u00f3n de las necesidades del momento, el control interno y la comprobaci\u00f3n del balance de los contratos, libramientos de fondos y \u00f3rdenes de compras.&nbsp;<strong>Facilita la interconexi\u00f3n con otros organismos gubernamentales,<\/strong>&nbsp;como: la Direcci\u00f3n General de Impuestos Internos&nbsp;<strong>(DGII)<\/strong>, Compras y Contrataciones, Tesorer\u00eda de la Seguridad Social&nbsp;<strong>(TSS)<\/strong>&nbsp;y el Sistema de Informaci\u00f3n de la Gesti\u00f3n Financiera&nbsp;<strong>(SIGEF)<\/strong>.<\/p>\n\n\n\n<p><strong>\u00cdndice de Control Interno (ICI)<\/strong><\/p>\n\n\n\n<p>En el mismo acto, la Contralor\u00eda tambi\u00e9n oficializ\u00f3 el \u00cdndice de Control Interno, una m\u00e9trica que permite valorar un conjunto de dimensiones asociadas&nbsp;<strong>al nivel de cumplimiento<\/strong>&nbsp;del control interno de las instituciones, bajo el alcance de la<strong>&nbsp;Ley Org\u00e1nica de la Contralor\u00eda (10-07).<\/strong><\/p>\n\n\n\n<p>Seg\u00fan explic\u00f3 el contralor Santana, el ICI posibilita monitorear y promover el cumplimiento de las normativas m\u00e1s relevantes, relacionadas con los&nbsp;<strong>controles internos en la gesti\u00f3n de los recursos p\u00fablicos.<\/strong><\/p>\n\n\n\n<p>Igualmente, ayuda a evaluar el dise\u00f1o, el mantenimiento y la aplicaci\u00f3n de la&nbsp;<strong>documentaci\u00f3n que sirve como sustento<\/strong>&nbsp;del sistema de control interno de las instituciones bajo el alcance legal de la Contralor\u00eda General de la Rep\u00fablica.<\/p>\n\n\n\n<p>Asimismo, con el ICI se puede promover la generaci\u00f3n de&nbsp;<strong>evidencias formales<\/strong>, alineadas a las normativas vigentes y aplicables, que permitan sustentar la ejecuci\u00f3n de los controles internos en las instituciones estatales.&nbsp;<em>\"Por su optimismo, tes\u00f3n y racionalidad en el gasto p\u00fablico, nuestro presidente ha logrado avances significativos en obras civiles, agropecuarias, pol\u00edticas fiscales y monetarias, educaci\u00f3n, vivienda, as\u00ed como tambi\u00e9n en la organizaci\u00f3n y modernizaci\u00f3n del Estado\",<\/em>&nbsp;precis\u00f3 Santana Garc\u00eda.<\/p>\n\n\n\n<p>Asistieron al acto, el ministro de Interior y Polic\u00eda, Jes\u00fas \u201cChu\u201d Vasquez; de la Mujer, Mayra Jim\u00e9nez, y de Energ\u00eda y Minas, Antonio Almonte.<\/p>\n\n\n\n<p>Tambi\u00e9n, el presidente de la Direcci\u00f3n Nacional de Control de Drogas (DNCD), contraalmirante Jos\u00e9 M. Cabrera Ulloa; el director de Aduanas, Eduardo Sanz Lovat\u00f3n; de Presupuesto, Jos\u00e9 Rijo Presbot; de la OPRET, Rafael Santos; de Compras y Contrataciones, Carlos Pimentel; de la DIDA, Carolina Serrata; de PROMESE\/CAL, Adolfo P\u00e9rez; de Bienes Nacionales, Rafael Burgos, y de PROMIPYME, Porfirio Peralta.<\/p>\n\n\n\n<p>Adem\u00e1s, la superintendente de Seguros, Josefa Castillo; el rector del Instituto T\u00e9cnico Superior Comunitario (ITSC), Pedro Antonio Quezada, y el Presidente de la Comisi\u00f3n para el Desarrollo Barrial, Rolfi Rojas.<\/p>\n","protected":false},"excerpt":{"rendered":"<p>Santo Domingo.-&nbsp;El presidente Luis Abinader&nbsp;encabez\u00f3 este jueves la puesta en marcha de la implementaci\u00f3n del Sistema \u00danico de Gesti\u00f3n de Pagos&nbsp;(SUGEP)&nbsp;y el \u00cdndice del Control Interno&nbsp;(ICI), de la&nbsp;Contralor\u00eda General de&hellip; <\/p>\n","protected":false},"author":2,"featured_media":3009,"comment_status":"open","ping_status":"open","sticky":false,"template":"","format":"standard","meta":{"fifu_image_url":"","fifu_image_alt":"","footnotes":""},"categories":[63],"tags":[],"class_list":["post-3008","post","type-post","status-publish","format-standard","has-post-thumbnail","hentry","category-actualidad"],"_links":{"self":[{"href":"https:\/\/elmundodelapolitica.com\/v1\/wp-json\/wp\/v2\/posts\/3008","targetHints":{"allow":["GET"]}}],"collection":[{"href":"https:\/\/elmundodelapolitica.com\/v1\/wp-json\/wp\/v2\/posts"}],"about":[{"href":"https:\/\/elmundodelapolitica.com\/v1\/wp-json\/wp\/v2\/types\/post"}],"author":[{"embeddable":true,"href":"https:\/\/elmundodelapolitica.com\/v1\/wp-json\/wp\/v2\/users\/2"}],"replies":[{"embeddable":true,"href":"https:\/\/elmundodelapolitica.com\/v1\/wp-json\/wp\/v2\/comments?post=3008"}],"version-history":[{"count":1,"href":"https:\/\/elmundodelapolitica.com\/v1\/wp-json\/wp\/v2\/posts\/3008\/revisions"}],"predecessor-version":[{"id":3010,"href":"https:\/\/elmundodelapolitica.com\/v1\/wp-json\/wp\/v2\/posts\/3008\/revisions\/3010"}],"wp:featuredmedia":[{"embeddable":true,"href":"https:\/\/elmundodelapolitica.com\/v1\/wp-json\/wp\/v2\/media\/3009"}],"wp:attachment":[{"href":"https:\/\/elmundodelapolitica.com\/v1\/wp-json\/wp\/v2\/media?parent=3008"}],"wp:term":[{"taxonomy":"category","embeddable":true,"href":"https:\/\/elmundodelapolitica.com\/v1\/wp-json\/wp\/v2\/categories?post=3008"},{"taxonomy":"post_tag","embeddable":true,"href":"https:\/\/elmundodelapolitica.com\/v1\/wp-json\/wp\/v2\/tags?post=3008"}],"curies":[{"name":"wp","href":"https:\/\/api.w.org\/{rel}","templated":true}]}}