{"id":299,"date":"2022-05-23T12:09:07","date_gmt":"2022-05-23T16:09:07","guid":{"rendered":"http:\/\/www.elmundodelapolitica.com\/v2\/?p=25395"},"modified":"2022-09-26T10:28:26","modified_gmt":"2022-09-26T14:28:26","slug":"de-camps-garcia-juramenta-1500-miembros-prsd-en-provincia-santo-domingo","status":"publish","type":"post","link":"https:\/\/elmundodelapolitica.com\/v1\/de-camps-garcia-juramenta-1500-miembros-prsd-en-provincia-santo-domingo\/","title":{"rendered":"De Camps Garc\u00eda juramenta 1500 miembros PRSD en provincia Santo Domingo"},"content":{"rendered":"\n<p>Provincia Santo Domingo. Mayo 22, 2022.- El Partido Revolucionario Social Dem\u00f3crata (PRSD) jurament\u00f3 este s\u00e1bado cerca de 1,500 nuevos miembros que pertenecen a la plataforma \u201cAseg\u00farate\u201d que preside Richard P\u00e9rez.<\/p>\n\n\n\n<p>Esta juramentaci\u00f3n se produce en un momento en que el PRSD se encuentra en los preparativos de su congreso que ser\u00e1 celebrado este a\u00f1o. Junto a esta, se han ido desarrollando una serie de encuentros en todo el pa\u00eds tendentes a organizar a nuevos miembros en dicha organizaci\u00f3n.<\/p>\n\n\n\n<figure class=\"wp-block-gallery columns-2 is-cropped wp-block-gallery-1 is-layout-flex wp-block-gallery-is-layout-flex\"><ul class=\"blocks-gallery-grid\"><li class=\"blocks-gallery-item\"><figure><a href=\"http:\/\/www.elmundodelapolitica.com\/v2\/wp-content\/uploads\/2022\/05\/000-20220522-WA0028.jpg\"><img decoding=\"async\" src=\"http:\/\/www.elmundodelapolitica.com\/v2\/wp-content\/uploads\/2022\/05\/000-20220522-WA0028-1024x577.jpg\" alt=\"\" data-id=\"25396\" data-full-url=\"http:\/\/www.elmundodelapolitica.com\/v2\/wp-content\/uploads\/2022\/05\/000-20220522-WA0028.jpg\" data-link=\"http:\/\/www.elmundodelapolitica.com\/v2\/?attachment_id=25396\" class=\"wp-image-25396\"\/><\/a><\/figure><\/li><li class=\"blocks-gallery-item\"><figure><a href=\"http:\/\/www.elmundodelapolitica.com\/v2\/wp-content\/uploads\/2022\/05\/000-20220522-WA0032.jpg\"><img decoding=\"async\" src=\"http:\/\/www.elmundodelapolitica.com\/v2\/wp-content\/uploads\/2022\/05\/000-20220522-WA0032-1024x576.jpg\" alt=\"\" data-id=\"25397\" data-full-url=\"http:\/\/www.elmundodelapolitica.com\/v2\/wp-content\/uploads\/2022\/05\/000-20220522-WA0032.jpg\" data-link=\"http:\/\/www.elmundodelapolitica.com\/v2\/?attachment_id=25397\" class=\"wp-image-25397\"\/><\/a><\/figure><\/li><\/ul><\/figure>\n\n\n\n<p>Richard P\u00e9rez expres\u00f3 \u201cAhora al proyecto Aseg\u00farate le toca un momento y decisi\u00f3n hist\u00f3rica. Aseg\u00farate que es en\u00e9rgico, fuerte, trabajador, noble y protege a su gente como el Partido Revolucionario Social Dem\u00f3crata y por eso hoy asumimos estar al lado de este partido, el del toro\u201d.<\/p>\n\n\n\n<p>Por su parte, el licenciado Luis Miguel De Camps, presidente de esa organizaci\u00f3n, record\u00f3 que \u201cComo partido estamos abiertos para todos aquellos con disposici\u00f3n de apostar al futuro, aquellos que creen en la buena pol\u00edtica, los que quieren construir la nueva pol\u00edtica y los que han comprendido que la vieja pol\u00edtica no es lo que merece la Rep\u00fablica Dominicana. J\u00f3venes, mujeres y hombres que tengan el deseo de cambiar la pol\u00edtica, haciendo pol\u00edtica.\u201d<\/p>\n\n\n\n<p>\u201cEn el PRSD no hay que \u201ctocar las puertas\u201d \u201cesperar en fila\u201d o agotar protocolos, aqu\u00ed s\u00f3lo basta con que tengas ganas de transformar, construir, y ganas de innovar, esa es la gente que ser\u00e1 siempre bienvenida aqu\u00ed\", expres\u00f3 De Camps Garcia.<\/p>\n\n\n\n<p>La actividad se llev\u00f3 a cabo en el municipio de Los Alcarrizos en un ambiente de alegr\u00eda con participaciones art\u00edsticas locales y manifestaciones culturales propias de esa demarcaci\u00f3n.<\/p>\n","protected":false},"excerpt":{"rendered":"<p>Provincia Santo Domingo. Mayo 22, 2022.- El Partido Revolucionario Social Dem\u00f3crata (PRSD) jurament\u00f3 este s\u00e1bado cerca de 1,500 nuevos miembros que pertenecen a la plataforma \u201cAseg\u00farate\u201d que preside Richard P\u00e9rez.&hellip; <\/p>\n","protected":false},"author":2,"featured_media":300,"comment_status":"closed","ping_status":"open","sticky":false,"template":"","format":"standard","meta":{"fifu_image_url":"","fifu_image_alt":"","footnotes":""},"categories":[5],"tags":[],"class_list":["post-299","post","type-post","status-publish","format-standard","has-post-thumbnail","hentry","category-partidos"],"_links":{"self":[{"href":"https:\/\/elmundodelapolitica.com\/v1\/wp-json\/wp\/v2\/posts\/299","targetHints":{"allow":["GET"]}}],"collection":[{"href":"https:\/\/elmundodelapolitica.com\/v1\/wp-json\/wp\/v2\/posts"}],"about":[{"href":"https:\/\/elmundodelapolitica.com\/v1\/wp-json\/wp\/v2\/types\/post"}],"author":[{"embeddable":true,"href":"https:\/\/elmundodelapolitica.com\/v1\/wp-json\/wp\/v2\/users\/2"}],"replies":[{"embeddable":true,"href":"https:\/\/elmundodelapolitica.com\/v1\/wp-json\/wp\/v2\/comments?post=299"}],"version-history":[{"count":1,"href":"https:\/\/elmundodelapolitica.com\/v1\/wp-json\/wp\/v2\/posts\/299\/revisions"}],"predecessor-version":[{"id":329,"href":"https:\/\/elmundodelapolitica.com\/v1\/wp-json\/wp\/v2\/posts\/299\/revisions\/329"}],"wp:featuredmedia":[{"embeddable":true,"href":"https:\/\/elmundodelapolitica.com\/v1\/wp-json\/wp\/v2\/media\/300"}],"wp:attachment":[{"href":"https:\/\/elmundodelapolitica.com\/v1\/wp-json\/wp\/v2\/media?parent=299"}],"wp:term":[{"taxonomy":"category","embeddable":true,"href":"https:\/\/elmundodelapolitica.com\/v1\/wp-json\/wp\/v2\/categories?post=299"},{"taxonomy":"post_tag","embeddable":true,"href":"https:\/\/elmundodelapolitica.com\/v1\/wp-json\/wp\/v2\/tags?post=299"}],"curies":[{"name":"wp","href":"https:\/\/api.w.org\/{rel}","templated":true}]}}