{"id":2988,"date":"2023-05-10T22:32:57","date_gmt":"2023-05-11T02:32:57","guid":{"rendered":"https:\/\/elmundodelapolitica.com\/v1\/?p=2988"},"modified":"2023-05-10T22:32:57","modified_gmt":"2023-05-11T02:32:57","slug":"mem-realiza-taller-sobre-uso-pacifico-de-materiales-nucleares","status":"publish","type":"post","link":"https:\/\/elmundodelapolitica.com\/v1\/mem-realiza-taller-sobre-uso-pacifico-de-materiales-nucleares\/","title":{"rendered":"MEM realiza taller sobre uso pac\u00edfico de materiales nucleares"},"content":{"rendered":"<div>\n<p>El Ministerio de Energ\u00eda y Minas (MEM) realiz\u00f3 el \u201cTaller Regional para Promover la Universalizaci\u00f3n de la Convenci\u00f3n sobre la Protecci\u00f3n F\u00edsica de los Materiales Nucleares\u201d, con el objetivo de promover el uso pac\u00edfico de estos.<\/p>\n<p>Este seminario, patrocinado por la Organizaci\u00f3n Internacional de Energ\u00eda At\u00f3mica (OIEA), est\u00e1 compuesto por 18 pa\u00edses de la regi\u00f3n, y es impartido en Rep\u00fablica Dominicana por el MEM, a trav\u00e9s del Viceministerio de Energ\u00eda Nuclear.<\/p>\n<p>Este taller re\u00fane expertos, representantes de gobiernos y organizaciones internacionales de toda la regi\u00f3n, para discutir la importancia de la protecci\u00f3n f\u00edsica de los materiales nucleares y las medidas necesarias para asegurar que se cumplan las responsabilidades a la que los Estados signatarios se comprometieron.<\/p>\n<p>El viceministro Energ\u00eda Nuclear, Alfonso Rodr\u00edguez, dijo que en el seminario se discutir\u00e1n tambi\u00e9n las tipificaciones penales para los pa\u00edses que incurran en uso de materiales nucleares para malas pr\u00e1cticas y la cooperaci\u00f3n internacional en caso de hurtos, robos o cualquier otra forma il\u00edcita respecto a estos componentes f\u00edsicos.<\/p>\n<p>\u201cLa seguridad f\u00edsica de los materiales se centra en la prevenci\u00f3n, protecci\u00f3n y detecci\u00f3n de actos delictivos o actos intencionales no autorizados que est\u00e9n relacionados con materiales nucleares, con materiales radiactivos, con instalaciones o actividades conexas que vayan contra ellas, as\u00ed como la respuesta de la OIEA ante tales actos\u201d, explic\u00f3.<\/p>\n<p>Esta actividad es realizada durante cuatro d\u00edas en el Auditorio Manuel del Cabral de la Universidad Aut\u00f3noma de Santo Domingo (UASD) por la OIEA, con el apoyo del Ministerio de Energ\u00eda y Minas y la Comisi\u00f3n Nacional de Energ\u00eda.<\/p>\n<\/div>\n","protected":false},"excerpt":{"rendered":"<p>El Ministerio de Energ\u00eda y Minas (MEM) realiz\u00f3 el \u201cTaller Regional para Promover la Universalizaci\u00f3n de la Convenci\u00f3n sobre la Protecci\u00f3n F\u00edsica de los Materiales Nucleares\u201d, con el objetivo de&hellip; <\/p>\n","protected":false},"author":2,"featured_media":0,"comment_status":"closed","ping_status":"closed","sticky":false,"template":"","format":"standard","meta":{"fifu_image_url":"","fifu_image_alt":"","footnotes":""},"categories":[63],"tags":[],"class_list":["post-2988","post","type-post","status-publish","format-standard","hentry","category-actualidad"],"_links":{"self":[{"href":"https:\/\/elmundodelapolitica.com\/v1\/wp-json\/wp\/v2\/posts\/2988","targetHints":{"allow":["GET"]}}],"collection":[{"href":"https:\/\/elmundodelapolitica.com\/v1\/wp-json\/wp\/v2\/posts"}],"about":[{"href":"https:\/\/elmundodelapolitica.com\/v1\/wp-json\/wp\/v2\/types\/post"}],"author":[{"embeddable":true,"href":"https:\/\/elmundodelapolitica.com\/v1\/wp-json\/wp\/v2\/users\/2"}],"replies":[{"embeddable":true,"href":"https:\/\/elmundodelapolitica.com\/v1\/wp-json\/wp\/v2\/comments?post=2988"}],"version-history":[{"count":0,"href":"https:\/\/elmundodelapolitica.com\/v1\/wp-json\/wp\/v2\/posts\/2988\/revisions"}],"wp:attachment":[{"href":"https:\/\/elmundodelapolitica.com\/v1\/wp-json\/wp\/v2\/media?parent=2988"}],"wp:term":[{"taxonomy":"category","embeddable":true,"href":"https:\/\/elmundodelapolitica.com\/v1\/wp-json\/wp\/v2\/categories?post=2988"},{"taxonomy":"post_tag","embeddable":true,"href":"https:\/\/elmundodelapolitica.com\/v1\/wp-json\/wp\/v2\/tags?post=2988"}],"curies":[{"name":"wp","href":"https:\/\/api.w.org\/{rel}","templated":true}]}}