{"id":2953,"date":"2023-05-09T21:18:15","date_gmt":"2023-05-10T01:18:15","guid":{"rendered":"https:\/\/elmundodelapolitica.com\/v1\/?p=2953"},"modified":"2023-05-10T11:40:06","modified_gmt":"2023-05-10T15:40:06","slug":"caf-crea-direccion-de-turismo-para-impulsar-el-desarrollo-y-el-empleo","status":"publish","type":"post","link":"https:\/\/elmundodelapolitica.com\/v1\/caf-crea-direccion-de-turismo-para-impulsar-el-desarrollo-y-el-empleo\/","title":{"rendered":"CAF crea Direcci\u00f3n de Turismo para impulsar el desarrollo y el empleo"},"content":{"rendered":"<div>\n<p>La nueva Direcci\u00f3n, que estar\u00e1 ubicada en Santo Domingo, liderada por Oscar Rueda Garc\u00eda, definir\u00e1 las pol\u00edticas, las estrategias, los proyectos e inversiones que puedan ser financiadas por CAF, as\u00ed como actividades de cooperaci\u00f3n t\u00e9cnica, para impulsar el desarrollo del sector tur\u00edstico en Am\u00e9rica Latina y el Caribe.<\/p>\n<p>CAF -banco de desarrollo de Am\u00e9rica Latina- anuncia la creaci\u00f3n de la Direcci\u00f3n de Turismo, que estar\u00e1 ubicada en Santo Domingo, Rep\u00fablica Dominicana, con el prop\u00f3sito de apoyar a sus pa\u00edses miembros, gobiernos y empresarios, en el aprovechamiento de sus potencialidades tur\u00edsticas como importante factor de desarrollo y generador de empleo, con \u00e9nfasis en la sostenibilidad ambiental, social, cultural y econ\u00f3mica; la innovaci\u00f3n, la regeneraci\u00f3n y la inclusi\u00f3n.<\/p>\n<p>El presidente ejecutivo de CAF, Sergio D\u00edaz-Granados, destac\u00f3 el potencial de crecimiento del sector y las sinergias que se pueden promover: \u201cEsta nueva Direcci\u00f3n significa no solo un mayor fortalecimiento de las relaciones entre la instituci\u00f3n y Rep\u00fablica Dominicana, sino tambi\u00e9n el nuevo aporte al desarrollo sostenible e integraci\u00f3n de nuestros socios a trav\u00e9s del turismo y el fomento de una din\u00e1mica agenda de trabajo con los sectores p\u00fablico y privado de toda Latinoam\u00e9rica y Caribe para contribuir con tan importante motor para la generaci\u00f3n de empleo y de divisas y del bienestar de nuestros pueblos\u201d.<\/p>\n<p>La Direcci\u00f3n de Turismo estar\u00e1 a cargo de Oscar Rueda Garc\u00eda, quien cuenta con una destacada trayectoria en el mundo del turismo, lo cual manifiesta la importancia que la organizaci\u00f3n le quiere imprimir a este sector. Oscar Rueda es abogado de la Universidad Javeriana de Bogot\u00e1, con maestr\u00eda en Literatura hispanoamericana de la Universidad de Barcelona; ha ocupado cargos en el sector como presidente de la Asociaci\u00f3n Colombiana de Agencias de Viajes y Turismo (Anato), viceministro de Turismo por m\u00e1s de 6 a\u00f1os, presidente de la Federaci\u00f3n Mundial de Asociaciones de Agencias de Viajes y miembro del Comit\u00e9 Ejecutivo de la OMT por 4 a\u00f1os. Tambi\u00e9n se desempe\u00f1\u00f3 como embajador de Colombia en la Rep\u00fablica Popular China.<\/p>\n<\/div>\n","protected":false},"excerpt":{"rendered":"<p>La nueva Direcci\u00f3n, que estar\u00e1 ubicada en Santo Domingo, liderada por Oscar Rueda Garc\u00eda, definir\u00e1 las pol\u00edticas, las estrategias, los proyectos e inversiones que puedan ser financiadas por CAF, as\u00ed&hellip; <\/p>\n","protected":false},"author":2,"featured_media":2972,"comment_status":"closed","ping_status":"closed","sticky":false,"template":"","format":"standard","meta":{"fifu_image_url":"","fifu_image_alt":"","footnotes":""},"categories":[63],"tags":[],"class_list":["post-2953","post","type-post","status-publish","format-standard","has-post-thumbnail","hentry","category-actualidad"],"_links":{"self":[{"href":"https:\/\/elmundodelapolitica.com\/v1\/wp-json\/wp\/v2\/posts\/2953","targetHints":{"allow":["GET"]}}],"collection":[{"href":"https:\/\/elmundodelapolitica.com\/v1\/wp-json\/wp\/v2\/posts"}],"about":[{"href":"https:\/\/elmundodelapolitica.com\/v1\/wp-json\/wp\/v2\/types\/post"}],"author":[{"embeddable":true,"href":"https:\/\/elmundodelapolitica.com\/v1\/wp-json\/wp\/v2\/users\/2"}],"replies":[{"embeddable":true,"href":"https:\/\/elmundodelapolitica.com\/v1\/wp-json\/wp\/v2\/comments?post=2953"}],"version-history":[{"count":1,"href":"https:\/\/elmundodelapolitica.com\/v1\/wp-json\/wp\/v2\/posts\/2953\/revisions"}],"predecessor-version":[{"id":2973,"href":"https:\/\/elmundodelapolitica.com\/v1\/wp-json\/wp\/v2\/posts\/2953\/revisions\/2973"}],"wp:featuredmedia":[{"embeddable":true,"href":"https:\/\/elmundodelapolitica.com\/v1\/wp-json\/wp\/v2\/media\/2972"}],"wp:attachment":[{"href":"https:\/\/elmundodelapolitica.com\/v1\/wp-json\/wp\/v2\/media?parent=2953"}],"wp:term":[{"taxonomy":"category","embeddable":true,"href":"https:\/\/elmundodelapolitica.com\/v1\/wp-json\/wp\/v2\/categories?post=2953"},{"taxonomy":"post_tag","embeddable":true,"href":"https:\/\/elmundodelapolitica.com\/v1\/wp-json\/wp\/v2\/tags?post=2953"}],"curies":[{"name":"wp","href":"https:\/\/api.w.org\/{rel}","templated":true}]}}