{"id":2922,"date":"2023-05-08T11:52:04","date_gmt":"2023-05-08T15:52:04","guid":{"rendered":"https:\/\/elmundodelapolitica.com\/v1\/?p=2922"},"modified":"2023-05-08T11:52:06","modified_gmt":"2023-05-08T15:52:06","slug":"presidente-abinader-se-reune-con-david-rutley-ministro-para-las-americas-y-el-caribe","status":"publish","type":"post","link":"https:\/\/elmundodelapolitica.com\/v1\/presidente-abinader-se-reune-con-david-rutley-ministro-para-las-americas-y-el-caribe\/","title":{"rendered":"Presidente Abinader se re\u00fane con David Rutley, ministro para las Am\u00e9ricas y el Caribe"},"content":{"rendered":"\n<p>Londres.-&nbsp;<strong>El presidente Luis Abinader<\/strong>, en su visita al Reino Unido, sostuvo hoy un&nbsp;<strong>encuentro con David Rutley<\/strong>, ministro para las Am\u00e9ricas y el Caribe del Ministerio de Asuntos Exteriores, Mancomunidad y Desarrollo del Reino Unido.<\/p>\n\n\n\n<p>Tambi\u00e9n el mandatario se reuni\u00f3 con la&nbsp;<strong>baronesa Gloria Hooper<\/strong>, quien es enviada de Comercio del primer ministro del Reino Unido para Rep\u00fablica Dominicana, Costa Rica y Panam\u00e1. Conversaron sobre diferentes&nbsp;<strong>temas de inter\u00e9s mutuo&nbsp;<\/strong>para el desarrollo de las relaciones entre ambas naciones.<\/p>\n\n\n\n<figure class=\"wp-block-image\"><img decoding=\"async\" src=\"https:\/\/presidencia.gob.do\/sites\/default\/files\/content\/Baronesa%20Hooper.jpeg\" alt=\"\"\/><\/figure>\n\n\n\n<p>La agenda oficial del presidente Abinader, quien se encuentra acompa\u00f1ado de la&nbsp;<strong>primera dama, Raquel Arbaje<\/strong>, inicia este viernes con un&nbsp;<strong>desayuno en Lancaster House<\/strong>, que ofrece la Familia Real a los representantes de los Estados Insulares.<\/p>\n\n\n\n<p>A las 5:00 de la tarde ser\u00e1 la&nbsp;<strong>recepci\u00f3n que se ofrece a las delegaciones internacionales,<\/strong>&nbsp;en el Palacio de Buckingham, encabezada por su majestad, el rey Carlos III, y su majestad, la reina consorte. El mandatario dominicano estar\u00e1 acompa\u00f1ado por la primera dama.<\/p>\n\n\n\n<p>El s\u00e1bado 6,&nbsp;<strong>d\u00eda de la coronaci\u00f3n<\/strong>, el presidente Abinader y la primera dama se trasladar\u00e1n al recinto Church House y luego pasar\u00e1n a Westminster Abbey, donde tendr\u00e1 lugar la ceremonia.<\/p>\n\n\n\n<p>Al t\u00e9rmino de la misma, los invitados asistir\u00e1n a un&nbsp;<strong>almuerzo<\/strong>&nbsp;presidido por el secretario de Relaciones Exteriores del Reino Unido y otros altos funcionarios.<\/p>\n\n\n\n<p>El presidente Abinader y la primera dama&nbsp;<strong>regresan al pa\u00eds el domingo 7, en horas de la noche.<\/strong><\/p>\n\n\n\n<p>Adem\u00e1s de la primera dama, acompa\u00f1an al presidente Abinader el director del CUSEP y jefe de la escolta, general ERD Jimmy Arias Grull\u00f3n; su asistente y jefa del Despacho Presidencial, Lourdes Herrera; Eilyn Beltr\u00e1n, jefe de Gabinete de la Presidencia, y el jefe de Prensa del presidente, periodista Daniel Garc\u00eda Archibald.<\/p>\n","protected":false},"excerpt":{"rendered":"<p>Londres.-&nbsp;El presidente Luis Abinader, en su visita al Reino Unido, sostuvo hoy un&nbsp;encuentro con David Rutley, ministro para las Am\u00e9ricas y el Caribe del Ministerio de Asuntos Exteriores, Mancomunidad y&hellip; <\/p>\n","protected":false},"author":2,"featured_media":2923,"comment_status":"open","ping_status":"open","sticky":false,"template":"","format":"standard","meta":{"fifu_image_url":"","fifu_image_alt":"","footnotes":""},"categories":[54],"tags":[],"class_list":["post-2922","post","type-post","status-publish","format-standard","has-post-thumbnail","hentry","category-politica_exterior"],"_links":{"self":[{"href":"https:\/\/elmundodelapolitica.com\/v1\/wp-json\/wp\/v2\/posts\/2922","targetHints":{"allow":["GET"]}}],"collection":[{"href":"https:\/\/elmundodelapolitica.com\/v1\/wp-json\/wp\/v2\/posts"}],"about":[{"href":"https:\/\/elmundodelapolitica.com\/v1\/wp-json\/wp\/v2\/types\/post"}],"author":[{"embeddable":true,"href":"https:\/\/elmundodelapolitica.com\/v1\/wp-json\/wp\/v2\/users\/2"}],"replies":[{"embeddable":true,"href":"https:\/\/elmundodelapolitica.com\/v1\/wp-json\/wp\/v2\/comments?post=2922"}],"version-history":[{"count":1,"href":"https:\/\/elmundodelapolitica.com\/v1\/wp-json\/wp\/v2\/posts\/2922\/revisions"}],"predecessor-version":[{"id":2924,"href":"https:\/\/elmundodelapolitica.com\/v1\/wp-json\/wp\/v2\/posts\/2922\/revisions\/2924"}],"wp:featuredmedia":[{"embeddable":true,"href":"https:\/\/elmundodelapolitica.com\/v1\/wp-json\/wp\/v2\/media\/2923"}],"wp:attachment":[{"href":"https:\/\/elmundodelapolitica.com\/v1\/wp-json\/wp\/v2\/media?parent=2922"}],"wp:term":[{"taxonomy":"category","embeddable":true,"href":"https:\/\/elmundodelapolitica.com\/v1\/wp-json\/wp\/v2\/categories?post=2922"},{"taxonomy":"post_tag","embeddable":true,"href":"https:\/\/elmundodelapolitica.com\/v1\/wp-json\/wp\/v2\/tags?post=2922"}],"curies":[{"name":"wp","href":"https:\/\/api.w.org\/{rel}","templated":true}]}}