{"id":2903,"date":"2023-05-07T22:48:11","date_gmt":"2023-05-08T02:48:11","guid":{"rendered":"https:\/\/elmundodelapolitica.com\/v1\/?p=2903"},"modified":"2023-05-07T22:48:14","modified_gmt":"2023-05-08T02:48:14","slug":"vicepresidenta-pena-encabeza-apertura-centros-105-y-106-del-programa-oportunidad-14-24","status":"publish","type":"post","link":"https:\/\/elmundodelapolitica.com\/v1\/vicepresidenta-pena-encabeza-apertura-centros-105-y-106-del-programa-oportunidad-14-24\/","title":{"rendered":"Vicepresidenta Pe\u00f1a encabeza apertura centros 105 y 106 del programa \u201cOportunidad 14-24\u201d"},"content":{"rendered":"\n<p>San Pedro de Macor\u00eds.- La vicepresidenta de la Rep\u00fablica,&nbsp;<strong>Raquel Pe\u00f1a<\/strong>, junto al coordinador del Gabinete de Pol\u00edtica Social,&nbsp;<strong>Tony Pe\u00f1a<\/strong>, encabezaron este viernes la apertura y puesta en funcionamiento de&nbsp;<strong>dos<\/strong>&nbsp;<strong>centros de capacitaci\u00f3n t\u00e9cnico-profesional para j\u00f3venes en condiciones de vulnerabilidad social,<\/strong>&nbsp;correspondientes a los n\u00fameros 105 y 106 del programa&nbsp;<strong>\u201cOportunidad 14-24\u201d<\/strong>&nbsp;de la instituci\u00f3n.<\/p>\n\n\n\n<p>Los nuevos centros del innovador programa, \u00fanico en el Caribe, operar\u00e1n en la&nbsp;<strong>Escuela Vocacional de Las Fuerzas Armadas y la Polic\u00eda Nacional<\/strong>&nbsp;de San Pedro de Macor\u00eds y en el&nbsp;<strong>Centro Tecnol\u00f3gico Comunitario (CTC)<\/strong>&nbsp;del municipio Los Llanos, y beneficiar\u00e1n a cientos de adolescentes y j\u00f3venes en edades entre los 14 y 24 a\u00f1os, quienes recibir\u00e1n&nbsp;<strong>preparaci\u00f3n en \u00e1reas como la inform\u00e1tica, la electr\u00f3nica, contabilidad, turismo, entre otras.<\/strong><\/p>\n\n\n\n<p>Durante la apertura de los centros, la vicepresidenta expres\u00f3 que&nbsp;<strong>el gobierno del presidente Luis Abinader tiene en alta estima a la juventud dominicana<\/strong>&nbsp;porque est\u00e1 convencido de su valor para el presente y el futuro del pa\u00eds y porque el gobierno piensa en su gente y, por supuesto, piensa en los j\u00f3venes.<\/p>\n\n\n\n<figure class=\"wp-block-image\"><img decoding=\"async\" src=\"https:\/\/presidencia.gob.do\/sites\/default\/files\/content\/074B65F7-33FF-4B34-993D-5DACBD5B97D5.jpeg\" alt=\"\"\/><\/figure>\n\n\n\n<p><em>\u201c\u2018La Oportunidad 14-24\u2019 que hoy traemos ante ustedes viene a suplir esa necesidad que detectamos, desde que asumimos la gesti\u00f3n, de mejorar la empleabilidad y el futuro de la juventud de nuestro pa\u00eds\u201d,<\/em>&nbsp;precis\u00f3 Pe\u00f1a.<\/p>\n\n\n\n<p>Puntualiz\u00f3 que mediante la iniciativa se trabaja para&nbsp;<strong>que los j\u00f3venes tengan un acceso igualitario a la red de protecci\u00f3n social<\/strong>&nbsp;y se promueve, adem\u00e1s, la creaci\u00f3n de v\u00ednculos m\u00e1s estrechos con sus comunidades,&nbsp;<strong>a trav\u00e9s del di\u00e1logo abierto y la realizaci\u00f3n de actividades de recreaci\u00f3n, culturales y deportivas.<\/strong><\/p>\n\n\n\n<p>De su lado,&nbsp;<strong>el coordinador del Gabinete de Pol\u00edtica Social, Tony Pe\u00f1a<\/strong>, record\u00f3 que la iniciativa del programa \u201cOportunidad 14-24\u201d es \u00fanica en su clase y tiene presencia a nivel nacional en&nbsp;<strong>25 provincias del pa\u00eds<\/strong>, con la meta de dar apertura a&nbsp;<strong>150 centros de capacitaci\u00f3n<\/strong>&nbsp;de este importante programa.<\/p>\n\n\n\n<p><em>\u201cEste es un programa que se diferencia de los programas que hay en Am\u00e9rica Latina por lo completo que es. Ya tenemos un local que vamos a abrir en Consuelo y si me buscan un local en Quisqueya tambi\u00e9n abrimos el programa Oportunidad 14-24\u201d,<\/em>&nbsp;adelant\u00f3 Tony Pe\u00f1a.<\/p>\n\n\n\n<p>En tanto que,&nbsp;<strong>el director ejecutivo del programa \u201cOportunidad 14-24\u201d,<\/strong>&nbsp;<strong>Alex Mord\u00e1n<\/strong>, exhort\u00f3 a los j\u00f3venes beneficiarios de este nuevo centro a&nbsp;<strong>seguir el ejemplo<\/strong>&nbsp;de los otros miles de j\u00f3venes que han sido impactados por las acciones de&nbsp;<strong>23 instituciones&nbsp;<\/strong>que convergen en la misi\u00f3n de mejorar, con estas carreras t\u00e9cnico-profesionales,&nbsp;<strong>la calidad de vida de los estudiantes y sus familias.&nbsp;<\/strong>Ellos<strong>&nbsp;<\/strong>han logrado superarse a trav\u00e9s del esfuerzo y aprovechamiento de las&nbsp;<strong>herramientas que el Gabinete de Pol\u00edtica Social y el gobierno del presidente Luis Abinader ponen a su disposici\u00f3n<\/strong>&nbsp;en cada uno de estos centros.<\/p>\n\n\n\n<p><em>\u201cYo quiero que ustedes tengan la posibilidad de dirigir equipos a trav\u00e9s de que en alg\u00fan momento lleguen a posiciones gerenciales o puedan salir con un emprendimiento de aqu\u00ed y contratar personas\u201d,&nbsp;<\/em>a\u00f1adi\u00f3 Mord\u00e1n.<\/p>\n\n\n\n<p><strong>Resultados del programa<\/strong><\/p>\n\n\n\n<p>Los petromacorisanos se unen a los m\u00e1s de 16,000 j\u00f3venes<strong>&nbsp;<\/strong>e igual n\u00famero de familias que actualmente son impactados por el programa \u201cOportunidad 14-24\u201d y las acciones conjuntas que realizan unas 23 instituciones del Estado en 25 provincias a favor de los estudiantes que se capacitan en las diferentes \u00e1reas ofrecidas por la iniciativa.<\/p>\n\n\n\n<p>Durante la apertura de estos nuevos centros, los representantes del programa revelaron que&nbsp;<strong>16,715 j\u00f3venes han sido impactados por la iniciativa<\/strong>, de los cuales 4,984 se encuentran actualmente en la ruta formativa y otros 2,969 est\u00e1n a la espera de poder iniciar la suya.<\/p>\n\n\n\n<p>Asimismo, aseguraron que&nbsp;<strong>del programa han salido m\u00e1s de 100 emprendimientos,<\/strong>&nbsp;mientras que otros&nbsp;<strong>545 j\u00f3venes obtuvieron su primer empleo&nbsp;<\/strong>gracias a las pasant\u00edas gestionadas por el programa \u201cOportunidad 14-24\u201d. Adem\u00e1s, otros&nbsp;<strong>768 j\u00f3venes cursan pasant\u00edas<\/strong>&nbsp;pagadas por el Gabinete de Pol\u00edtica Social.<\/p>\n\n\n\n<p>Tambi\u00e9n, los datos presentados por las autoridades del programa revelan que&nbsp;<strong>2,119 j\u00f3venes han egresado del programa.&nbsp;<\/strong>De ellos el 26 % es menor de edad y fue referido a la educaci\u00f3n formal, as\u00ed como el 51 % eligi\u00f3 pr\u00e1cticas profesionales en empresas locales y otro 23 % decidi\u00f3 iniciar sus propios emprendimientos con ayuda del programa.<\/p>\n\n\n\n<p>Los datos del programa indican que el&nbsp;<strong>68 % de los egresados son mujeres en condiciones de vulnerabilidad.<\/strong><\/p>\n\n\n\n<p>Se recuerda que el programa \u201cOportunidad 14-24\u201d tiene como objetivo principal la implementaci\u00f3n de pol\u00edticas de promoci\u00f3n y&nbsp;<strong>defensa de los derechos, al igual que reinserci\u00f3n sociolaboral y educativa<\/strong>&nbsp;de adolescentes y j\u00f3venes con edades comprendidas entre los 14 y 24 a\u00f1os, que se encuentran en condici\u00f3n de&nbsp;<strong>alto riesgo de vulnerabilidad social<\/strong>&nbsp;(presi\u00f3n de grupo, maltrato, propensi\u00f3n a adicciones, inseguridad social, falta de empleo, feminicidios, violencia intrafamiliar, j\u00f3venes en conflicto con la ley).<\/p>\n","protected":false},"excerpt":{"rendered":"<p>San Pedro de Macor\u00eds.- La vicepresidenta de la Rep\u00fablica,&nbsp;Raquel Pe\u00f1a, junto al coordinador del Gabinete de Pol\u00edtica Social,&nbsp;Tony Pe\u00f1a, encabezaron este viernes la apertura y puesta en funcionamiento de&nbsp;dos&nbsp;centros de&hellip; <\/p>\n","protected":false},"author":2,"featured_media":2904,"comment_status":"open","ping_status":"open","sticky":false,"template":"","format":"standard","meta":{"fifu_image_url":"","fifu_image_alt":"","footnotes":""},"categories":[65],"tags":[],"class_list":["post-2903","post","type-post","status-publish","format-standard","has-post-thumbnail","hentry","category-politicas-sociales"],"_links":{"self":[{"href":"https:\/\/elmundodelapolitica.com\/v1\/wp-json\/wp\/v2\/posts\/2903","targetHints":{"allow":["GET"]}}],"collection":[{"href":"https:\/\/elmundodelapolitica.com\/v1\/wp-json\/wp\/v2\/posts"}],"about":[{"href":"https:\/\/elmundodelapolitica.com\/v1\/wp-json\/wp\/v2\/types\/post"}],"author":[{"embeddable":true,"href":"https:\/\/elmundodelapolitica.com\/v1\/wp-json\/wp\/v2\/users\/2"}],"replies":[{"embeddable":true,"href":"https:\/\/elmundodelapolitica.com\/v1\/wp-json\/wp\/v2\/comments?post=2903"}],"version-history":[{"count":1,"href":"https:\/\/elmundodelapolitica.com\/v1\/wp-json\/wp\/v2\/posts\/2903\/revisions"}],"predecessor-version":[{"id":2905,"href":"https:\/\/elmundodelapolitica.com\/v1\/wp-json\/wp\/v2\/posts\/2903\/revisions\/2905"}],"wp:featuredmedia":[{"embeddable":true,"href":"https:\/\/elmundodelapolitica.com\/v1\/wp-json\/wp\/v2\/media\/2904"}],"wp:attachment":[{"href":"https:\/\/elmundodelapolitica.com\/v1\/wp-json\/wp\/v2\/media?parent=2903"}],"wp:term":[{"taxonomy":"category","embeddable":true,"href":"https:\/\/elmundodelapolitica.com\/v1\/wp-json\/wp\/v2\/categories?post=2903"},{"taxonomy":"post_tag","embeddable":true,"href":"https:\/\/elmundodelapolitica.com\/v1\/wp-json\/wp\/v2\/tags?post=2903"}],"curies":[{"name":"wp","href":"https:\/\/api.w.org\/{rel}","templated":true}]}}