{"id":2873,"date":"2023-05-04T20:21:25","date_gmt":"2023-05-05T00:21:25","guid":{"rendered":"https:\/\/elmundodelapolitica.com\/v1\/?p=2873"},"modified":"2023-05-04T20:21:25","modified_gmt":"2023-05-05T00:21:25","slug":"grupo-chileno-latam-capital-impulsa-desarrollo-inmobiliario-en-rd","status":"publish","type":"post","link":"https:\/\/elmundodelapolitica.com\/v1\/grupo-chileno-latam-capital-impulsa-desarrollo-inmobiliario-en-rd\/","title":{"rendered":"Grupo chileno Latam Capital impulsa desarrollo inmobiliario en RD"},"content":{"rendered":"<div>\n<p>Latam se encuentra desarrollando el proyecto residencial Brisas de Punta Cana, ubicado en el pujante sector Vista Cana, a s\u00f3lo 3 minutos del Downtown y cerca de la playa Bibijaua.<\/p>\n<figure class=\"wp-block-image size-full\"><img loading=\"lazy\" data-attachment-id=\"27792\" data-permalink=\"https:\/\/elmundodelosnegocios.com.do\/v1\/index.php\/2023\/05\/04\/grupo-chileno-latam-capital-impulsa-desarrollo-inmobiliario-en-rd-durante-encuentro-con-ministro-industria-y-comercio\/romilio-gutierrez-mario-alegria-victor-bisono-e-isaias-krause\/\" data-orig-file=\"https:\/\/i0.wp.com\/elmundodelosnegocios.com.do\/v1\/wp-content\/uploads\/2023\/05\/Romilio-Gutierrez-Mario-Alegria-Victor-Bisono-e-Isaias-Krause.jpg?fit=1000%2C667&amp;ssl=1\" data-orig-size=\"1000,667\" data-comments-opened=\"0\" data-image-meta='{\"aperture\":\"4\",\"credit\":\"\",\"camera\":\"Canon EOS R\",\"caption\":\"\",\"created_timestamp\":\"1682331179\",\"copyright\":\"\",\"focal_length\":\"38\",\"iso\":\"400\",\"shutter_speed\":\"0.005\",\"title\":\"\",\"orientation\":\"0\"}' data-image-title=\"Romilio-Gutierrez-Mario-Alegria-Victor-Bisono-e-Isaias-Krause\" data-image-description=\"\" data-image-caption=\"\" data-medium-file=\"https:\/\/i0.wp.com\/elmundodelosnegocios.com.do\/v1\/wp-content\/uploads\/2023\/05\/Romilio-Gutierrez-Mario-Alegria-Victor-Bisono-e-Isaias-Krause.jpg?fit=300%2C200&amp;ssl=1\" data-large-file=\"https:\/\/i0.wp.com\/elmundodelosnegocios.com.do\/v1\/wp-content\/uploads\/2023\/05\/Romilio-Gutierrez-Mario-Alegria-Victor-Bisono-e-Isaias-Krause.jpg?fit=1000%2C667&amp;ssl=1\" decoding=\"async\" width=\"1000\" height=\"667\" src=\"https:\/\/i0.wp.com\/elmundodelosnegocios.com.do\/v1\/wp-content\/uploads\/2023\/05\/Romilio-Gutierrez-Mario-Alegria-Victor-Bisono-e-Isaias-Krause.jpg?resize=1000,667&amp;ssl=1\" alt=\"\" class=\"wp-image-27792\" srcset=\"https:\/\/i0.wp.com\/elmundodelosnegocios.com.do\/v1\/wp-content\/uploads\/2023\/05\/Romilio-Gutierrez-Mario-Alegria-Victor-Bisono-e-Isaias-Krause.jpg?w=1000&amp;ssl=1 1000w, https:\/\/i0.wp.com\/elmundodelosnegocios.com.do\/v1\/wp-content\/uploads\/2023\/05\/Romilio-Gutierrez-Mario-Alegria-Victor-Bisono-e-Isaias-Krause.jpg?resize=300%2C200&amp;ssl=1 300w, https:\/\/i0.wp.com\/elmundodelosnegocios.com.do\/v1\/wp-content\/uploads\/2023\/05\/Romilio-Gutierrez-Mario-Alegria-Victor-Bisono-e-Isaias-Krause.jpg?resize=768%2C512&amp;ssl=1 768w\" sizes=\"auto, (max-width: 1000px) 100vw, 1000px\" data-recalc-dims=\"1\"><\/figure>\n<p>Victor Bison\u00f3, ministro de Industria, Comercio y MIPYMES sostuvo una exitosa reuni\u00f3n con los CEO y CFO del grupo chileno, para tratar el r\u00e1pido crecimiento de las operaciones de Latam Capital en la Rep\u00fablica Dominicana.<\/p>\n<figure class=\"wp-block-image size-full\"><img data-attachment-id=\"27793\" data-permalink=\"https:\/\/elmundodelosnegocios.com.do\/v1\/index.php\/2023\/05\/04\/grupo-chileno-latam-capital-impulsa-desarrollo-inmobiliario-en-rd-durante-encuentro-con-ministro-industria-y-comercio\/isaias-krause-y-mario-alegria\/\" data-orig-file=\"https:\/\/i0.wp.com\/elmundodelosnegocios.com.do\/v1\/wp-content\/uploads\/2023\/05\/Isaias-Krause-y-Mario-Alegria.jpg?fit=1000%2C667&amp;ssl=1\" data-orig-size=\"1000,667\" data-comments-opened=\"0\" data-image-meta='{\"aperture\":\"4\",\"credit\":\"\",\"camera\":\"Canon EOS R\",\"caption\":\"\",\"created_timestamp\":\"1682330526\",\"copyright\":\"\",\"focal_length\":\"35\",\"iso\":\"1000\",\"shutter_speed\":\"0.005\",\"title\":\"\",\"orientation\":\"0\"}' data-image-title=\"Isaias-Krause-y-Mario-Alegria\" data-image-description=\"\" data-image-caption=\"\" data-medium-file=\"https:\/\/i0.wp.com\/elmundodelosnegocios.com.do\/v1\/wp-content\/uploads\/2023\/05\/Isaias-Krause-y-Mario-Alegria.jpg?fit=300%2C200&amp;ssl=1\" data-large-file=\"https:\/\/i0.wp.com\/elmundodelosnegocios.com.do\/v1\/wp-content\/uploads\/2023\/05\/Isaias-Krause-y-Mario-Alegria.jpg?fit=1000%2C667&amp;ssl=1\" decoding=\"async\" loading=\"lazy\" width=\"1000\" height=\"667\" src=\"https:\/\/i0.wp.com\/elmundodelosnegocios.com.do\/v1\/wp-content\/uploads\/2023\/05\/Isaias-Krause-y-Mario-Alegria.jpg?resize=1000,667&amp;ssl=1\" alt=\"\" class=\"wp-image-27793\" srcset=\"https:\/\/i0.wp.com\/elmundodelosnegocios.com.do\/v1\/wp-content\/uploads\/2023\/05\/Isaias-Krause-y-Mario-Alegria.jpg?w=1000&amp;ssl=1 1000w, https:\/\/i0.wp.com\/elmundodelosnegocios.com.do\/v1\/wp-content\/uploads\/2023\/05\/Isaias-Krause-y-Mario-Alegria.jpg?resize=300%2C200&amp;ssl=1 300w, https:\/\/i0.wp.com\/elmundodelosnegocios.com.do\/v1\/wp-content\/uploads\/2023\/05\/Isaias-Krause-y-Mario-Alegria.jpg?resize=768%2C512&amp;ssl=1 768w\" sizes=\"auto, (max-width: 1000px) 100vw, 1000px\" data-recalc-dims=\"1\"><\/figure>\n<p>Santo Domingo \u2013 Los representantes del grupo de desarrollo inmobiliario y construcci\u00f3n internacional Latam Capital visitaron las instalaciones del Ministerio de Industria, Comercio y MIPYMES donde sostuvieron un encuentro con el ministro V\u00edctor Bison\u00f3.<\/p>\n<p>\u00abNos reunimos cerca de una hora para conversar de la profundizaci\u00f3n de los negocios del grupo en Rep\u00fablica Dominicana, adem\u00e1s de sugerir el ingreso a nuevos mercados con asignaciones chilenas que son de alto inter\u00e9s para el pa\u00eds\u00bb, comenta Mario Alegr\u00eda, CEO de Latam Capital.<\/p>\n<p>El ministro Bison\u00f3 se mostr\u00f3 gratamente interesado en el r\u00e1pido ascenso de las operaciones del grupo chileno, que pondr\u00e1 a la venta m\u00e1s de 500 unidades durante 2023, y que en menos de un a\u00f1o se ha consolidado como un actor relevante dentro del mercado<\/p>\n<p>inmobiliario de Punta Cana.<\/p>\n<p>\u00abConversamos de las proyecciones econ\u00f3micas del pa\u00eds, y nos invit\u00f3 a seguir el agresivo plan de negocios que llevamos, comprometiendo el apoyo del gobierno con la inversi\u00f3n extranjera\u00bb, agreg\u00f3 el CEO Alegr\u00eda.<\/p>\n<p>El ministro Bison\u00f3 por su parte, fue enf\u00e1tico al entregar tranquilidad, argumentando que el gobierno actual seguir\u00e1 promoviendo la inversi\u00f3n extranjera garantizando el estado de derecho para los capitales for\u00e1neos.<\/p>\n<p>Rep\u00fablica Dominicana hoy presenta un atractivo escenario econ\u00f3mico, con una alta tasa de crecimiento que propicia la inversi\u00f3n inmobiliaria y lo consolida como uno de los destinos tur\u00edsticos m\u00e1s cotizados en todo el mundo.<\/p>\n<p>Durante la reuni\u00f3n, adem\u00e1s, se convers\u00f3 la posibilidad de crear una alianza estrat\u00e9gica<\/p>\n<p>entre el Estado dominicano y Latam Group, para el desarrollo conjunto de proyectos beneficiosos para la comunidad.<\/p>\n<p>Latam se encuentra desarrollando el proyecto residencial Brisas de Punta Cana, ubicado en el pujante sector Vista Cana, a s\u00f3lo 3 minutos del Downtown y cerca de la playa Bibijaua.<\/p>\n<p>Este proyecto contar\u00e1 con un esquema de administraci\u00f3n hotelera, donde la inversi\u00f3n de sus propietarios estar\u00e1 garantizada gracias a un modelo de rentabilidad por partida doble, ya que la propiedad obtendr\u00e1 dividendos por concepto de rentas vacacionales y, adem\u00e1s, como todo inmueble, estar\u00e1 generando plusval\u00eda constantemente con el paso del tiempo.<\/p>\n<\/div>\n","protected":false},"excerpt":{"rendered":"<p>Latam se encuentra desarrollando el proyecto residencial Brisas de Punta Cana, ubicado en el pujante sector Vista Cana, a s\u00f3lo 3 minutos del Downtown y cerca de la playa Bibijaua.&hellip; <\/p>\n","protected":false},"author":2,"featured_media":2874,"comment_status":"closed","ping_status":"closed","sticky":false,"template":"","format":"standard","meta":{"fifu_image_url":"https:\/\/i0.wp.com\/elmundodelosnegocios.com.do\/v1\/wp-content\/uploads\/2023\/05\/Romilio-Gutierrez-Mario-Alegria-Victor-Bisono-e-Isaias-Krause.jpg?resize=1000,667&ssl=1","fifu_image_alt":"Grupo chileno Latam Capital impulsa desarrollo inmobiliario en RD","footnotes":""},"categories":[63],"tags":[],"class_list":["post-2873","post","type-post","status-publish","format-standard","has-post-thumbnail","hentry","category-actualidad"],"_links":{"self":[{"href":"https:\/\/elmundodelapolitica.com\/v1\/wp-json\/wp\/v2\/posts\/2873","targetHints":{"allow":["GET"]}}],"collection":[{"href":"https:\/\/elmundodelapolitica.com\/v1\/wp-json\/wp\/v2\/posts"}],"about":[{"href":"https:\/\/elmundodelapolitica.com\/v1\/wp-json\/wp\/v2\/types\/post"}],"author":[{"embeddable":true,"href":"https:\/\/elmundodelapolitica.com\/v1\/wp-json\/wp\/v2\/users\/2"}],"replies":[{"embeddable":true,"href":"https:\/\/elmundodelapolitica.com\/v1\/wp-json\/wp\/v2\/comments?post=2873"}],"version-history":[{"count":0,"href":"https:\/\/elmundodelapolitica.com\/v1\/wp-json\/wp\/v2\/posts\/2873\/revisions"}],"wp:featuredmedia":[{"embeddable":true,"href":"https:\/\/elmundodelapolitica.com\/v1\/wp-json\/wp\/v2\/media\/2874"}],"wp:attachment":[{"href":"https:\/\/elmundodelapolitica.com\/v1\/wp-json\/wp\/v2\/media?parent=2873"}],"wp:term":[{"taxonomy":"category","embeddable":true,"href":"https:\/\/elmundodelapolitica.com\/v1\/wp-json\/wp\/v2\/categories?post=2873"},{"taxonomy":"post_tag","embeddable":true,"href":"https:\/\/elmundodelapolitica.com\/v1\/wp-json\/wp\/v2\/tags?post=2873"}],"curies":[{"name":"wp","href":"https:\/\/api.w.org\/{rel}","templated":true}]}}