{"id":2871,"date":"2023-05-04T21:08:18","date_gmt":"2023-05-05T01:08:18","guid":{"rendered":"https:\/\/elmundodelapolitica.com\/v1\/?p=2871"},"modified":"2023-05-04T22:42:04","modified_gmt":"2023-05-05T02:42:04","slug":"seminario-del-sela-abordara-el-fortalecimiento-de-los-emprendimientos-femeninos-en-la-region","status":"publish","type":"post","link":"https:\/\/elmundodelapolitica.com\/v1\/seminario-del-sela-abordara-el-fortalecimiento-de-los-emprendimientos-femeninos-en-la-region\/","title":{"rendered":"Seminario del SELA abordar\u00e1 el fortalecimiento de los emprendimientos femeninos en la regi\u00f3n"},"content":{"rendered":"<div>\n<p>El enfoque de g\u00e9nero tiene una connotaci\u00f3n transversal en el Programa de Trabajo del Sistema Econ\u00f3mico Latinoamericano y del Caribe (SELA) cuyo prop\u00f3sito es coadyuvar en la reducci\u00f3n de la brecha de g\u00e9nero, promover pr\u00e1cticas que incentiven la inclusi\u00f3n de mujeres dentro de sectores no tradicionales, as\u00ed como la promoci\u00f3n de espacios m\u00e1s equitativos a nivel regional. Por tal motivo el organismo ha organizado el Seminario Web: Pol\u00edticas P\u00fablicas con enfoque de g\u00e9nero, hacia la reducci\u00f3n de la brecha y el fortalecimiento de los emprendimientos femeninos en Am\u00e9rica Latina y el Caribe.<\/p>\n<p>El Encuentro virtual se desarrollar\u00e1 el pr\u00f3ximo martes 30 de mayo, desde las 10:00am (Hora de Venezuela), con el prop\u00f3sito de presentar los avances y retos en las estrategias implementadas por los pa\u00edses de Am\u00e9rica Latina y el Caribe para la reducci\u00f3n de la brecha de g\u00e9nero y la igualdad de la mujer y difundir las iniciativas que se han desarrollado desde el sector p\u00fablico para promover los emprendimientos femeninos.<\/p>\n<p>La actividad va dirigida a funcionarios p\u00fablicos vinculados con el desarrollo de programas y estrategias para la reducci\u00f3n de la brecha de g\u00e9nero, responsables de la implementaci\u00f3n de programas de apoyo a emprendimientos femeninos a nivel regional, emprendedoras y representantes de ONG que brindan asistencia a la mujer; como representantes de organismos internacionales.<\/p>\n<p>El taller forma parte de los proyectos establecidos en el Programa de Trabajo 2022-2026 del SELA que buscan formular pol\u00edticas p\u00fablicas que permitan promocionar sectores productivos, fortalecer modelos de negocios y desarrollar nuevos mercados para el ecosistema empresarial Pymes regional.<\/p>\n<\/div>\n","protected":false},"excerpt":{"rendered":"<p>El enfoque de g\u00e9nero tiene una connotaci\u00f3n transversal en el Programa de Trabajo del Sistema Econ\u00f3mico Latinoamericano y del Caribe (SELA) cuyo prop\u00f3sito es coadyuvar en la reducci\u00f3n de la&hellip; <\/p>\n","protected":false},"author":2,"featured_media":2881,"comment_status":"closed","ping_status":"closed","sticky":false,"template":"","format":"standard","meta":{"fifu_image_url":"","fifu_image_alt":"","footnotes":""},"categories":[11],"tags":[],"class_list":["post-2871","post","type-post","status-publish","format-standard","has-post-thumbnail","hentry","category-america-latina"],"_links":{"self":[{"href":"https:\/\/elmundodelapolitica.com\/v1\/wp-json\/wp\/v2\/posts\/2871","targetHints":{"allow":["GET"]}}],"collection":[{"href":"https:\/\/elmundodelapolitica.com\/v1\/wp-json\/wp\/v2\/posts"}],"about":[{"href":"https:\/\/elmundodelapolitica.com\/v1\/wp-json\/wp\/v2\/types\/post"}],"author":[{"embeddable":true,"href":"https:\/\/elmundodelapolitica.com\/v1\/wp-json\/wp\/v2\/users\/2"}],"replies":[{"embeddable":true,"href":"https:\/\/elmundodelapolitica.com\/v1\/wp-json\/wp\/v2\/comments?post=2871"}],"version-history":[{"count":1,"href":"https:\/\/elmundodelapolitica.com\/v1\/wp-json\/wp\/v2\/posts\/2871\/revisions"}],"predecessor-version":[{"id":2882,"href":"https:\/\/elmundodelapolitica.com\/v1\/wp-json\/wp\/v2\/posts\/2871\/revisions\/2882"}],"wp:featuredmedia":[{"embeddable":true,"href":"https:\/\/elmundodelapolitica.com\/v1\/wp-json\/wp\/v2\/media\/2881"}],"wp:attachment":[{"href":"https:\/\/elmundodelapolitica.com\/v1\/wp-json\/wp\/v2\/media?parent=2871"}],"wp:term":[{"taxonomy":"category","embeddable":true,"href":"https:\/\/elmundodelapolitica.com\/v1\/wp-json\/wp\/v2\/categories?post=2871"},{"taxonomy":"post_tag","embeddable":true,"href":"https:\/\/elmundodelapolitica.com\/v1\/wp-json\/wp\/v2\/tags?post=2871"}],"curies":[{"name":"wp","href":"https:\/\/api.w.org\/{rel}","templated":true}]}}