{"id":287,"date":"2022-06-01T12:38:19","date_gmt":"2022-06-01T16:38:19","guid":{"rendered":"http:\/\/www.elmundodelapolitica.com\/v2\/?p=25415"},"modified":"2022-09-26T10:28:22","modified_gmt":"2022-09-26T14:28:22","slug":"se-realiza-la-146a-reunion-del-comite-politica-monetaria-cpm","status":"publish","type":"post","link":"https:\/\/elmundodelapolitica.com\/v1\/se-realiza-la-146a-reunion-del-comite-politica-monetaria-cpm\/","title":{"rendered":"Se realiza la 146\u00aa reuni\u00f3n del Comit\u00e9 Pol\u00edtica Monetaria (CPM)."},"content":{"rendered":"\n<p>Los d\u00edas 26 y 27 de mayo se realiz\u00f3 de manera virtual la 146\u00aa Reuni\u00f3n del Comit\u00e9 de Pol\u00edtica Monetaria (CPM), comit\u00e9 asesor del Consejo Monetario Centroamericano (CMCA), conformado por los bancos centrales de Costa Rica, El Salvador, Guatemala, Honduras, Nicaragua y Rep\u00fablica Dominicana. Esta actividad, se enmarca dentro del objetivo estrat\u00e9gico del CMCA de contribuir a la estabilidad macroecon\u00f3mica y financiera regional mediante coordinaci\u00f3n de pol\u00edticas propias de los bancos centrales.<\/p>\n\n\n\n<p>Como es usual, en esta reuni\u00f3n se trataron diversos temas relevantes para el an\u00e1lisis de la pol\u00edtica monetaria en los bancos centrales de la regi\u00f3n. Adem\u00e1s de analizar los resultados y perspectivas macroecon\u00f3micas individuales en la coyuntura actual y el contexto de la econom\u00eda internacional relevante para los pa\u00edses de la regi\u00f3n, se conocieron los avances en el plan de armonizaci\u00f3n regional de estad\u00edsticas monetarias, fiscales y del sector externo, principalmente.&nbsp; Por su parte, la Secretar\u00eda Ejecutiva del Consejo Monetario Centroamericano present\u00f3 sus resultados en el desarrollo de herramientas de almacenamiento y divulgaci\u00f3n de estad\u00edsticas macroecon\u00f3micas regionales, tales como&nbsp;<a href=\"https:\/\/www.secmca.org\/secmcadatos\/\">SECMCADATOS<\/a>&nbsp;y el&nbsp;<a href=\"https:\/\/www.secmca.org\/monitor-macroeconomico\/\">Monitor Macroecon\u00f3mico<\/a>.<\/p>\n\n\n\n<p>Participantes:<\/p>\n\n\n\n<p>Nina Conrado, David Samayoa, Mario Rojas, Joel Gonz\u00e1lez, Jorge Madrigal, Juan Adolfo Matamoros, C\u00e9sar Alvarado, Domingo Gonz\u00e1lez y Odalis Marte.<\/p>\n","protected":false},"excerpt":{"rendered":"<p>Los d\u00edas 26 y 27 de mayo se realiz\u00f3 de manera virtual la 146\u00aa Reuni\u00f3n del Comit\u00e9 de Pol\u00edtica Monetaria (CPM), comit\u00e9 asesor del Consejo Monetario Centroamericano (CMCA), conformado por&hellip; <\/p>\n","protected":false},"author":2,"featured_media":288,"comment_status":"closed","ping_status":"open","sticky":false,"template":"","format":"standard","meta":{"fifu_image_url":"","fifu_image_alt":"","footnotes":""},"categories":[24],"tags":[],"class_list":["post-287","post","type-post","status-publish","format-standard","has-post-thumbnail","hentry","category-finanzas"],"_links":{"self":[{"href":"https:\/\/elmundodelapolitica.com\/v1\/wp-json\/wp\/v2\/posts\/287","targetHints":{"allow":["GET"]}}],"collection":[{"href":"https:\/\/elmundodelapolitica.com\/v1\/wp-json\/wp\/v2\/posts"}],"about":[{"href":"https:\/\/elmundodelapolitica.com\/v1\/wp-json\/wp\/v2\/types\/post"}],"author":[{"embeddable":true,"href":"https:\/\/elmundodelapolitica.com\/v1\/wp-json\/wp\/v2\/users\/2"}],"replies":[{"embeddable":true,"href":"https:\/\/elmundodelapolitica.com\/v1\/wp-json\/wp\/v2\/comments?post=287"}],"version-history":[{"count":1,"href":"https:\/\/elmundodelapolitica.com\/v1\/wp-json\/wp\/v2\/posts\/287\/revisions"}],"predecessor-version":[{"id":323,"href":"https:\/\/elmundodelapolitica.com\/v1\/wp-json\/wp\/v2\/posts\/287\/revisions\/323"}],"wp:featuredmedia":[{"embeddable":true,"href":"https:\/\/elmundodelapolitica.com\/v1\/wp-json\/wp\/v2\/media\/288"}],"wp:attachment":[{"href":"https:\/\/elmundodelapolitica.com\/v1\/wp-json\/wp\/v2\/media?parent=287"}],"wp:term":[{"taxonomy":"category","embeddable":true,"href":"https:\/\/elmundodelapolitica.com\/v1\/wp-json\/wp\/v2\/categories?post=287"},{"taxonomy":"post_tag","embeddable":true,"href":"https:\/\/elmundodelapolitica.com\/v1\/wp-json\/wp\/v2\/tags?post=287"}],"curies":[{"name":"wp","href":"https:\/\/api.w.org\/{rel}","templated":true}]}}