{"id":2862,"date":"2023-05-04T22:36:58","date_gmt":"2023-05-05T02:36:58","guid":{"rendered":"https:\/\/elmundodelapolitica.com\/v1\/?p=2862"},"modified":"2023-05-04T22:37:00","modified_gmt":"2023-05-05T02:37:00","slug":"poder-ejecutivo-deposita-en-el-congreso-nacional-proyecto-de-ley-que-crea-el-ministerio-de-justicia","status":"publish","type":"post","link":"https:\/\/elmundodelapolitica.com\/v1\/poder-ejecutivo-deposita-en-el-congreso-nacional-proyecto-de-ley-que-crea-el-ministerio-de-justicia\/","title":{"rendered":"Poder Ejecutivo deposita en el Congreso Nacional proyecto de ley que crea el Ministerio de Justicia"},"content":{"rendered":"\n<p>Santo Domingo. &#8211;&nbsp;<strong>El consultor jur\u00eddico del Poder Ejecutivo, Antoliano Peralta Romero<\/strong>, deposit\u00f3 este mi\u00e9rcoles en manos del&nbsp;<strong>presidente de la C\u00e1mara de Diputados,<\/strong>&nbsp;<strong>Alfredo Pacheco Osoria<\/strong>, el proyecto de ley para el fortalecimiento del sistema de justicia que crea&nbsp;<strong>el Ministerio de Justicia<\/strong>.<\/p>\n\n\n\n<p>Se recuerda que esta iniciativa fue&nbsp;<strong>anunciada por el propio presidente Luis Abinader, el pasado 26 de octubre de 2022,<\/strong>&nbsp;durante el acto conmemorativo del 32\u00b0 aniversario de FINJUS. Desde ese momento, desde el Poder Ejecutivo se coordinaron&nbsp;<strong>varias rondas de di\u00e1logo<\/strong>&nbsp;con los \u00f3rganos del sistema de justicia y otras instituciones p\u00fablicas, las escuelas de derecho de las distintas universidades del pa\u00eds, los representantes de gremios empresariales y la organizaci\u00f3n civil organizada, as\u00ed como con un amplio grupo de abogados especialistas.<\/p>\n\n\n\n<p>En su parte central, el proyecto crea y organiza la&nbsp;<strong>estructura y funciones del Ministerio de Justicia,<\/strong>&nbsp;el cual se configura como un \u00f3rgano de planificaci\u00f3n, direcci\u00f3n, coordinaci\u00f3n y ejecuci\u00f3n de las atribuciones delegadas por la Constituci\u00f3n y las leyes al Poder Ejecutivo para la colaboraci\u00f3n funcional y administrativa al Sistema de Justicia, la representaci\u00f3n judicial y extrajudicial del Estado y la Administraci\u00f3n P\u00fablica, junto con la coordinaci\u00f3n del Sistema Nacional de Derechos Humanos y el Sistema Penitenciario y Correccional.<\/p>\n\n\n\n<p>El consultor jur\u00eddico del Poder Ejecutivo manifest\u00f3 que esta iniciativa responde a la&nbsp;<strong>necesidad institucional<\/strong>&nbsp;que el pa\u00eds arrastra desde hace a\u00f1os de&nbsp;<strong>delimitar las atribuciones de persecuci\u00f3n criminal<\/strong>, naturales al Ministerio P\u00fablico, con respecto a ciertos&nbsp;<strong>servicios meramente funcionales y administrativos<\/strong>, tales como la gesti\u00f3n del sistema penitenciario, el auxilio cient\u00edfico forense a los tribunales y \u00f3rganos de investigaci\u00f3n, al igual que el registro y la certificaci\u00f3n de documentos oficiales y notariales, funciones todas que deber\u00edan concernir m\u00e1s bien a un \u00f3rgano creado para tales fines, como es el Ministerio de Justicia.<\/p>\n\n\n\n<p>Agreg\u00f3 que dicho Ministerio form\u00f3 parte de la estructura estatal dominicana durante los&nbsp;<strong>primeros 120 a\u00f1os de la Rep\u00fablica<\/strong>, con breves per\u00edodos de interrupci\u00f3n, desde la proclamaci\u00f3n de la Constituci\u00f3n de San Crist\u00f3bal, el 6 de noviembre de 1844, hasta la promulgaci\u00f3n de la Ley n\u00fam. 485, el 10 de diciembre de 1964, \u00faltima ocasi\u00f3n en la que se suprimi\u00f3 la referida instituci\u00f3n.<\/p>\n\n\n\n<figure class=\"wp-block-image\"><img decoding=\"async\" src=\"https:\/\/presidencia.gob.do\/sites\/default\/files\/content\/WhatsApp%20Image%202023-05-04%20at%2012.19.43%20AM.jpeg\" alt=\"\"\/><\/figure>\n\n\n\n<p>De su lado, el presidente de la C\u00e1mara de Diputados, Alfredo Pacheco defini\u00f3 este proyecto como&nbsp;<strong>importante y trascendental.<\/strong><\/p>\n\n\n\n<p>Consider\u00f3 que el proyecto de ley que crea el Ministerio de Justicia cambiar\u00e1 la situaci\u00f3n de ciertos&nbsp;<strong>aspectos que le son otorgados a la Procuradur\u00eda General de la Rep\u00fablica.<\/strong><\/p>\n\n\n\n<p>Acompa\u00f1\u00f3 al consultor jur\u00eddico parte del equipo que particip\u00f3 en la elaboraci\u00f3n del proyecto de ley, incluyendo el subconsultor jur\u00eddico&nbsp;<strong>Pedro Montilla Castillo<\/strong>; el director de proyectos jur\u00eddicos especiales del Poder Ejecutivo,&nbsp;<strong>Noel Sued Canahuate<\/strong>, y la abogada&nbsp;<strong>Vianca Castillo<\/strong>.<\/p>\n\n\n\n<p><strong>Reintroducci\u00f3n del proyecto de ley contra la ciberdelincuencia<\/strong><\/p>\n\n\n\n<p>Los representantes de la Consultor\u00eda Jur\u00eddica del Poder Ejecutivo tambi\u00e9n depositaron ante la C\u00e1mara de Diputados la&nbsp;<strong>nueva versi\u00f3n del proyecto de ley contra la ciberdelincuencia<\/strong>, cuyo objeto es lograr la prevenci\u00f3n, persecuci\u00f3n y sanci\u00f3n de los delitos cometidos en detrimento de los sistemas que utilizan tecnolog\u00edas de la informaci\u00f3n y comunicaci\u00f3n, as\u00ed como los cometidos mediante el uso de tales tecnolog\u00edas en contra de personas f\u00edsicas o jur\u00eddicas.<\/p>\n\n\n\n<p>Se recuerda que el Poder Ejecutivo retir\u00f3 de la C\u00e1mara de Diputados una primera propuesta del proyecto de ley, el pasado 4 de julio de 2022, con el prop\u00f3sito de que fuera estudiada por la comisi\u00f3n consultiva para la&nbsp;<strong>revisi\u00f3n y actualizaci\u00f3n de la legislaci\u00f3n sobre la libertad de expresi\u00f3n<\/strong>, creada mediante el&nbsp;<strong>Decreto n\u00fam. 333-22<\/strong>.<\/p>\n\n\n\n<p>La referida comisi\u00f3n recomend\u00f3 eliminar de la versi\u00f3n original los art\u00edculos 17, 18 y 19, referentes a los ciberdelitos de discriminaci\u00f3n, difamaci\u00f3n e injuria, los cuales efectivamente quedaron fuera de la versi\u00f3n reintroducida el d\u00eda de hoy.<\/p>\n\n\n\n<p>Esta pieza legislativa derogar\u00eda de manera total la Ley n\u00fam. 53-07 sobre cr\u00edmenes y delitos de alta tecnolog\u00eda, la cual regula la materia en el presente.<\/p>\n","protected":false},"excerpt":{"rendered":"<p>Santo Domingo. &#8211;&nbsp;El consultor jur\u00eddico del Poder Ejecutivo, Antoliano Peralta Romero, deposit\u00f3 este mi\u00e9rcoles en manos del&nbsp;presidente de la C\u00e1mara de Diputados,&nbsp;Alfredo Pacheco Osoria, el proyecto de ley para el&hellip; <\/p>\n","protected":false},"author":2,"featured_media":2863,"comment_status":"closed","ping_status":"closed","sticky":false,"template":"","format":"standard","meta":{"fifu_image_url":"","fifu_image_alt":"","footnotes":""},"categories":[55],"tags":[],"class_list":["post-2862","post","type-post","status-publish","format-standard","has-post-thumbnail","hentry","category-congreso-y-legislacion"],"_links":{"self":[{"href":"https:\/\/elmundodelapolitica.com\/v1\/wp-json\/wp\/v2\/posts\/2862","targetHints":{"allow":["GET"]}}],"collection":[{"href":"https:\/\/elmundodelapolitica.com\/v1\/wp-json\/wp\/v2\/posts"}],"about":[{"href":"https:\/\/elmundodelapolitica.com\/v1\/wp-json\/wp\/v2\/types\/post"}],"author":[{"embeddable":true,"href":"https:\/\/elmundodelapolitica.com\/v1\/wp-json\/wp\/v2\/users\/2"}],"replies":[{"embeddable":true,"href":"https:\/\/elmundodelapolitica.com\/v1\/wp-json\/wp\/v2\/comments?post=2862"}],"version-history":[{"count":1,"href":"https:\/\/elmundodelapolitica.com\/v1\/wp-json\/wp\/v2\/posts\/2862\/revisions"}],"predecessor-version":[{"id":2864,"href":"https:\/\/elmundodelapolitica.com\/v1\/wp-json\/wp\/v2\/posts\/2862\/revisions\/2864"}],"wp:featuredmedia":[{"embeddable":true,"href":"https:\/\/elmundodelapolitica.com\/v1\/wp-json\/wp\/v2\/media\/2863"}],"wp:attachment":[{"href":"https:\/\/elmundodelapolitica.com\/v1\/wp-json\/wp\/v2\/media?parent=2862"}],"wp:term":[{"taxonomy":"category","embeddable":true,"href":"https:\/\/elmundodelapolitica.com\/v1\/wp-json\/wp\/v2\/categories?post=2862"},{"taxonomy":"post_tag","embeddable":true,"href":"https:\/\/elmundodelapolitica.com\/v1\/wp-json\/wp\/v2\/tags?post=2862"}],"curies":[{"name":"wp","href":"https:\/\/api.w.org\/{rel}","templated":true}]}}